{"id":141848,"date":"2021-09-27T09:09:00","date_gmt":"2021-09-27T08:09:00","guid":{"rendered":"http:\/\/www.tucomarca.com\/wordpress\/segunda\/?p=141848"},"modified":"2021-09-30T20:15:49","modified_gmt":"2021-09-30T19:15:49","slug":"el-cd-bunyol-suma-altres-tres-punts-despres-de-la-seua-victoria-enfront-del-san-antonio-de-benageber-1-0","status":"publish","type":"post","link":"https:\/\/www.tucomarca.com\/wordpress\/segunda\/ca\/el-cd-bunyol-suma-altres-tres-punts-despres-de-la-seua-victoria-enfront-del-san-antonio-de-benageber-1-0\/","title":{"rendered":"El CD Bunyol suma altres tres punts despr\u00e9s de la seua vict\u00f2ria enfront del San Antonio de Benag\u00e9ber (1-0)"},"content":{"rendered":"\n<p>El Club Esportiu Bu\u00f1ol continua presidint la classificaci\u00f3 despr\u00e9s de guanyar al Sant Antoni de Benageber CF en el Camp Beltr\u00e1n B\u00e1guena aquest diumenge a la vesprada.<\/p>\n\n\n\n<p>El gol que concedi\u00f3 la victoria a los blancos lleg\u00f3  en el minuto 64 por parte de Pozo.<\/p>\n\n\n\n<p>El equipo visitante acab\u00f3 el partido con un total de tres amonestaciones, una de las cuales supuso la expulsi\u00f3n de uno de los jugadores, mientras que el local obtuvo tan solo una a lo largo del encuentro.&nbsp;<\/p>\n\n\n\n<p>Con los tres puntos ganados este domingo, el CD Bu\u00f1ol contin\u00faa primero en la clasificaci\u00f3n, mientras que esta vez su oponente, se sit\u00faa en s\u00e9ptima posici\u00f3n.<\/p>\n","protected":false},"excerpt":{"rendered":"<div class=\"mh-excerpt\">El Club Esportiu Bu\u00f1ol continua presidint la classificaci\u00f3 despr\u00e9s de guanyar al Sant Antoni de Benageber CF en el Camp Beltr\u00e1n B\u00e1guena aquest diumenge a la vesprada. El gol que concedi\u00f3 la victoria a los <a class=\"mh-excerpt-more\" href=\"https:\/\/www.tucomarca.com\/wordpress\/segunda\/ca\/el-cd-bunyol-suma-altres-tres-punts-despres-de-la-seua-victoria-enfront-del-san-antonio-de-benageber-1-0\/\" title=\"El CD Bunyol suma altres tres punts despr\u00e9s de la seua vict\u00f2ria enfront del San Antonio de Benag\u00e9ber (1-0)\">[+] <\/a><\/div>\n","protected":false},"author":12,"featured_media":140357,"comment_status":"open","ping_status":"open","sticky":false,"template":"","format":"standard","meta":{"footnotes":""},"categories":[10911,10892,11015,11003,10912,10934,10896],"tags":[10899,11074,11547,10914],"class_list":{"0":"post-141848","1":"post","2":"type-post","3":"status-publish","4":"format-standard","5":"has-post-thumbnail","7":"category-bunol-ca","8":"category-camp-de-turia-ca","9":"category-canal-futbol","10":"category-sports","11":"category-la-hoya-ca","12":"category-san-antonio-de-benageber-ca","13":"category-seccion-ca","14":"tag-camp-de-turia-ca","15":"tag-deportes-ca","16":"tag-esport-ca","17":"tag-la-hoya-de-bunol-chiva-ca"},"_links":{"self":[{"href":"https:\/\/www.tucomarca.com\/wordpress\/segunda\/ca\/wp-json\/wp\/v2\/posts\/141848","targetHints":{"allow":["GET"]}}],"collection":[{"href":"https:\/\/www.tucomarca.com\/wordpress\/segunda\/ca\/wp-json\/wp\/v2\/posts"}],"about":[{"href":"https:\/\/www.tucomarca.com\/wordpress\/segunda\/ca\/wp-json\/wp\/v2\/types\/post"}],"author":[{"embeddable":true,"href":"https:\/\/www.tucomarca.com\/wordpress\/segunda\/ca\/wp-json\/wp\/v2\/users\/12"}],"replies":[{"embeddable":true,"href":"https:\/\/www.tucomarca.com\/wordpress\/segunda\/ca\/wp-json\/wp\/v2\/comments?post=141848"}],"version-history":[{"count":0,"href":"https:\/\/www.tucomarca.com\/wordpress\/segunda\/ca\/wp-json\/wp\/v2\/posts\/141848\/revisions"}],"wp:featuredmedia":[{"embeddable":true,"href":"https:\/\/www.tucomarca.com\/wordpress\/segunda\/ca\/wp-json\/wp\/v2\/media\/140357"}],"wp:attachment":[{"href":"https:\/\/www.tucomarca.com\/wordpress\/segunda\/ca\/wp-json\/wp\/v2\/media?parent=141848"}],"wp:term":[{"taxonomy":"category","embeddable":true,"href":"https:\/\/www.tucomarca.com\/wordpress\/segunda\/ca\/wp-json\/wp\/v2\/categories?post=141848"},{"taxonomy":"post_tag","embeddable":true,"href":"https:\/\/www.tucomarca.com\/wordpress\/segunda\/ca\/wp-json\/wp\/v2\/tags?post=141848"}],"curies":[{"name":"wp","href":"https:\/\/api.w.org\/{rel}","templated":true}]}}