{"id":141941,"date":"2021-10-02T08:16:00","date_gmt":"2021-10-02T07:16:00","guid":{"rendered":"http:\/\/www.tucomarca.com\/wordpress\/segunda\/?p=141941"},"modified":"2021-10-03T10:44:58","modified_gmt":"2021-10-03T09:44:58","slug":"esquerra-unida-de-la-ribera-celebra-la-mobilitzacio-de-la-comarca-en-els-pressupostos-participatius-de-la-generalitat","status":"publish","type":"post","link":"https:\/\/www.tucomarca.com\/wordpress\/segunda\/ca\/esquerra-unida-de-la-ribera-celebra-la-mobilitzacio-de-la-comarca-en-els-pressupostos-participatius-de-la-generalitat\/","title":{"rendered":"Esquerra Unida de la Ribera celebra la mobilitzaci\u00f3 de la comarca en els pressupostos participatius de la Generalitat"},"content":{"rendered":"\n<ul class=\"wp-block-list\"><li>La totalitat dels projectes que finalment es duran a terme en l\u2019\u00e0rea \u201ccomarques del X\u00faquer-T\u00faria\u201d s\u00f3n de la Ribera Alta i Baixa i tindran un cost aproximat de quasi cinc milions d\u2019euros.<\/li><li>Estela Ram\u00f3n, coordinadora d\u2019EU-Ribera: \u201cEs tracta de la primera experi\u00e8ncia de pressupostos participatius d\u2019una comunitat aut\u00f2noma i els col\u00b7lectius locals d\u2019EU hem sabut estar a l\u2019altura de la participaci\u00f3 que es demanava\u201d.<\/li><\/ul>\n\n\n\n<p><strong>Algemes\u00ed (02.10.21). <\/strong>Esquerra Unida de la Ribera ha elogiat el car\u00e0cter participatiu de la comarca i es congratula de la capacitat mobilitzadora dels seus col\u00b7lectius locals. La ra\u00f3 ha estat el resultat final dels primers pressupostos participatius de la Generalitat Valenciana, on els cinc projectes guanyadors de l\u2019\u00e0rea territorial \u201ccomarques del X\u00faquer-T\u00faria\u201d s\u00f3n de les comarques riberenques.<\/p>\n\n\n\n<p>Connectar els pobles de la Ribera Alta mitjan\u00e7ant un carril ciclopeatonal ha estat el projecte ciutad\u00e0 m\u00e9s votat i tindr\u00e0 un cost d&#8217;execuci\u00f3 de 1.260.000 euros. Es tracta de la fusi\u00f3 de les propostes del col\u00b7lectiu algemesinenc <em>Calauela<\/em>, del col\u00b7legi Maristes d\u2019Algemes\u00ed i de l\u2019usuari Adri\u00e0 Granero.&nbsp;<\/p>\n\n\n\n<p>Rehabilitar el Monestir de la Murta d\u2019Alzira (1.200.000 euros), recuperar l\u2019antic trinquet d\u2019Algemes\u00ed (148.000 euros), la creaci\u00f3 d\u2019un centre per a persones sense sostre a Cullera (500.000 euros) i la formaci\u00f3 i desenvolupament sostenible en agricultura i ganaderia ecol\u00f2gica en la Ribera Alta, s\u00f3n la resta dels projectes guanyadors.<\/p>\n\n\n\n<p>La titular de la Conselleria de Participaci\u00f3, Transpar\u00e8ncia, Cooperaci\u00f3 i Qualitat Democr\u00e0tica, Rosa P\u00e9rez Garijo, presentava el passat 11 de maig el projecte pilot dels primers pressupostos participatius de la Generalitat Valenciana. La tamb\u00e9 coordinadora d\u2019Esquerra Unida del Pa\u00eds Valenci\u00e0 va remarcar el paper de les comarques en la vertebraci\u00f3 territorial i els criteris econ\u00f2mics i poblacionals que aplicaren per a redistribuir els 125 milions d\u2019euros amb els quals ha comptat esta primera edici\u00f3 participativa.<\/p>\n\n\n\n<p>Estela Ram\u00f3n, coordinadora d\u2019Esquerra Unida de la Ribera, en refer\u00e8ncia a la votaci\u00f3 final, la mobilitzaci\u00f3 dels col\u00b7lectius i la participaci\u00f3 dels riberencs assegura \u201ces tracta de la primera experi\u00e8ncia de pressupostos participatius d\u2019una comunitat aut\u00f2noma i els col\u00b7lectius locals d\u2019EU hem sabut estar a l\u2019altura de la participaci\u00f3 que es demanava\u201d i recorda que \u201cels cinc projectes guanyadors demostren que quan se li pregunta a la ciutadania, esta resp\u00f3n amb bon criteri i prioritza q\u00fcestions culturals, socials i mediambientals\u201d.<\/p>\n\n\n\n<p>Ximo Rosell, responsable de medi ambient i transici\u00f3 energ\u00e8tica d\u2019Esquerra Unida d\u2019Algemes\u00ed i coautor de la proposta amb m\u00e9s vots, remarca que \u201ceste \u00e9s sols un primer pas necessari, per\u00f2 en el futur hem de ser m\u00e9s ambiciosos i ampliar esta xarxa a altres pobles de la Ribera. En Algemes\u00ed tamb\u00e9 s\u2019estan fent actuacions en esta linia per\u00f2 s\u2019ha de continuar perqu\u00e8 la nostra ciutat siga m\u00e9s amable amb la bici, m\u00e9s segura per anar pels seus carrers i millor connectada amb els pobles de la comarca\u201d.<\/p>\n\n\n\n<p>A partir d\u2019ara la Generalitat habilitar\u00e0 <a href=\"https:\/\/gvaparticipa.gva.es\/budgets\">un espai al web GVA Participa<\/a> on es podr\u00e0 fer el seguiment dels projectes i el seu estat d&#8217;execuci\u00f3.&nbsp;<\/p>\n","protected":false},"excerpt":{"rendered":"<div class=\"mh-excerpt\">La totalitat dels projectes que finalment es duran a terme en l\u2019\u00e0rea \u201ccomarques del X\u00faquer-T\u00faria\u201d s\u00f3n de la Ribera Alta i Baixa i tindran un cost aproximat de quasi cinc milions d\u2019euros. Estela Ram\u00f3n, coordinadora <a class=\"mh-excerpt-more\" href=\"https:\/\/www.tucomarca.com\/wordpress\/segunda\/ca\/esquerra-unida-de-la-ribera-celebra-la-mobilitzacio-de-la-comarca-en-els-pressupostos-participatius-de-la-generalitat\/\" title=\"Esquerra Unida de la Ribera celebra la mobilitzaci\u00f3 de la comarca en els pressupostos participatius de la Generalitat\">[+] <\/a><\/div>\n","protected":false},"author":12,"featured_media":141940,"comment_status":"open","ping_status":"open","sticky":false,"template":"","format":"standard","meta":{"footnotes":""},"categories":[10983,10889,10987,10894,10902,10947,10896],"tags":[11081],"class_list":{"0":"post-141941","1":"post","2":"type-post","3":"status-publish","4":"format-standard","5":"has-post-thumbnail","7":"category-algemesi-ca","8":"category-alzira-cat","9":"category-benifaio-ca","10":"category-la-comarca-ca","11":"category-la-ribera-ca","12":"category-politica","13":"category-seccion-ca","14":"tag-algemesi-ca"},"_links":{"self":[{"href":"https:\/\/www.tucomarca.com\/wordpress\/segunda\/ca\/wp-json\/wp\/v2\/posts\/141941","targetHints":{"allow":["GET"]}}],"collection":[{"href":"https:\/\/www.tucomarca.com\/wordpress\/segunda\/ca\/wp-json\/wp\/v2\/posts"}],"about":[{"href":"https:\/\/www.tucomarca.com\/wordpress\/segunda\/ca\/wp-json\/wp\/v2\/types\/post"}],"author":[{"embeddable":true,"href":"https:\/\/www.tucomarca.com\/wordpress\/segunda\/ca\/wp-json\/wp\/v2\/users\/12"}],"replies":[{"embeddable":true,"href":"https:\/\/www.tucomarca.com\/wordpress\/segunda\/ca\/wp-json\/wp\/v2\/comments?post=141941"}],"version-history":[{"count":0,"href":"https:\/\/www.tucomarca.com\/wordpress\/segunda\/ca\/wp-json\/wp\/v2\/posts\/141941\/revisions"}],"wp:featuredmedia":[{"embeddable":true,"href":"https:\/\/www.tucomarca.com\/wordpress\/segunda\/ca\/wp-json\/wp\/v2\/media\/141940"}],"wp:attachment":[{"href":"https:\/\/www.tucomarca.com\/wordpress\/segunda\/ca\/wp-json\/wp\/v2\/media?parent=141941"}],"wp:term":[{"taxonomy":"category","embeddable":true,"href":"https:\/\/www.tucomarca.com\/wordpress\/segunda\/ca\/wp-json\/wp\/v2\/categories?post=141941"},{"taxonomy":"post_tag","embeddable":true,"href":"https:\/\/www.tucomarca.com\/wordpress\/segunda\/ca\/wp-json\/wp\/v2\/tags?post=141941"}],"curies":[{"name":"wp","href":"https:\/\/api.w.org\/{rel}","templated":true}]}}