{"id":141987,"date":"2021-10-05T09:00:00","date_gmt":"2021-10-05T08:00:00","guid":{"rendered":"http:\/\/www.tucomarca.com\/wordpress\/segunda\/?p=141987"},"modified":"2021-10-05T09:12:52","modified_gmt":"2021-10-05T08:12:52","slug":"el-projecte-xest-llum-verda-rep-el-reconeixement-de-la-generalitat-com-a-iniciativa-pionera-per-a-un-consum-energetic-sostenible","status":"publish","type":"post","link":"https:\/\/www.tucomarca.com\/wordpress\/segunda\/ca\/el-projecte-xest-llum-verda-rep-el-reconeixement-de-la-generalitat-com-a-iniciativa-pionera-per-a-un-consum-energetic-sostenible\/","title":{"rendered":"El projecte Xest Llum Verda rep el reconeixement de la Generalitat com a iniciativa pionera per a un consum energ\u00e8tic sostenible"},"content":{"rendered":"\n<p>El teatre Liceu ha acollit la presentaci\u00f3 p\u00fablica del Projecte Cheste Luz Verde, elaborat des de la regidoria de Medi Ambient i recolzat per la Generalitat i el Ministeri de Consum, amb l&#8217;objectiu d&#8217;oferir als ve\u00efns i les ve\u00efnes de Cheste una alternativa de consum energ\u00e8tic m\u00e9s econ\u00f2mica i respectuosa amb el Medi ambient, a trav\u00e9s de la instal\u00b7laci\u00f3 de panells solars en diferents espais de la localitat.<\/p>\n\n\n\n<p>\u201cAmb aquest projecte volem aconseguir energia neta i de proximitat per a baixar el rebut de la llum a les fam\u00edlies, comer\u00e7os, empreses i al propi ajuntament, generant espais d&#8217;ombra, aprofitant al m\u00e0xim els recursos disponibles i creant noves infraestructures\u201d, explicava el regidor responsable del projecte, David Pujals. \u201cAmb aquests objectius vaig elaborar un avantprojecte recaptant dades com la necessitat de plaques solars, d&#8217;espais, de pot\u00e8ncia i d&#8217;inversi\u00f3, valorant els beneficis directes i indirectes. Busquem el suport d&#8217;experts que validaren la seua viabilitat i hem rebut el suport de les conselleries de Participaci\u00f3 i de Transici\u00f3 Ecol\u00f2gica i del Ministeri de Consum, que estan hui ac\u00ed presents. Ara tan sols queda la realitzaci\u00f3 dels tr\u00e0mits pertinents per a la creaci\u00f3 de les infraestructures necess\u00e0ries amb totes les garanties\u201d.<\/p>\n\n\n\n<p><strong>Com funcionar\u00e0 Cheste Luz Verde<\/strong><\/p>\n\n\n\n<p>Despr\u00e9s de la presentaci\u00f3 dels objectius del projecte, l&#8217;enginyer Juan Sacri, expert en transici\u00f3 energ\u00e8tica a nivell local, va ser l&#8217;encarregat de desgranar les fases i el funcionament de Cheste Luz Verde. \u201cEs tracta de posar a la disposici\u00f3 del projecte 30 espais municipals, que sumen 100.000 metres quadrats, per a poder produir l&#8217;energia capa\u00e7 de cobrir el consum de 6.000 fam\u00edlies. Es generar\u00e0 1,8 milions d&#8217;euros a l&#8217;any que repercutir\u00e0 en els ve\u00efns amb una disminuci\u00f3 d&#8217;entre un 20 i un 40 per cent del rebut de la llum. Per\u00f2 l&#8217;impacte mediambiental tamb\u00e9 \u00e9s impressionant, perqu\u00e8 suposa l&#8217;equivalent a plantar 288.000 arbres i reduir prop de 19.000 tones d&#8217;emissions de CO\u2082 \u201d, afirmava Sacri.<\/p>\n\n\n\n<p>Tal com va explicar l&#8217;expert, el seg\u00fcent pas en la posada en marxa del projecte \u00e9s elaborar un estudi t\u00e8cnic i uns plecs per a convocar un concurs p\u00fablic amb el qual adjudicar la construcci\u00f3 de les infraestructures necess\u00e0ries per a produir energia solar, una vegada que el Ple de l&#8217;Ajuntament haja aprovat la voluntat de dur-lo a terme.<\/p>\n\n\n\n<p><strong>Aliances entre administracions<\/strong><\/p>\n\n\n\n<p>Despr\u00e9s de l&#8217;exposici\u00f3, la consellera de Participaci\u00f3, Rosa P\u00e9rez Garijo, i la consellera de Transici\u00f3 Ecol\u00f2gica, Mireia Moll\u00e0, van intervindre per a tancar l&#8217;acte.<\/p>\n\n\n\n<p>\u201cCheste Luz Verde \u00e9s un projecte que t\u00e9 a veure amb l&#8217;acc\u00e9s a energies renovables, amb el consum responsable, amb la lluita contra el canvi clim\u00e0tic i amb la sostenibilitat, que s\u00f3n alguns dels objectius de desenvolupament sostenible de l&#8217;Agenda 2030 marcada per l&#8217;ONU, que estan molt presents en l&#8217;agenda del Consell i en la de molts ajuntaments valencians. L&#8217;alian\u00e7a entre administracions, societat civil i empreses privades \u00e9s necess\u00e0ria per a avan\u00e7ar en la consecuci\u00f3 d&#8217;aquests objectius; fa falta col\u00b7laboraci\u00f3 entre ajuntaments i Generalitat perqu\u00e8 iniciatives com aquesta, que pretenen fer un m\u00f3n m\u00e9s just i solidari, puguen exportar-se a altres municipis i que tots ens puguem nodrir d&#8217;elles\u201d, va apuntar Garijo.<\/p>\n\n\n\n<p>Per part seua, Moll\u00e0 tamb\u00e9 va incidir en la import\u00e0ncia de les accions municipals per a la transici\u00f3 energ\u00e8tica: \u201cCheste fa un pas avant i planteja un programa integral de transformaci\u00f3 completa en tot municipi, impulsant les energia renovables, l&#8217;autoconsum, el subministrament de proximitat, l&#8217;estalvi de recursos, la circularitat i una nova gesti\u00f3 d&#8217;espais p\u00fablics que ara haurem d&#8217;entendre d&#8217;una altra manera; la transici\u00f3 energ\u00e8tica ha de formar part del nostre dia a dia tamb\u00e9 en els nostres llocs de conviv\u00e8ncia. Aquest projecte \u00e9s una mostra del valor dels municipis com a motors en el canvi de model. Serem la primera localitat d&#8217;Espanya a tindre un projecte de transformaci\u00f3 global com aquest, encara que haurem de tindre mil m\u00e9s; per aix\u00f2 gr\u00e0cies per pensar-ho, per estudiar-lo, per planificar-lo, per fer-ho realitat i gr\u00e0cies per regalar-nos-el perqu\u00e8 nosaltres com a conselleria puguem moure&#8217;l i portar-lo a tots els racons d&#8217;aquesta comunitat\u201d.<\/p>\n\n\n\n<figure class=\"wp-block-gallery columns-3 is-cropped wp-block-gallery-1 is-layout-flex wp-block-gallery-is-layout-flex\"><ul class=\"blocks-gallery-grid\"><li class=\"blocks-gallery-item\"><figure><img loading=\"lazy\" decoding=\"async\" width=\"1024\" height=\"682\" src=\"http:\/\/www.tucomarca.com\/wordpress\/segunda\/wp-content\/uploads\/2021\/10\/ChesteLuzVerde03-1024x682.jpg\" alt=\"\" data-id=\"141978\" data-full-url=\"http:\/\/www.tucomarca.com\/wordpress\/segunda\/wp-content\/uploads\/2021\/10\/ChesteLuzVerde03.jpg\" data-link=\"http:\/\/www.tucomarca.com\/wordpress\/segunda\/?attachment_id=141978\" class=\"wp-image-141978\" srcset=\"https:\/\/www.tucomarca.com\/wordpress\/segunda\/wp-content\/uploads\/2021\/10\/ChesteLuzVerde03-1024x682.jpg 1024w, https:\/\/www.tucomarca.com\/wordpress\/segunda\/wp-content\/uploads\/2021\/10\/ChesteLuzVerde03-300x200.jpg 300w, https:\/\/www.tucomarca.com\/wordpress\/segunda\/wp-content\/uploads\/2021\/10\/ChesteLuzVerde03-768x512.jpg 768w, https:\/\/www.tucomarca.com\/wordpress\/segunda\/wp-content\/uploads\/2021\/10\/ChesteLuzVerde03.jpg 1181w\" sizes=\"auto, (max-width: 1024px) 100vw, 1024px\" \/><\/figure><\/li><li class=\"blocks-gallery-item\"><figure><img loading=\"lazy\" decoding=\"async\" width=\"1024\" height=\"682\" src=\"http:\/\/www.tucomarca.com\/wordpress\/segunda\/wp-content\/uploads\/2021\/10\/ChesteLuzVerde05-1024x682.jpg\" alt=\"\" data-id=\"141982\" data-full-url=\"http:\/\/www.tucomarca.com\/wordpress\/segunda\/wp-content\/uploads\/2021\/10\/ChesteLuzVerde05.jpg\" data-link=\"http:\/\/www.tucomarca.com\/wordpress\/segunda\/?attachment_id=141982\" class=\"wp-image-141982\" srcset=\"https:\/\/www.tucomarca.com\/wordpress\/segunda\/wp-content\/uploads\/2021\/10\/ChesteLuzVerde05-1024x682.jpg 1024w, https:\/\/www.tucomarca.com\/wordpress\/segunda\/wp-content\/uploads\/2021\/10\/ChesteLuzVerde05-300x200.jpg 300w, https:\/\/www.tucomarca.com\/wordpress\/segunda\/wp-content\/uploads\/2021\/10\/ChesteLuzVerde05-768x512.jpg 768w, https:\/\/www.tucomarca.com\/wordpress\/segunda\/wp-content\/uploads\/2021\/10\/ChesteLuzVerde05.jpg 1181w\" sizes=\"auto, (max-width: 1024px) 100vw, 1024px\" \/><\/figure><\/li><li class=\"blocks-gallery-item\"><figure><img loading=\"lazy\" decoding=\"async\" width=\"1024\" height=\"682\" src=\"http:\/\/www.tucomarca.com\/wordpress\/segunda\/wp-content\/uploads\/2021\/10\/ChesteLuzVerde04-1024x682.jpg\" alt=\"\" data-id=\"141980\" data-full-url=\"http:\/\/www.tucomarca.com\/wordpress\/segunda\/wp-content\/uploads\/2021\/10\/ChesteLuzVerde04.jpg\" data-link=\"http:\/\/www.tucomarca.com\/wordpress\/segunda\/?attachment_id=141980\" class=\"wp-image-141980\" srcset=\"https:\/\/www.tucomarca.com\/wordpress\/segunda\/wp-content\/uploads\/2021\/10\/ChesteLuzVerde04-1024x682.jpg 1024w, https:\/\/www.tucomarca.com\/wordpress\/segunda\/wp-content\/uploads\/2021\/10\/ChesteLuzVerde04-300x200.jpg 300w, https:\/\/www.tucomarca.com\/wordpress\/segunda\/wp-content\/uploads\/2021\/10\/ChesteLuzVerde04-768x512.jpg 768w, https:\/\/www.tucomarca.com\/wordpress\/segunda\/wp-content\/uploads\/2021\/10\/ChesteLuzVerde04.jpg 1181w\" sizes=\"auto, (max-width: 1024px) 100vw, 1024px\" \/><\/figure><\/li><li class=\"blocks-gallery-item\"><figure><img loading=\"lazy\" decoding=\"async\" width=\"1024\" height=\"682\" src=\"http:\/\/www.tucomarca.com\/wordpress\/segunda\/wp-content\/uploads\/2021\/10\/ChesteLuzVerde02-1024x682.jpg\" alt=\"\" data-id=\"141976\" data-full-url=\"http:\/\/www.tucomarca.com\/wordpress\/segunda\/wp-content\/uploads\/2021\/10\/ChesteLuzVerde02.jpg\" data-link=\"http:\/\/www.tucomarca.com\/wordpress\/segunda\/?attachment_id=141976\" class=\"wp-image-141976\" srcset=\"https:\/\/www.tucomarca.com\/wordpress\/segunda\/wp-content\/uploads\/2021\/10\/ChesteLuzVerde02-1024x682.jpg 1024w, https:\/\/www.tucomarca.com\/wordpress\/segunda\/wp-content\/uploads\/2021\/10\/ChesteLuzVerde02-300x200.jpg 300w, https:\/\/www.tucomarca.com\/wordpress\/segunda\/wp-content\/uploads\/2021\/10\/ChesteLuzVerde02-768x512.jpg 768w, https:\/\/www.tucomarca.com\/wordpress\/segunda\/wp-content\/uploads\/2021\/10\/ChesteLuzVerde02.jpg 1181w\" sizes=\"auto, (max-width: 1024px) 100vw, 1024px\" \/><\/figure><\/li><li class=\"blocks-gallery-item\"><figure><img loading=\"lazy\" decoding=\"async\" width=\"1024\" height=\"682\" src=\"http:\/\/www.tucomarca.com\/wordpress\/segunda\/wp-content\/uploads\/2021\/10\/ChesteLuzVerde06-1024x682.jpg\" alt=\"\" data-id=\"141984\" data-full-url=\"http:\/\/www.tucomarca.com\/wordpress\/segunda\/wp-content\/uploads\/2021\/10\/ChesteLuzVerde06.jpg\" data-link=\"http:\/\/www.tucomarca.com\/wordpress\/segunda\/?attachment_id=141984\" class=\"wp-image-141984\" srcset=\"https:\/\/www.tucomarca.com\/wordpress\/segunda\/wp-content\/uploads\/2021\/10\/ChesteLuzVerde06-1024x682.jpg 1024w, https:\/\/www.tucomarca.com\/wordpress\/segunda\/wp-content\/uploads\/2021\/10\/ChesteLuzVerde06-300x200.jpg 300w, https:\/\/www.tucomarca.com\/wordpress\/segunda\/wp-content\/uploads\/2021\/10\/ChesteLuzVerde06-768x512.jpg 768w, https:\/\/www.tucomarca.com\/wordpress\/segunda\/wp-content\/uploads\/2021\/10\/ChesteLuzVerde06.jpg 1181w\" sizes=\"auto, (max-width: 1024px) 100vw, 1024px\" \/><\/figure><\/li><\/ul><\/figure>\n","protected":false},"excerpt":{"rendered":"<div class=\"mh-excerpt\">El teatre Liceu ha acollit la presentaci\u00f3 p\u00fablica del Projecte Cheste Luz Verde, elaborat des de la regidoria de Medi Ambient i recolzat per la Generalitat i el Ministeri de Consum, amb l&#8217;objectiu d&#8217;oferir als <a class=\"mh-excerpt-more\" href=\"https:\/\/www.tucomarca.com\/wordpress\/segunda\/ca\/el-projecte-xest-llum-verda-rep-el-reconeixement-de-la-generalitat-com-a-iniciativa-pionera-per-a-un-consum-energetic-sostenible\/\" title=\"El projecte Xest Llum Verda rep el reconeixement de la Generalitat com a iniciativa pionera per a un consum energ\u00e8tic sostenible\">[+] <\/a><\/div>\n","protected":false},"author":12,"featured_media":141975,"comment_status":"open","ping_status":"open","sticky":false,"template":"","format":"gallery","meta":{"footnotes":""},"categories":[10948,10894,10912,10903,10947,10896,10974],"tags":[11071,15575,14490,10914,15576],"class_list":{"0":"post-141987","1":"post","2":"type-post","3":"status-publish","4":"format-gallery","5":"has-post-thumbnail","7":"category-infraestructuras-ca","8":"category-la-comarca-ca","9":"category-la-hoya-ca","10":"category-medio-ambiente-la-comarca-ca","11":"category-politica","12":"category-seccion-ca","13":"category-cheste-ca","14":"tag-cheste","15":"tag-cheste-luz-verde-ca","16":"tag-energias-alternativas-ca","17":"tag-la-hoya-de-bunol-chiva-ca","18":"tag-paneles-solares","19":"post_format-post-format-gallery"},"_links":{"self":[{"href":"https:\/\/www.tucomarca.com\/wordpress\/segunda\/ca\/wp-json\/wp\/v2\/posts\/141987","targetHints":{"allow":["GET"]}}],"collection":[{"href":"https:\/\/www.tucomarca.com\/wordpress\/segunda\/ca\/wp-json\/wp\/v2\/posts"}],"about":[{"href":"https:\/\/www.tucomarca.com\/wordpress\/segunda\/ca\/wp-json\/wp\/v2\/types\/post"}],"author":[{"embeddable":true,"href":"https:\/\/www.tucomarca.com\/wordpress\/segunda\/ca\/wp-json\/wp\/v2\/users\/12"}],"replies":[{"embeddable":true,"href":"https:\/\/www.tucomarca.com\/wordpress\/segunda\/ca\/wp-json\/wp\/v2\/comments?post=141987"}],"version-history":[{"count":0,"href":"https:\/\/www.tucomarca.com\/wordpress\/segunda\/ca\/wp-json\/wp\/v2\/posts\/141987\/revisions"}],"wp:featuredmedia":[{"embeddable":true,"href":"https:\/\/www.tucomarca.com\/wordpress\/segunda\/ca\/wp-json\/wp\/v2\/media\/141975"}],"wp:attachment":[{"href":"https:\/\/www.tucomarca.com\/wordpress\/segunda\/ca\/wp-json\/wp\/v2\/media?parent=141987"}],"wp:term":[{"taxonomy":"category","embeddable":true,"href":"https:\/\/www.tucomarca.com\/wordpress\/segunda\/ca\/wp-json\/wp\/v2\/categories?post=141987"},{"taxonomy":"post_tag","embeddable":true,"href":"https:\/\/www.tucomarca.com\/wordpress\/segunda\/ca\/wp-json\/wp\/v2\/tags?post=141987"}],"curies":[{"name":"wp","href":"https:\/\/api.w.org\/{rel}","templated":true}]}}