{"id":141997,"date":"2021-10-04T12:00:00","date_gmt":"2021-10-04T11:00:00","guid":{"rendered":"http:\/\/www.tucomarca.com\/wordpress\/segunda\/?p=141997"},"modified":"2021-10-05T09:07:54","modified_gmt":"2021-10-05T08:07:54","slug":"la-plataforma-salvem-farrajon-participa-en-la-protesta-en-el-centre-valencia-al-costat-daltres-plataformes-collectius-i-organitzacions-defensores-del-medi-rural","status":"publish","type":"post","link":"https:\/\/www.tucomarca.com\/wordpress\/segunda\/ca\/la-plataforma-salvem-farrajon-participa-en-la-protesta-en-el-centre-valencia-al-costat-daltres-plataformes-collectius-i-organitzacions-defensores-del-medi-rural\/","title":{"rendered":"La Plataforma Salvem Farraj\u00f3n participa en la protesta en el centre Val\u00e8ncia al costat d&#8217;altres Plataformes, col\u00b7lectius i organitzacions defensores del Medi rural"},"content":{"rendered":"\n<p>La Plataforma Salvem Farraj\u00f3n ha participat aquest cap de setmana en una protesta en el centre de Val\u00e8ncia al costat d&#8217;altres Plataformes, col\u00b7lectius i organitzacions defensores del Medi rural, realitzant una marxa i una performance amb les quals es pret\u00e9n continuar denunciant la greu situaci\u00f3 que afronten els pobles de l&#8217;interior i l&#8217;amena\u00e7a que suposa actualment per al Medi rural i els seus paratges naturals i terres agr\u00edcoles, la immensa quantitat de Macroprojectes fotovoltaics i e\u00f2lics sol\u00b7licitats i altres punts concedits que pretenen omplir els camps, muntanyes i paratges que encara sobreviuen en les zones rurals, de panells solars i gegantesques turbines e\u00f2liques sense cap mena de control ni mirament cap a la vida i les activitats que ac\u00ed es desenvolupen, buscant amb aix\u00f2 perpetuar l&#8217;actual model fraudulent, acaparador i especulatiu en mans de les grans multinacionals energ\u00e8tiques. La protesta d&#8217;aquest diumenge, al costat de la del<br>dimecres passat tamb\u00e9 a les portes de les Corts, han sigut el preludi de la gran manifestaci\u00f3 que omplir\u00e0 els carrers de Madrid dissabte que ve 16 octubre on centenars de col\u00b7lectius vinguts des de tots els racons de l&#8217;estat espanyol i aglutinats per ALIENTE (Alian\u00e7a Estatal energia i Territori) marxaran per a dir: RENOVABLES S\u00cd, PER\u00d2 NO AIX\u00cd.<\/p>\n\n\n\n<p>La performance d&#8217;ahir, realitzada amb molt d&#8217;\u00e8xit en la Pla\u00e7a de la Verge, va ser molt similar a la realitzada el dilluns passat a Bu\u00f1ol mentre se celebrava el Ple municipal i gr\u00e0cies a la qual es va aconseguir aprovar una suspensi\u00f3 de llic\u00e8ncies per a la instal\u00b7laci\u00f3 de macroparcs fotovoltaics<br>com el que es pret\u00e9n instal\u00b7lar en Farraj\u00f3n, aconseguint a trav\u00e9s de la pressi\u00f3 ve\u00efnal de totes les persones que van acudir una morat\u00f2ria d&#8217;1 any mentre s&#8217;efectuen les corresponents modificacions en les normes subsidi\u00e0ries perqu\u00e8 es regule i en el seu cas es prohibisca la<br>instal\u00b7laci\u00f3 d&#8217;aquests macroprojectes tan nocius i devastadors amb el medi ambient, l&#8217;agricultura i la biodiversitat del m\u00f3n rural. Sabem de sobres que si el poder pol\u00edtic \u2014ja siga municipal, auton\u00f2mic o estatal\u2014 no es veu espentat per la pressi\u00f3 social, no fa ni far\u00e0 res sobre aquest tema, perqu\u00e8 ha demostrat no ser capa\u00e7 de veure la magnitud del problema al qual ens enfrontem en el curt i mitj\u00e0 termini permetent per acci\u00f3 o omissi\u00f3 que aquells que ens han portat a la situaci\u00f3 clim\u00e0tica, econ\u00f2mica i energ\u00e8tica actual, dirigisquen aqueixa \u201ctransici\u00f3 energ\u00e8tica\u201d que deixa una vegada m\u00e9s f\u00f3ra a les generacions actuals i futures i al planeta en favor del seu benefici.<\/p>\n\n\n\n<p>Per aix\u00f2, la Plataforma Salvem Farraj\u00f3n i tots els col\u00b7lectius nascuts en el Medi rural de llarg a llarg de la geografia espanyola que es donaran cita a Madrid, hem de continuar lluitant fins a aconseguir revertir aquesta imprudent i perillosa tend\u00e8ncia, per una altra en la qual participe, decidisca i gaudi de manera justa, distribu\u00efda i democr\u00e0tica la societat civil. A aqueix menester, quedem totes convidades.<\/p>\n\n\n\n<p>PERQU\u00c8 EL TEU POBLE NO ACABA ON ACABEN ELS SEUS CARRERS.<\/p>\n\n\n\n<p><\/p>\n","protected":false},"excerpt":{"rendered":"<div class=\"mh-excerpt\">La Plataforma Salvem Farraj\u00f3n ha participat aquest cap de setmana en una protesta en el centre de Val\u00e8ncia al costat d&#8217;altres Plataformes, col\u00b7lectius i organitzacions defensores del Medi rural, realitzant una marxa i una performance <a class=\"mh-excerpt-more\" href=\"https:\/\/www.tucomarca.com\/wordpress\/segunda\/ca\/la-plataforma-salvem-farrajon-participa-en-la-protesta-en-el-centre-valencia-al-costat-daltres-plataformes-collectius-i-organitzacions-defensores-del-medi-rural\/\" title=\"La Plataforma Salvem Farraj\u00f3n participa en la protesta en el centre Val\u00e8ncia al costat d&#8217;altres Plataformes, col\u00b7lectius i organitzacions defensores del Medi rural\">[+] <\/a><\/div>\n","protected":false},"author":12,"featured_media":141994,"comment_status":"open","ping_status":"open","sticky":false,"template":"","format":"standard","meta":{"footnotes":""},"categories":[10911,10948,10894,10912,10903,10947,10896],"tags":[10914],"class_list":{"0":"post-141997","1":"post","2":"type-post","3":"status-publish","4":"format-standard","5":"has-post-thumbnail","7":"category-bunol-ca","8":"category-infraestructuras-ca","9":"category-la-comarca-ca","10":"category-la-hoya-ca","11":"category-medio-ambiente-la-comarca-ca","12":"category-politica","13":"category-seccion-ca","14":"tag-la-hoya-de-bunol-chiva-ca"},"_links":{"self":[{"href":"https:\/\/www.tucomarca.com\/wordpress\/segunda\/ca\/wp-json\/wp\/v2\/posts\/141997","targetHints":{"allow":["GET"]}}],"collection":[{"href":"https:\/\/www.tucomarca.com\/wordpress\/segunda\/ca\/wp-json\/wp\/v2\/posts"}],"about":[{"href":"https:\/\/www.tucomarca.com\/wordpress\/segunda\/ca\/wp-json\/wp\/v2\/types\/post"}],"author":[{"embeddable":true,"href":"https:\/\/www.tucomarca.com\/wordpress\/segunda\/ca\/wp-json\/wp\/v2\/users\/12"}],"replies":[{"embeddable":true,"href":"https:\/\/www.tucomarca.com\/wordpress\/segunda\/ca\/wp-json\/wp\/v2\/comments?post=141997"}],"version-history":[{"count":0,"href":"https:\/\/www.tucomarca.com\/wordpress\/segunda\/ca\/wp-json\/wp\/v2\/posts\/141997\/revisions"}],"wp:featuredmedia":[{"embeddable":true,"href":"https:\/\/www.tucomarca.com\/wordpress\/segunda\/ca\/wp-json\/wp\/v2\/media\/141994"}],"wp:attachment":[{"href":"https:\/\/www.tucomarca.com\/wordpress\/segunda\/ca\/wp-json\/wp\/v2\/media?parent=141997"}],"wp:term":[{"taxonomy":"category","embeddable":true,"href":"https:\/\/www.tucomarca.com\/wordpress\/segunda\/ca\/wp-json\/wp\/v2\/categories?post=141997"},{"taxonomy":"post_tag","embeddable":true,"href":"https:\/\/www.tucomarca.com\/wordpress\/segunda\/ca\/wp-json\/wp\/v2\/tags?post=141997"}],"curies":[{"name":"wp","href":"https:\/\/api.w.org\/{rel}","templated":true}]}}