{"id":142153,"date":"2021-10-06T14:00:00","date_gmt":"2021-10-06T13:00:00","guid":{"rendered":"http:\/\/www.tucomarca.com\/wordpress\/segunda\/?p=142153"},"modified":"2021-10-08T01:56:53","modified_gmt":"2021-10-08T00:56:53","slug":"el-pavello-cobert-dutiel-estrena-nova-pista","status":"publish","type":"post","link":"https:\/\/www.tucomarca.com\/wordpress\/segunda\/ca\/el-pavello-cobert-dutiel-estrena-nova-pista\/","title":{"rendered":"El Pavell\u00f3 Cobert d&#8217;Utiel estrena nova pista"},"content":{"rendered":"\n<h4 class=\"wp-block-heading\">Centenars d&#8217;usuaris gaudiran de la pr\u00e0ctica de diferents modalitats esportives en condicions \u00f2ptimes gr\u00e0cies a la instal\u00b7laci\u00f3 d&#8217;aquest nou paviment d&#8217;alt rendiment.<\/h4>\n\n\n\n<p>El Pavell\u00f3 Cobert Municipal compta ja amb una nova pista que millorar\u00e0 substancialment la pr\u00e0ctica esportiva en aquestes instal\u00b7lacions. L&#8217;Ajuntament d&#8217;Utiel ha invertit un total de 48.393,07 euros per a substituir el paviment d&#8217;aquest recinte multiesportiu en el qual centenars d&#8217;esportistes d&#8217;Utiel i de la zona practiquen di\u00e0riament diferents modalitats esportives.<br>Unes instal\u00b7lacions a les quals trauran partit els beneficiaris de les Escoles Esportives municipals, els clubs esportius locals, usuaris del centre ocupacional Mar\u00eda Rafols i enguany tamb\u00e9 s&#8217;incorporen els estudiants del grau superior d&#8217;animaci\u00f3 socioesportiva que s&#8217;ha implantat aquest curs a Utiel.<br>L&#8217;anterior paviment de cautx\u00fa estava molt deteriorat despr\u00e9s de m\u00e9s de 25 anys d&#8217;\u00fas i s&#8217;ha optat per incorporar un material eficient de PVC amb gross\u00e0ria de m\u00e9s de 8 mm certificat per a superf\u00edcies esportives d&#8217;interior amb l&#8217;aval de les Federacions de B\u00e0squet-FIBA i Handbol -IHF.<br>Amb la renovaci\u00f3 d&#8217;aquest paviment a m\u00e9s d&#8217;afavorir un major rendiment als esportistes per l&#8217;efectivitat d&#8217;aquesta mena de superf\u00edcies tamb\u00e9 ofereix altres avantatges com la major protecci\u00f3 dels jugadors enfront dels colps en les caigudes. A m\u00e9s, el material utilitzat t\u00e9 una resist\u00e8ncia especial i el cost de manteniment de la pista \u00e9s redu\u00eft.<br>Els camps s&#8217;han marcat tenint en compte les diferents modalitats esportives que podran practicar-se en el recinte: futbol sala, handbol, b\u00e0squet, voleibol i dos camps de minibasket en els quals a m\u00e9s s&#8217;incorporaran noves canastres suspeses.<\/p>\n\n\n\n<p><br><strong>Instal\u00b7lacions amb efici\u00e8ncia energ\u00e8tica<\/strong><\/p>\n\n\n\n<p><br>A m\u00e9s de la intervenci\u00f3 integral en el paviment, el Pavell\u00f3 Cobert tamb\u00e9 se sumar\u00e0 a la llista d&#8217;edificis municipals que reduiran el cost energ\u00e8tic en substituir les antigues llumin\u00e0ries per altres eficients tipus LED.<br>La nova instal\u00b7laci\u00f3 d&#8217;il\u00b7luminaci\u00f3 suposar\u00e0 un estalvi considerable en la factura de llum i facilitar\u00e0 la visi\u00f3 del joc tant als propis esportistes com als espectadors durant el desenvolupament dels partits en els quals siga necessari el seu \u00fas.<br>Aix\u00ed els esportistes amateurs i professionals, tant els usuaris de les Escoles Esportives Municipals com els integrants dels clubs esportius locals iniciaran la nova temporada 2021-2022 estrenant instal\u00b7lacions amb altes prestacions i amb un disseny especial per a facilitar una pr\u00e0ctica esportiva segura i d&#8217;alt rendiment.<\/p>\n\n\n\n<p><\/p>\n","protected":false},"excerpt":{"rendered":"<div class=\"mh-excerpt\">Centenars d&#8217;usuaris gaudiran de la pr\u00e0ctica de diferents modalitats esportives en condicions \u00f2ptimes gr\u00e0cies a la instal\u00b7laci\u00f3 d&#8217;aquest nou paviment d&#8217;alt rendiment. El Pavell\u00f3 Cobert Municipal compta ja amb una nova pista que millorar\u00e0 substancialment <a class=\"mh-excerpt-more\" href=\"https:\/\/www.tucomarca.com\/wordpress\/segunda\/ca\/el-pavello-cobert-dutiel-estrena-nova-pista\/\" title=\"El Pavell\u00f3 Cobert d&#8217;Utiel estrena nova pista\">[+] <\/a><\/div>\n","protected":false},"author":12,"featured_media":142152,"comment_status":"open","ping_status":"open","sticky":false,"template":"","format":"standard","meta":{"footnotes":""},"categories":[11003,10948,10894,11009,10909,10896,11059],"tags":[15593,11174,11459],"class_list":{"0":"post-142153","1":"post","2":"type-post","3":"status-publish","4":"format-standard","5":"has-post-thumbnail","7":"category-sports","8":"category-infraestructuras-ca","9":"category-la-comarca-ca","10":"category-polideportivo-ca","11":"category-requena-utiel-ca","12":"category-seccion-ca","13":"category-utiel-ca","14":"tag-pabellon-cubierto-ca","15":"tag-utiel-ca","16":"tag-utiel-requena-ca"},"_links":{"self":[{"href":"https:\/\/www.tucomarca.com\/wordpress\/segunda\/ca\/wp-json\/wp\/v2\/posts\/142153","targetHints":{"allow":["GET"]}}],"collection":[{"href":"https:\/\/www.tucomarca.com\/wordpress\/segunda\/ca\/wp-json\/wp\/v2\/posts"}],"about":[{"href":"https:\/\/www.tucomarca.com\/wordpress\/segunda\/ca\/wp-json\/wp\/v2\/types\/post"}],"author":[{"embeddable":true,"href":"https:\/\/www.tucomarca.com\/wordpress\/segunda\/ca\/wp-json\/wp\/v2\/users\/12"}],"replies":[{"embeddable":true,"href":"https:\/\/www.tucomarca.com\/wordpress\/segunda\/ca\/wp-json\/wp\/v2\/comments?post=142153"}],"version-history":[{"count":0,"href":"https:\/\/www.tucomarca.com\/wordpress\/segunda\/ca\/wp-json\/wp\/v2\/posts\/142153\/revisions"}],"wp:featuredmedia":[{"embeddable":true,"href":"https:\/\/www.tucomarca.com\/wordpress\/segunda\/ca\/wp-json\/wp\/v2\/media\/142152"}],"wp:attachment":[{"href":"https:\/\/www.tucomarca.com\/wordpress\/segunda\/ca\/wp-json\/wp\/v2\/media?parent=142153"}],"wp:term":[{"taxonomy":"category","embeddable":true,"href":"https:\/\/www.tucomarca.com\/wordpress\/segunda\/ca\/wp-json\/wp\/v2\/categories?post=142153"},{"taxonomy":"post_tag","embeddable":true,"href":"https:\/\/www.tucomarca.com\/wordpress\/segunda\/ca\/wp-json\/wp\/v2\/tags?post=142153"}],"curies":[{"name":"wp","href":"https:\/\/api.w.org\/{rel}","templated":true}]}}