{"id":142720,"date":"2021-10-15T07:21:00","date_gmt":"2021-10-15T06:21:00","guid":{"rendered":"http:\/\/www.tucomarca.com\/wordpress\/segunda\/?p=142720"},"modified":"2021-10-16T09:22:16","modified_gmt":"2021-10-16T08:22:16","slug":"opinio-fosnuten-reforzado-per-joseh-larrazabal","status":"publish","type":"post","link":"https:\/\/www.tucomarca.com\/wordpress\/segunda\/ca\/opinio-fosnuten-reforzado-per-joseh-larrazabal\/","title":{"rendered":"Opini\u00f3: &#8220;Fosnuten Reforzado&#8221;, per J\u00f3seh Larraz\u00e1bal"},"content":{"rendered":"\n<figure class=\"wp-block-image size-large is-resized\"><img loading=\"lazy\" decoding=\"async\" src=\"http:\/\/www.tucomarca.com\/wordpress\/segunda\/wp-content\/uploads\/2021\/07\/JoseLarrazabal-1024x1024.jpg\" alt=\"\" class=\"wp-image-136627\" width=\"192\" height=\"192\" srcset=\"https:\/\/www.tucomarca.com\/wordpress\/segunda\/wp-content\/uploads\/2021\/07\/JoseLarrazabal-1024x1024.jpg 1024w, https:\/\/www.tucomarca.com\/wordpress\/segunda\/wp-content\/uploads\/2021\/07\/JoseLarrazabal-300x300.jpg 300w, https:\/\/www.tucomarca.com\/wordpress\/segunda\/wp-content\/uploads\/2021\/07\/JoseLarrazabal-290x290.jpg 290w, https:\/\/www.tucomarca.com\/wordpress\/segunda\/wp-content\/uploads\/2021\/07\/JoseLarrazabal-768x768.jpg 768w, https:\/\/www.tucomarca.com\/wordpress\/segunda\/wp-content\/uploads\/2021\/07\/JoseLarrazabal.jpg 1086w\" sizes=\"auto, (max-width: 192px) 100vw, 192px\" \/><\/figure>\n\n\n\n<p>Este producto, que contiene f\u00f3sforo, era anunciado hace muchos a\u00f1os como remedio para aquellos que ten\u00edan problemas de memoria.<\/p>\n\n\n\n<p>Luego iremos con eso.<\/p>\n\n\n\n<p>D\u00e9jenme recordarles que me importa muy poco lo que haga o deje de hacer LIM en el Valencia CF, tanto a nivel deportivo como en otros asuntos, l\u00e9ase el nuevo estadio. A mi lo \u00fanico que me importa es que Merit\u00f3n desaparezca de aqu\u00ed.<\/p>\n\n\n\n<p>Por otro lado no creo que est\u00e9 en la mente de Lim gastar 1 euro en acabar el NOU MESTALLA, a no ser que le regalen el dinero.Y ese es el peligro de los fondeos de CVC.<\/p>\n\n\n\n<p>Miren no s\u00e9 cu\u00e1nto lleva gastado el vcf en ello ni s\u00e9 cu\u00e1nto falta por pagar en caso de que se acabe alg\u00fan d\u00eda, no ser\u00e1 Lim.<\/p>\n\n\n\n<p>Pero me temo que si los fondos de CVC, por cierto impugnados por Bar\u00e7a, Athletic club y Madrid, dej\u00e1ran unos 100 m de euros en las arcas del Valencia de Lim no iba a ser ni mucho menos suficiente para acabar las obras del nuevo campo a no ser que Lim haga otra m\u00e1s de sus chapuzas, goteras incluidas.<\/p>\n\n\n\n<p>Miren de esos fondos, pongamos 100 m, para redondear, el 15% van para reducir deuda, otro 15% para fichar jugadores, y el 70 % restante para obras e infraestructuras.<\/p>\n\n\n\n<p>Ser\u00edan unos 70 millones los que podr\u00eda dedicar Lim a las obras del nuevo estadio.<\/p>\n\n\n\n<p>Lim no va a gastar un duro en ello pues no estar\u00e1, opino, m\u00e1s de 10 a\u00f1os en el vcf.<\/p>\n\n\n\n<p>Adem\u00e1s el d\u00eda que Lim desaparezca, ya es una persona entrada en a\u00f1os, sus sucesores, hijos supongo, vender\u00e1n el vcf. No lo quieren para nada.<\/p>\n\n\n\n<p>Si Lim tuviera alg\u00fan proyecto de futuro en el Valencia ya hubiera reanudado las obras hace tiempo para empezar a sacar rendimiento al estadio lo antes posible. No lo tiene.<\/p>\n\n\n\n<p>Ni lo ha hecho ni lo har\u00e1, al menos eso parece indicar su gesti\u00f3n en un Valencia, cada vez m\u00e1s abandonado por su propietario que no muestra ning\u00fan inter\u00e9s deportivo, econ\u00f3mico ni sentimental por su empresa, el vcf.<\/p>\n\n\n\n<p>Si el Barcelona presupuesta 1.500 millones para construir su nuevo &#8220;Espai Bar\u00e7a,&#8221; remodelar su campo y entorno. Si Florentino presupuesta su nueva remodelaci\u00f3n del Bernab\u00e9u en 750 m de euros, terminan las obras&nbsp; en Diciembre del 2022. Y si el Atco de Madrid (Wanda) se ha gastado otro tanto en su nuevo &#8220;Wanda Metropolitano&#8221;&#8230;<\/p>\n\n\n\n<p>\u00bfMe quieren explicar hasta donde le llegar\u00eda a Lim con 70 m para reanudar las obras del Nou Mestalla, por cierto paradas desde m\u00e1s de una d\u00e9cada?.<\/p>\n\n\n\n<p>Ni lo acaba ni lo acabar\u00e1.<\/p>\n\n\n\n<p>FOSNUTEN REFORZADO.<\/p>\n\n\n\n<p>Con todos mis respetos no creo que Bordal\u00e1s sea el t\u00e9cnico adecuado para un Valencia con aspiraciones.<\/p>\n\n\n\n<p>Si la cosa iba de contratar a un entrenador para dirigir a un Valencia rampl\u00f3n y brusco, que no pase apuros para mantener la categor\u00eda y permanezca pl\u00e1cidamente en mitad de tabla lo podr\u00eda entender, pero solo en ese caso.<\/p>\n\n\n\n<p>Miren el VCF, que no el VCL (Valencia club de de Lim) no tiene &#8220;Pers\u00e9&#8221; que amoldarse al juego de Bordal\u00e1s, un entrenador que viene de dirigir, muy bien por cierto, al Getafe, un equipo que jugaba a lo que jugaba y ten\u00eda los objetivos que ten\u00eda. Ni tiene, el VCF, por qu\u00e9 tener ese ADN que muchos pretenden poner de moda para que Bordal\u00e1s y el VCL conecten como enchufe a clavija.<\/p>\n\n\n\n<p>Se acuerdan de Ben\u00edtez, Gus Hidding, Luis Aragon\u00e9s&#8230;?&nbsp;<\/p>\n\n\n\n<p>Se acuerdan de Kempes, Villa, Silva, Ayala, Sol, Claramunt&#8230;, Creo que alguna vez jugaron en el Vcf. Reflexionen y comparen VCF con VCL.<\/p>\n\n\n\n<p>Y lo del FOSNUTEN, \u00bfse acuerdan de que el VCL lleva 4 partidos sin ganar, de que va el 8\u00bacon los mismos puntos que el 10\u00ba, a 1 punto del 12\u00ba y que el domingo jugamos contra el Bar\u00e7a?<\/p>\n\n\n\n<p>\u00bfLes parece bien que nos olvidemos de los 4 primeros partidos ante colistas y nos centremos en volver a ganar?<\/p>\n\n\n\n<p>FOSNUTEN REFORZADO.<\/p>\n\n\n\n<p>AMUNT SEMPRE !!<\/p>\n","protected":false},"excerpt":{"rendered":"<div class=\"mh-excerpt\">Este producto, que contiene f\u00f3sforo, era anunciado hace muchos a\u00f1os como remedio para aquellos que ten\u00edan problemas de memoria. Luego iremos con eso. D\u00e9jenme recordarles que me importa muy poco lo que haga o deje <a class=\"mh-excerpt-more\" href=\"https:\/\/www.tucomarca.com\/wordpress\/segunda\/ca\/opinio-fosnuten-reforzado-per-joseh-larrazabal\/\" title=\"Opini\u00f3: &#8220;Fosnuten Reforzado&#8221;, per J\u00f3seh Larraz\u00e1bal\">[+] <\/a><\/div>\n","protected":false},"author":1,"featured_media":136628,"comment_status":"open","ping_status":"open","sticky":false,"template":"","format":"standard","meta":{"footnotes":""},"categories":[10911,11015,11014,11003,10904,10912,10896],"tags":[11074,11264,12606],"class_list":{"0":"post-142720","1":"post","2":"type-post","3":"status-publish","4":"format-standard","5":"has-post-thumbnail","7":"category-bunol-ca","8":"category-canal-futbol","9":"category-canal-valencia-cf-ca","10":"category-sports","11":"category-sin-categorizar-ca","12":"category-la-hoya-ca","13":"category-seccion-ca","14":"tag-deportes-ca","15":"tag-esports-ca","16":"tag-valencia-cf-ca"},"_links":{"self":[{"href":"https:\/\/www.tucomarca.com\/wordpress\/segunda\/ca\/wp-json\/wp\/v2\/posts\/142720","targetHints":{"allow":["GET"]}}],"collection":[{"href":"https:\/\/www.tucomarca.com\/wordpress\/segunda\/ca\/wp-json\/wp\/v2\/posts"}],"about":[{"href":"https:\/\/www.tucomarca.com\/wordpress\/segunda\/ca\/wp-json\/wp\/v2\/types\/post"}],"author":[{"embeddable":true,"href":"https:\/\/www.tucomarca.com\/wordpress\/segunda\/ca\/wp-json\/wp\/v2\/users\/1"}],"replies":[{"embeddable":true,"href":"https:\/\/www.tucomarca.com\/wordpress\/segunda\/ca\/wp-json\/wp\/v2\/comments?post=142720"}],"version-history":[{"count":0,"href":"https:\/\/www.tucomarca.com\/wordpress\/segunda\/ca\/wp-json\/wp\/v2\/posts\/142720\/revisions"}],"wp:featuredmedia":[{"embeddable":true,"href":"https:\/\/www.tucomarca.com\/wordpress\/segunda\/ca\/wp-json\/wp\/v2\/media\/136628"}],"wp:attachment":[{"href":"https:\/\/www.tucomarca.com\/wordpress\/segunda\/ca\/wp-json\/wp\/v2\/media?parent=142720"}],"wp:term":[{"taxonomy":"category","embeddable":true,"href":"https:\/\/www.tucomarca.com\/wordpress\/segunda\/ca\/wp-json\/wp\/v2\/categories?post=142720"},{"taxonomy":"post_tag","embeddable":true,"href":"https:\/\/www.tucomarca.com\/wordpress\/segunda\/ca\/wp-json\/wp\/v2\/tags?post=142720"}],"curies":[{"name":"wp","href":"https:\/\/api.w.org\/{rel}","templated":true}]}}