{"id":142959,"date":"2021-10-21T08:00:00","date_gmt":"2021-10-21T07:00:00","guid":{"rendered":"http:\/\/www.tucomarca.com\/wordpress\/segunda\/?p=142959"},"modified":"2021-10-21T08:46:07","modified_gmt":"2021-10-21T07:46:07","slug":"la-piscina-i-el-gimnas-de-vilamarxant-amplien-els-seus-horaris-i-obriran-a-la-ciutadania-de-7-a-22-hores-de-manera-ininterrompuda","status":"publish","type":"post","link":"https:\/\/www.tucomarca.com\/wordpress\/segunda\/ca\/la-piscina-i-el-gimnas-de-vilamarxant-amplien-els-seus-horaris-i-obriran-a-la-ciutadania-de-7-a-22-hores-de-manera-ininterrompuda\/","title":{"rendered":"La piscina i el gimn\u00e0s de Vilamarxant amplien els seus horaris i obriran a la ciutadania de 7 a 22 hores de manera ininterrompuda"},"content":{"rendered":"\n<p>L&#8217;Ajuntament de Vilamarxant, a trav\u00e9s de la regidoria d&#8217;Esports, ha ampliat els horaris tant de la piscina com del gimn\u00e0s perqu\u00e8 la ciutadania puga fer \u00fas de les dos instal\u00b7lacions de manera ininterrompuda des de les 7 del mat\u00ed fins a les 22 hores. D&#8217;esta manera, les persones usu\u00e0ries disfrutaran de l&#8217;esport en un horari m\u00e9s ampli.<\/p>\n\n\n\n<p>L&#8217;\u00e0rea dirigida per Gabriel Castellano ha decidit ampliar l&#8217;horari perqu\u00e8 les persones amb obligacions laborals puguen conciliar els seus horaris i acudir a practicar esport a la piscina o al gimn\u00e0s de Vilamarxant, ja siga a primera hora, al migdia o per les vesprades.<\/p>\n\n\n\n<p>\u201cVolem que els nostres usuaris aprofiten tota la franja hor\u00e0ria entre les 7 i les 22 hores per a disfrutar dels banys en la piscina municipal o del gimn\u00e0s. Sabem que moltes persones aprofiten el migdia, durant el descans per a menjar en els seus treballs, per a practicar esport i hem volgut donar resposta a estes peticions\u201d, ha assenyalat el regidor d&#8217;Esports.<\/p>\n\n\n\n<p>Aix\u00ed mateix, Castellano ha explicat que l&#8217;objectiu de l&#8217;Ajuntament \u00e9s \u201coferir el millor servei per a tota la ciutadania i ajustar-nos a les seues necessitats\u201d. \u201cSom un govern obert a la gent que fa \u00fas de les nostres instal\u00b7lacions i, per aix\u00f2, busquem les millors solucions per a traure el major rendiment als nostres serveis\u201d, ha acabat el regidor.<\/p>\n\n\n\n<p><\/p>\n","protected":false},"excerpt":{"rendered":"<div class=\"mh-excerpt\">L&#8217;Ajuntament de Vilamarxant, a trav\u00e9s de la regidoria d&#8217;Esports, ha ampliat els horaris tant de la piscina com del gimn\u00e0s perqu\u00e8 la ciutadania puga fer \u00fas de les dos instal\u00b7lacions de manera ininterrompuda des de <a class=\"mh-excerpt-more\" href=\"https:\/\/www.tucomarca.com\/wordpress\/segunda\/ca\/la-piscina-i-el-gimnas-de-vilamarxant-amplien-els-seus-horaris-i-obriran-a-la-ciutadania-de-7-a-22-hores-de-manera-ininterrompuda\/\" title=\"La piscina i el gimn\u00e0s de Vilamarxant amplien els seus horaris i obriran a la ciutadania de 7 a 22 hores de manera ininterrompuda\">[+] <\/a><\/div>\n","protected":false},"author":12,"featured_media":142958,"comment_status":"open","ping_status":"open","sticky":false,"template":"","format":"standard","meta":{"footnotes":""},"categories":[10892,10948,10894,10947,10896,10927],"tags":[10899,15687,11090],"class_list":{"0":"post-142959","1":"post","2":"type-post","3":"status-publish","4":"format-standard","5":"has-post-thumbnail","7":"category-camp-de-turia-ca","8":"category-infraestructuras-ca","9":"category-la-comarca-ca","10":"category-politica","11":"category-seccion-ca","12":"category-vilamarxant-ca","13":"tag-camp-de-turia-ca","14":"tag-piscina-y-gimnasio-ca","15":"tag-vilamarxant-ca"},"_links":{"self":[{"href":"https:\/\/www.tucomarca.com\/wordpress\/segunda\/ca\/wp-json\/wp\/v2\/posts\/142959","targetHints":{"allow":["GET"]}}],"collection":[{"href":"https:\/\/www.tucomarca.com\/wordpress\/segunda\/ca\/wp-json\/wp\/v2\/posts"}],"about":[{"href":"https:\/\/www.tucomarca.com\/wordpress\/segunda\/ca\/wp-json\/wp\/v2\/types\/post"}],"author":[{"embeddable":true,"href":"https:\/\/www.tucomarca.com\/wordpress\/segunda\/ca\/wp-json\/wp\/v2\/users\/12"}],"replies":[{"embeddable":true,"href":"https:\/\/www.tucomarca.com\/wordpress\/segunda\/ca\/wp-json\/wp\/v2\/comments?post=142959"}],"version-history":[{"count":0,"href":"https:\/\/www.tucomarca.com\/wordpress\/segunda\/ca\/wp-json\/wp\/v2\/posts\/142959\/revisions"}],"wp:featuredmedia":[{"embeddable":true,"href":"https:\/\/www.tucomarca.com\/wordpress\/segunda\/ca\/wp-json\/wp\/v2\/media\/142958"}],"wp:attachment":[{"href":"https:\/\/www.tucomarca.com\/wordpress\/segunda\/ca\/wp-json\/wp\/v2\/media?parent=142959"}],"wp:term":[{"taxonomy":"category","embeddable":true,"href":"https:\/\/www.tucomarca.com\/wordpress\/segunda\/ca\/wp-json\/wp\/v2\/categories?post=142959"},{"taxonomy":"post_tag","embeddable":true,"href":"https:\/\/www.tucomarca.com\/wordpress\/segunda\/ca\/wp-json\/wp\/v2\/tags?post=142959"}],"curies":[{"name":"wp","href":"https:\/\/api.w.org\/{rel}","templated":true}]}}