{"id":143150,"date":"2021-10-27T00:01:00","date_gmt":"2021-10-26T23:01:00","guid":{"rendered":"http:\/\/www.tucomarca.com\/wordpress\/segunda\/?p=143150"},"modified":"2021-10-27T19:59:03","modified_gmt":"2021-10-27T18:59:03","slug":"on-toca-estar-una-iniciativa-collaborativa-que-esta-al-costat-de-les-persones-que-mes-ho-necessiten","status":"publish","type":"post","link":"https:\/\/www.tucomarca.com\/wordpress\/segunda\/ca\/on-toca-estar-una-iniciativa-collaborativa-que-esta-al-costat-de-les-persones-que-mes-ho-necessiten\/","title":{"rendered":"\u201cOn toca estar\u201d, una iniciativa col\u00b7laborativa que est\u00e0 al costat de les persones que m\u00e9s ho necessiten"},"content":{"rendered":"\n<h4 class=\"wp-block-heading\">La cooperativa Caixa Popular impulsa la proposta juntament amb entitats que ofereixen suport a persones vulnerables o en risc d\u2019exclusi\u00f3 social<\/h4>\n\n\n\n<p>Caixa Popular impulsa la iniciativa <a href=\"https:\/\/www.caixapopular.es\/es\/land\/on-toca-estar\">\u201cOn toca estar\u201d<\/a>, una proposta que t\u00e9 com a objectiu <strong>cooperar i estar al costat de les persones que m\u00e9s ho necessiten<\/strong>, i donar suport a aquelles organitzacions que ajuden a la gent m\u00e9s vulnerable. L\u2019entitat sempre ha estat al costat dels m\u00e9s desfavorits, per\u00f2, tal com afirmen \u201cara cal fer-ho amb m\u00e9s motius que mai\u201d.&nbsp;<\/p>\n\n\n\n<p>La cooperativa afirma que han nascut i crescut amb una sola idea: <strong>cooperar<\/strong>. En conseq\u00fc\u00e8ncia, segueixen actuant segons els seus valors: \u201cescoltant converses, involucrant-nos i aportant en la mesura que podem, especialment als sectors m\u00e9s necessitats i donant suport a grans projectes\u201d. A continuaci\u00f3 us presentem algunes de les veus que posen cara i ulls a les accions solid\u00e0ries de l\u2019entitat.\u00a0<\/p>\n\n\n\n<p>La Juana Aparicio, m\u00e9s coneguda pels amics com \u201cJuani\u201d, forma part del <strong>Grup Esperan\u00e7a de <\/strong><a href=\"https:\/\/www.caritasvalencia.org\/\"><strong>C\u00e0ritas<\/strong><\/a>, i afirma que pert\u00e0nyer a aquesta entitat, recolzada per Caixa Popular des de 1993, ha millorat la seva qualitat de vida despr\u00e9s d\u2019una situaci\u00f3 complicada. \u201cDurant la meva vellesa vull estar tranquil\u00b7la, i treure profit de la vida, crec que m\u2019ho mereixo. M\u2019han donat l\u2019oportunitat i m\u2019hi aferrar\u00e9\u201d.<\/p>\n\n\n\n<figure class=\"wp-block-embed is-type-video is-provider-youtube wp-block-embed-youtube wp-embed-aspect-16-9 wp-has-aspect-ratio\"><div class=\"wp-block-embed__wrapper\">\n<iframe loading=\"lazy\" title=\"Caixa Popular, On toca Estar - Juana Aparicio \u201cJuani\u201d - Grup Esperan\u00e7a de C\u00e1ritas.\" width=\"500\" height=\"281\" src=\"https:\/\/www.youtube.com\/embed\/2vKS-oApdZk?feature=oembed\" frameborder=\"0\" allow=\"accelerometer; autoplay; clipboard-write; encrypted-media; gyroscope; picture-in-picture; web-share\" referrerpolicy=\"strict-origin-when-cross-origin\" allowfullscreen><\/iframe>\n<\/div><\/figure>\n\n\n\n<p><strong>Formaci\u00f3 i llocs de feina pels m\u00e9s vulnerables<\/strong><\/p>\n\n\n\n<p>D\u2019altra banda, la Yolanda Ram\u00f3n, \u00e9s actualment propiet\u00e0ria d\u2019una botiga al pes. Ella va patir una situaci\u00f3 complicada en l\u2019\u00e0mbit personal i finalment va decidir tornar a emprendre amb aquest petit projecte. \u201cNo tens cap feina, est\u00e0s pagant una casa, tens dos fills i no entren diners. El <a href=\"https:\/\/www.novaterra.org.es\/dona-empren\/\"><strong>Projecte Dona Empr\u00e8n de la Fundaci\u00f3 Novaterra<\/strong><\/a> ajuda molt per a poder aconseguir un pr\u00e9stec\u201d.<\/p>\n\n\n\n<figure class=\"wp-block-embed is-type-video is-provider-youtube wp-block-embed-youtube wp-embed-aspect-16-9 wp-has-aspect-ratio\"><div class=\"wp-block-embed__wrapper\">\n<iframe loading=\"lazy\" title=\"Caixa Popular - On Toca Estar - Yolanda Ram\u00f3n - Ama de la Botiga al Pes, Alaqu\u00e0s\" width=\"500\" height=\"281\" src=\"https:\/\/www.youtube.com\/embed\/kJbdy2OLejQ?feature=oembed\" frameborder=\"0\" allow=\"accelerometer; autoplay; clipboard-write; encrypted-media; gyroscope; picture-in-picture; web-share\" referrerpolicy=\"strict-origin-when-cross-origin\" allowfullscreen><\/iframe>\n<\/div><\/figure>\n\n\n\n<p>La cooperativa mant\u00e9 la seva col\u00b7laboraci\u00f3 amb la <a href=\"https:\/\/www.novaterra.org.es\">Fundaci\u00f3 Novaterra<\/a> des de l\u2019any 2013, i gr\u00e0cies a aix\u00f2, en aquest temps, m\u00e9s de 1.200 persones en risc d\u2019exclusi\u00f3 social han aconseguit incorporar-se al mercat laboral. A trav\u00e9s d\u2019aquesta col\u00b7laboraci\u00f3 es <a href=\"https:\/\/www.caixapopular.es\/es\/convenio-novaterra\"><strong>fomenta la formaci\u00f3 i llocs de feina de les persones<\/strong><\/a>, especialment, les m\u00e9s vulnerables. &nbsp;<\/p>\n\n\n\n<p><strong>Igualtat de g\u00e8nere<\/strong><\/p>\n\n\n\n<p>Enguany, Caixa Popular tamb\u00e9 ha posat en marxa el programa <strong>\u201cAjudes a la Igualtat\u201d<\/strong> una convocat\u00f2ria d\u2019ajudes per a la realitzaci\u00f3 de projectes d\u2019igualtat de g\u00e8nere. <a href=\"https:\/\/www.caixapopular.es\/es\/testimonio-sara-dasyc\">Sara Mart\u00ednez<\/a> de la <a href=\"https:\/\/fundaciondasyc.org\/juntas\/\"><strong>Fundaci\u00f3 DASYC\/Programa Juntas+<\/strong><\/a><strong>,<\/strong> la qual ofereix suport a persones en risc d\u2019exclusi\u00f3 social, ens explica com el programa els hi ha donat l\u2019oportunitat de \u201cpoder continuar sent presencials despr\u00e9s de la pand\u00e8mia\u201d.&nbsp;<\/p>\n\n\n\n<p>Viviana Lorenzo ens explica el seu testimoni com a receptora d\u2019ajudes de la Fundaci\u00f3 DASYC<\/p>\n\n\n\n<p>Una altra receptora d\u2019ajudes d\u2019aquest programa ha estat la <a href=\"https:\/\/www.caixapopular.es\/es\/testimonio-viviana-lorenzo\">Viviana Lorenzo<\/a>, \u201cmai m\u2019havia imaginat l\u2019ajuda que <a href=\"https:\/\/fundaciondasyc.org\/\">DASYC<\/a> m\u2019ha donat. Quan vaig veure que no podia assumir el cost del material dels meus fills, vaig recordar que una vegada em van dir que ells m\u2019ajudarien i els vaig trucar. <strong>La resposta va ser immediata<\/strong>. Em van dir \u201cvine\u201d i tenia tot el material per ells\u201d.&nbsp;<\/p>\n\n\n\n<p><strong>Una alternativa fidel als teus valors<\/strong><\/p>\n\n\n\n<p>La cooperativa de cr\u00e8dit tamb\u00e9 est\u00e0 fortament compromesa amb el <strong>cooperativisme, la proximitat al client i estar sempre all\u00e0<\/strong>. Aix\u00ed ho explica <a href=\"https:\/\/www.caixapopular.es\/es\/testimonio-victor-ballester\">V\u00edctor Ballester<\/a>, fundador de Cedar\u2019s Bread \u2013 amb les facilitats de l\u2019entitat -, el qual afirma que durant tots aquests anys ha anat de la m\u00e0 de Caixa Popular. O <a href=\"https:\/\/www.caixapopular.es\/es\/testimonio-jose-antonio\">Jos\u00e9 Antonio<\/a>, client que remarca \u201cvaloro enormement la proximitat i que un banc sigui capa\u00e7 d\u2019entendre\u2019t i donar la cara per tu quan tens un problema\u201d.&nbsp;<\/p>\n\n\n\n<p>V\u00edctor Ballester, fundador de Cedar\u2019s Bread, ens explica el seu testimoni com a client de Caixa Popular<\/p>\n\n\n\n<p>Aquestes nom\u00e9s s\u00f3n algunes de les hist\u00f2ries i projectes, en les quals Caixa Popular ha donat la seva ajuda i suport, mantenint-se fidel al seu lema \u201cno estem als grans f\u00f2rums internacionals, ni prenem decisions que canvien el m\u00f3n. <strong>Per\u00f2 estem on volem estar i \u201cOn toca estar\u201d<\/strong>.&nbsp;<\/p>\n","protected":false},"excerpt":{"rendered":"<div class=\"mh-excerpt\">La cooperativa Caixa Popular impulsa la proposta juntament amb entitats que ofereixen suport a persones vulnerables o en risc d\u2019exclusi\u00f3 social Caixa Popular impulsa la iniciativa \u201cOn toca estar\u201d, una proposta que t\u00e9 com a <a class=\"mh-excerpt-more\" href=\"https:\/\/www.tucomarca.com\/wordpress\/segunda\/ca\/on-toca-estar-una-iniciativa-collaborativa-que-esta-al-costat-de-les-persones-que-mes-ho-necessiten\/\" title=\"\u201cOn toca estar\u201d, una iniciativa col\u00b7laborativa que est\u00e0 al costat de les persones que m\u00e9s ho necessiten\">[+] <\/a><\/div>\n","protected":false},"author":12,"featured_media":143149,"comment_status":"open","ping_status":"open","sticky":false,"template":"","format":"standard","meta":{"footnotes":""},"categories":[10894,10904,10896],"tags":[15711,15712,15713],"class_list":{"0":"post-143150","1":"post","2":"type-post","3":"status-publish","4":"format-standard","5":"has-post-thumbnail","7":"category-la-comarca-ca","8":"category-sin-categorizar-ca","9":"category-seccion-ca","10":"tag-caixa-popular-ca","11":"tag-iniciativa-collaborativa-ca","12":"tag-persones-vulnerables-ca"},"_links":{"self":[{"href":"https:\/\/www.tucomarca.com\/wordpress\/segunda\/ca\/wp-json\/wp\/v2\/posts\/143150","targetHints":{"allow":["GET"]}}],"collection":[{"href":"https:\/\/www.tucomarca.com\/wordpress\/segunda\/ca\/wp-json\/wp\/v2\/posts"}],"about":[{"href":"https:\/\/www.tucomarca.com\/wordpress\/segunda\/ca\/wp-json\/wp\/v2\/types\/post"}],"author":[{"embeddable":true,"href":"https:\/\/www.tucomarca.com\/wordpress\/segunda\/ca\/wp-json\/wp\/v2\/users\/12"}],"replies":[{"embeddable":true,"href":"https:\/\/www.tucomarca.com\/wordpress\/segunda\/ca\/wp-json\/wp\/v2\/comments?post=143150"}],"version-history":[{"count":0,"href":"https:\/\/www.tucomarca.com\/wordpress\/segunda\/ca\/wp-json\/wp\/v2\/posts\/143150\/revisions"}],"wp:featuredmedia":[{"embeddable":true,"href":"https:\/\/www.tucomarca.com\/wordpress\/segunda\/ca\/wp-json\/wp\/v2\/media\/143149"}],"wp:attachment":[{"href":"https:\/\/www.tucomarca.com\/wordpress\/segunda\/ca\/wp-json\/wp\/v2\/media?parent=143150"}],"wp:term":[{"taxonomy":"category","embeddable":true,"href":"https:\/\/www.tucomarca.com\/wordpress\/segunda\/ca\/wp-json\/wp\/v2\/categories?post=143150"},{"taxonomy":"post_tag","embeddable":true,"href":"https:\/\/www.tucomarca.com\/wordpress\/segunda\/ca\/wp-json\/wp\/v2\/tags?post=143150"}],"curies":[{"name":"wp","href":"https:\/\/api.w.org\/{rel}","templated":true}]}}