{"id":143176,"date":"2021-10-26T20:00:00","date_gmt":"2021-10-26T19:00:00","guid":{"rendered":"http:\/\/www.tucomarca.com\/wordpress\/segunda\/?p=143176"},"modified":"2021-10-27T19:41:55","modified_gmt":"2021-10-27T18:41:55","slug":"sanitat-notifica-185-nous-casos-de-coronavirus-cinc-defuncions-i-183-altes-en-la-comunitat-valenciana","status":"publish","type":"post","link":"https:\/\/www.tucomarca.com\/wordpress\/segunda\/ca\/sanitat-notifica-185-nous-casos-de-coronavirus-cinc-defuncions-i-183-altes-en-la-comunitat-valenciana\/","title":{"rendered":"Sanitat notifica 185 nous casos de coronavirus, cinc defuncions i 183 altes en la Comunitat Valenciana"},"content":{"rendered":"\n<h4 class=\"wp-block-heading\">Per prov\u00edncies: 55 s&#8217;han comptabilitzat a Castell\u00f3, 70 a Alacant i 60 a Val\u00e8ncia&nbsp;<\/h4>\n\n\n\n<h4 class=\"wp-block-heading\">Els hospitals valencians tenen 182 persones ingressades i 49 d&#8217;elles estan en l&#8217;UCI<\/h4>\n\n\n\n<p>La Conselleria de Sanitat Universal i Salut P\u00fablica ha notificat 185 nous casos de coronavirus confirmats per prova PCR o a trav\u00e9s de test d&#8217;ant\u00edgens. Amb aquesta actualitzaci\u00f3, la xifra total de positius se situa en 514.187 persones. Els nous casos registrats per prov\u00edncies s\u00f3n 55 a Castell\u00f3 (54.144 en total); 70 a Alacant (188.618) i 60 a Val\u00e8ncia (271.424). La xifra de casos no assignats es mant\u00e9 en 1.<\/p>\n\n\n\n<p>D&#8217;altra banda, s&#8217;han registrat 183 altes a pacients amb coronavirus. D&#8217;aquesta manera, el nombre de persones que han superat la malaltia des que va comen\u00e7ar la pand\u00e8mia en la Comunitat Valenciana ascendeix a 515.308. Per prov\u00edncies, les altes es distribueixen aix\u00ed: 54.127 a Castell\u00f3, 188.464 a Alacant i 272.661 a Val\u00e8ncia. El total d&#8217;altes no assignades es mant\u00e9 en 56.<\/p>\n\n\n\n<p>Els hospitals valencians tenen, actualment, 182 persones ingressades, 49 d&#8217;elles en l&#8217;UCI: 55 a la prov\u00edncia de Castell\u00f3, 10 en UCI; 77 a la prov\u00edncia d&#8217;Alacant, 30 d&#8217;elles en l&#8217;UCI; i 50 a la prov\u00edncia de Val\u00e8ncia, 9 en UCI.<\/p>\n\n\n\n<p>D&#8217;altra banda, s&#8217;han registrat cinc defuncions en els \u00faltims set dies, tres dones de 65, 80 i 88 anys i dos homes de 80 i 81 anys, per la qual cosa el total de decessos des de l&#8217;inici de la pand\u00e8mia ascendeix a 7.836: 853 a la prov\u00edncia de Castell\u00f3, 3.006 en la d&#8217;Alacant i 3.977 en la de Val\u00e8ncia.<\/p>\n\n\n\n<p>D&#8217;acord amb les dades registrades, en aquests moments hi ha 2.489 casos actius, la qual cosa suposa un 0,47% del total de positius.<\/p>\n\n\n\n<p>Des de l&#8217;\u00faltima actualitzaci\u00f3, no s&#8217;ha registrat cap brot de 10 o m\u00e9s casos.<\/p>\n\n\n\n<p><\/p>\n","protected":false},"excerpt":{"rendered":"<div class=\"mh-excerpt\">Per prov\u00edncies: 55 s&#8217;han comptabilitzat a Castell\u00f3, 70 a Alacant i 60 a Val\u00e8ncia&nbsp; Els hospitals valencians tenen 182 persones ingressades i 49 d&#8217;elles estan en l&#8217;UCI La Conselleria de Sanitat Universal i Salut P\u00fablica <a class=\"mh-excerpt-more\" href=\"https:\/\/www.tucomarca.com\/wordpress\/segunda\/ca\/sanitat-notifica-185-nous-casos-de-coronavirus-cinc-defuncions-i-183-altes-en-la-comunitat-valenciana\/\" title=\"Sanitat notifica 185 nous casos de coronavirus, cinc defuncions i 183 altes en la Comunitat Valenciana\">[+] <\/a><\/div>\n","protected":false},"author":12,"featured_media":127123,"comment_status":"open","ping_status":"open","sticky":false,"template":"","format":"standard","meta":{"footnotes":""},"categories":[11010,12202,10898,10894,10904,10947,10896,10897],"tags":[12165,11939,11940,13477,13963],"class_list":{"0":"post-143176","1":"post","2":"type-post","3":"status-publish","4":"format-standard","5":"has-post-thumbnail","7":"category-canal-salud","8":"category-covid-19-ca","9":"category-ventana-ca","10":"category-la-comarca-ca","11":"category-sin-categorizar-ca","12":"category-politica","13":"category-seccion-ca","14":"category-sucesos-la-comarca-ca","15":"tag-conselleria-de-sanitat-ca","16":"tag-coronavirus-ca","17":"tag-covid-19-ca","18":"tag-datos-de-contagios-ca","19":"tag-vacunacion-ca"},"_links":{"self":[{"href":"https:\/\/www.tucomarca.com\/wordpress\/segunda\/ca\/wp-json\/wp\/v2\/posts\/143176","targetHints":{"allow":["GET"]}}],"collection":[{"href":"https:\/\/www.tucomarca.com\/wordpress\/segunda\/ca\/wp-json\/wp\/v2\/posts"}],"about":[{"href":"https:\/\/www.tucomarca.com\/wordpress\/segunda\/ca\/wp-json\/wp\/v2\/types\/post"}],"author":[{"embeddable":true,"href":"https:\/\/www.tucomarca.com\/wordpress\/segunda\/ca\/wp-json\/wp\/v2\/users\/12"}],"replies":[{"embeddable":true,"href":"https:\/\/www.tucomarca.com\/wordpress\/segunda\/ca\/wp-json\/wp\/v2\/comments?post=143176"}],"version-history":[{"count":0,"href":"https:\/\/www.tucomarca.com\/wordpress\/segunda\/ca\/wp-json\/wp\/v2\/posts\/143176\/revisions"}],"wp:featuredmedia":[{"embeddable":true,"href":"https:\/\/www.tucomarca.com\/wordpress\/segunda\/ca\/wp-json\/wp\/v2\/media\/127123"}],"wp:attachment":[{"href":"https:\/\/www.tucomarca.com\/wordpress\/segunda\/ca\/wp-json\/wp\/v2\/media?parent=143176"}],"wp:term":[{"taxonomy":"category","embeddable":true,"href":"https:\/\/www.tucomarca.com\/wordpress\/segunda\/ca\/wp-json\/wp\/v2\/categories?post=143176"},{"taxonomy":"post_tag","embeddable":true,"href":"https:\/\/www.tucomarca.com\/wordpress\/segunda\/ca\/wp-json\/wp\/v2\/tags?post=143176"}],"curies":[{"name":"wp","href":"https:\/\/api.w.org\/{rel}","templated":true}]}}