{"id":143294,"date":"2021-10-28T11:00:00","date_gmt":"2021-10-28T10:00:00","guid":{"rendered":"http:\/\/www.tucomarca.com\/wordpress\/segunda\/el-presente-el-pasado-y-el-futuro-del-cd-bunol-se-da-cita-en-la-presentacion-del-libro-y-del-video-documental-del-centenario-del-club\/"},"modified":"2021-10-28T12:14:47","modified_gmt":"2021-10-28T11:14:47","slug":"el-presente-el-pasado-y-el-futuro-del-cd-bunol-se-da-cita-en-la-presentacion-del-libro-y-del-video-documental-del-centenario-del-club","status":"publish","type":"post","link":"https:\/\/www.tucomarca.com\/wordpress\/segunda\/ca\/el-presente-el-pasado-y-el-futuro-del-cd-bunol-se-da-cita-en-la-presentacion-del-libro-y-del-video-documental-del-centenario-del-club\/","title":{"rendered":"El present, el passat i el futur del CD Bunyol es d\u00f3na cita en la presentaci\u00f3 del llibre i del v\u00eddeo-documental del centenari del club"},"content":{"rendered":"\n<figure class=\"wp-block-image size-large\"><img loading=\"lazy\" decoding=\"async\" width=\"1024\" height=\"419\" src=\"http:\/\/www.tucomarca.com\/wordpress\/segunda\/wp-content\/uploads\/2021\/10\/fotoFINISHPtresentDocumental-1024x419.jpg\" alt=\"\" class=\"wp-image-143181\" srcset=\"https:\/\/www.tucomarca.com\/wordpress\/segunda\/wp-content\/uploads\/2021\/10\/fotoFINISHPtresentDocumental-1024x419.jpg 1024w, https:\/\/www.tucomarca.com\/wordpress\/segunda\/wp-content\/uploads\/2021\/10\/fotoFINISHPtresentDocumental-300x123.jpg 300w, https:\/\/www.tucomarca.com\/wordpress\/segunda\/wp-content\/uploads\/2021\/10\/fotoFINISHPtresentDocumental-768x314.jpg 768w, https:\/\/www.tucomarca.com\/wordpress\/segunda\/wp-content\/uploads\/2021\/10\/fotoFINISHPtresentDocumental-1536x629.jpg 1536w, https:\/\/www.tucomarca.com\/wordpress\/segunda\/wp-content\/uploads\/2021\/10\/fotoFINISHPtresentDocumental-2048x838.jpg 2048w\" sizes=\"auto, (max-width: 1024px) 100vw, 1024px\" \/><\/figure>\n\n\n\n<h4 class=\"wp-block-heading\">Aficionats, jugadors, entrenadors i p\u00fablic en general va recolzar amb la seua pres\u00e8ncia la presentaci\u00f3 del llibre i del documental realitzat pels periodistes *bu\u00f1olenses Chimo Masmano P\u00e9rez i Miguel \u00c1ngel Pall\u00e1s S\u00e1ez, director de tucomarca.com, que ha sigut presentat aquest diumenge en el teatre Montecarlo de la localitat.<\/h4>\n\n\n\n<h4 class=\"wp-block-heading\">L&#8217;acte de presentaci\u00f3 va ser a c\u00e0rrec dels seus dos autors, i va comptar amb la participaci\u00f3 del diputat de l&#8217;\u00e0rea d&#8217;Esports de la Diputaci\u00f2 de Val\u00e8ncia, Andr\u00e9s Campos; de l&#8217;alcaldessa de Bunyol, Juncal Carrascosa; del regidor d&#8217;Esports de l&#8217;Ajuntament de Bu\u00f1ol, Manuel Sierra; i del president del club, Francisco Zan\u00f3n.<\/h4>\n\n\n\n<p>El Teatre Montecarlo de Bunyol ha sigut l&#8217;escenari triat per a la presentaci\u00f3, aquest passat diumenge 24 d&#8217;octubre, del v\u00eddeo-documental i del llibre realitzats tots dos pels periodistes bunyolenses Miguel \u00c1ngel Pall\u00e1s i Chimo Masmano, que resumeix la hist\u00f2ria d&#8217;aquesta entitat esportiva en el seu centenari a partir dels testimoniatges de m\u00e9s de mig centenar de jugadors, entrenadors, directius, presidents i aficionats de l&#8217;entitat blanca que han format part de l&#8217;entitat durant tota la seua hist\u00f2ria.<\/p>\n\n\n\n<p>\u201cEl nacimiento de un sentimiento. CD Bu\u00f1ol 1921-2021\u201d es el t\u00edtulo tanto del v\u00eddeo-documental como del libro que, desde un punto de vista divulgativo, resumen los cien primeros a\u00f1os de historia del Club Deportivo Bu\u00f1ol. Despu\u00e9s de las restricciones de la pandemia, ahora la entidad ha podido celebrar el primer acto relacionado con su centenario<\/p>\n\n\n\n<p>Tanto el v\u00eddeo-documental como el libro han sido dirigidos, escritos y realizados por los periodistas bu\u00f1olenses Chimo Masmano P\u00e9rez y Miguel \u00c1ngel Pall\u00e1s S\u00e1ez, quienes han desarrollado tras m\u00e1s de un a\u00f1o de trabajo sendos soportes a partir de m\u00e1s de medio centenar de entrevistas realizadas a personas vinculas hist\u00f3ricamente al CD Bu\u00f1ol, junto a un trabajo previo de investigaci\u00f3n bibliogr\u00e1fico e hist\u00f3rico.<\/p>\n\n\n\n<p>El v\u00eddeo documental tiene una duraci\u00f3n de 2 horas y 45 minutos, dividido en dos partes. El libro, de 180 p\u00e1ginas a todo color y con abundante material fotogr\u00e1fico, infograf\u00eda y testimonios de los protagonistas pretende visualizar la evoluci\u00f3n del CD Bu\u00f1ol a lo largo de sus primeros cien a\u00f1os de existencia. Tras los parlamentos de pol\u00edticos, autores y presidente del club, culmin\u00f3 con la proyecci\u00f3n de este v\u00eddeo documental que recoge de forma muy \u00edntima, sensible y emotiva los recuerdos de pr\u00e1cticamente todos los que han tenido protagonismo en las diversas etapas de este club futbol\u00edstico.<\/p>\n\n\n\n<p>Sus autores, Miguel \u00c1ngel Pall\u00e1s y Chimo Masmano, ahondaron en sus parlamentos en la parte personal de su trabajo, \u201cen que la afecci\u00f3n de la pandemia de covid-19 ha dificultado mucho el trabajo&#8221;, pero insistieron en su tremenda satisfacci\u00f3n por &#8220;la respuesta y la complicidad mostrada por todos los participantes; quienes han aportado sus sentimientos, sus vivencias y sus recuerdos&#8221;. Y es que el documental cuenta con la participaci\u00f3n de m\u00e1s de 50 personas que han generado m\u00e1s de 55 horas de grabaci\u00f3n; &#8220;pero a pesar de la complejidad y duraci\u00f3n de los testimonios, hemos tratado de reflejar todas y cada una de las etapas por las que ha atravesado el Club, desde el punto de vista futbol\u00edstico y tambi\u00e9n hist\u00f3rico, con los momentos m\u00e1s duros, pero tambi\u00e9n los m\u00e1s brillantes que nos est\u00e1 regalando este gran equipo en las \u00faltimas temporadas\u201d. La implicaci\u00f3n y el cari\u00f1o con el que han confeccionado y realizado estos dos trabajos se demuestra en su obra.<\/p>\n\n\n\n<p>Una obra, que seg\u00fan calific\u00f3 Manuel Sierra, edil de Deportes del Ayuntamiento de Bu\u00f1ol, &#8220;muchos equipos de Primera Divisi\u00f3n les gustar\u00eda tener. El documental y el libro son de una calidad inmejorable que demuestra el buen hacer de estos dos grandes profesionales, unido a su historia con el club, porque el CD Bu\u00f1ol ha sido un club que ha formado parte en diversos momentos de la vida de la gran mayor\u00eda de bu\u00f1olenses. Todas las familias han estado o est\u00e1n implicados en este club y seguro que todos guardan momentos \u00fanicos\u201d, dijo Sierra, quien tambi\u00e9n ha formado parte de este club, como jugador, como aficionado y ahora como concejal de Deportes.<\/p>\n\n\n\n<p>Por su parte, Juncal Carrascosa, la alcaldesa de Bu\u00f1ol, tambi\u00e9n quiso destacar &#8220;la importancia de este club en la historia del pueblo, en la historia de todos&#8221;. Andr\u00e9s Campos, el diputado del \u00e1rea de Deportes, tambi\u00e9n ha sido parte importante en este trabajo, ya que, seg\u00fan comenta el edil Manuel Sierra, fue con \u00e9l con quien hicieron las primeras reuniones de preparaci\u00f3n del centenario haci\u00e9ndoles llegar este gran proyecto, este gran trabajo, que finalmente ha visto la luz gracias a la aportaci\u00f3n que ha concedido al Ayuntamiento y al Club Deportivo Bu\u00f1ol.<\/p>\n\n\n\n<p>Su actual presidente, Francisco Zan\u00f3n, cerr\u00f3 el turno de palabras recordando su etapa de  jugador y &#8220;los \u00faltimos tiempos amargos que vivi\u00f3 el CD Bu\u00f1ol hace unos a\u00f1os&#8221;.<\/p>\n\n\n\n<p>Los numerosos aficionados que se acercaron a esta presentaci\u00f3n pudieron disfrutar, emocionarse, re\u00edrse y llorar con las vivencias, con los momentos, con las an\u00e9cdotas que se ven reflejadas en el documental de m\u00e1s de dos horas, que se dividi\u00f3 en dos partes, por parte de los protagonistas de estos cien primeros a\u00f1os de historia del CD Bu\u00f1ol.<\/p>\n\n\n\n<p>El acto en el teatro Montecarlo se cerr\u00f3 con la presencia en el escenario de buena parte de los participantes en el v\u00eddeo-documental y en el libro, que fueron obsequiados con un ejemplar de ambos por su desinteresada participaci\u00f3n.<\/p>\n\n\n\n<figure class=\"wp-block-gallery columns-1 is-cropped wp-block-gallery-1 is-layout-flex wp-block-gallery-is-layout-flex\"><ul class=\"blocks-gallery-grid\"><li class=\"blocks-gallery-item\"><figure><img loading=\"lazy\" decoding=\"async\" width=\"1024\" height=\"566\" src=\"http:\/\/www.tucomarca.com\/wordpress\/segunda\/wp-content\/uploads\/2021\/10\/MESAPresenDocu-1024x566.jpg\" alt=\"\" data-id=\"143186\" data-full-url=\"http:\/\/www.tucomarca.com\/wordpress\/segunda\/wp-content\/uploads\/2021\/10\/MESAPresenDocu.jpg\" data-link=\"http:\/\/www.tucomarca.com\/wordpress\/segunda\/?attachment_id=143186\" class=\"wp-image-143186\" srcset=\"https:\/\/www.tucomarca.com\/wordpress\/segunda\/wp-content\/uploads\/2021\/10\/MESAPresenDocu-1024x566.jpg 1024w, https:\/\/www.tucomarca.com\/wordpress\/segunda\/wp-content\/uploads\/2021\/10\/MESAPresenDocu-300x166.jpg 300w, https:\/\/www.tucomarca.com\/wordpress\/segunda\/wp-content\/uploads\/2021\/10\/MESAPresenDocu-768x424.jpg 768w, https:\/\/www.tucomarca.com\/wordpress\/segunda\/wp-content\/uploads\/2021\/10\/MESAPresenDocu-1536x849.jpg 1536w, https:\/\/www.tucomarca.com\/wordpress\/segunda\/wp-content\/uploads\/2021\/10\/MESAPresenDocu-2048x1132.jpg 2048w\" sizes=\"auto, (max-width: 1024px) 100vw, 1024px\" \/><\/figure><\/li><li class=\"blocks-gallery-item\"><figure><img loading=\"lazy\" decoding=\"async\" width=\"1024\" height=\"576\" src=\"http:\/\/www.tucomarca.com\/wordpress\/segunda\/wp-content\/uploads\/2021\/10\/CHIMO-MAPresenDocu-1024x576.jpg\" alt=\"\" data-id=\"143184\" data-full-url=\"http:\/\/www.tucomarca.com\/wordpress\/segunda\/wp-content\/uploads\/2021\/10\/CHIMO-MAPresenDocu-scaled.jpg\" data-link=\"http:\/\/www.tucomarca.com\/wordpress\/segunda\/?attachment_id=143184\" class=\"wp-image-143184\" srcset=\"https:\/\/www.tucomarca.com\/wordpress\/segunda\/wp-content\/uploads\/2021\/10\/CHIMO-MAPresenDocu-1024x576.jpg 1024w, https:\/\/www.tucomarca.com\/wordpress\/segunda\/wp-content\/uploads\/2021\/10\/CHIMO-MAPresenDocu-300x169.jpg 300w, https:\/\/www.tucomarca.com\/wordpress\/segunda\/wp-content\/uploads\/2021\/10\/CHIMO-MAPresenDocu-768x432.jpg 768w, https:\/\/www.tucomarca.com\/wordpress\/segunda\/wp-content\/uploads\/2021\/10\/CHIMO-MAPresenDocu-1536x864.jpg 1536w, https:\/\/www.tucomarca.com\/wordpress\/segunda\/wp-content\/uploads\/2021\/10\/CHIMO-MAPresenDocu-2048x1152.jpg 2048w, https:\/\/www.tucomarca.com\/wordpress\/segunda\/wp-content\/uploads\/2021\/10\/CHIMO-MAPresenDocu-678x381.jpg 678w\" sizes=\"auto, (max-width: 1024px) 100vw, 1024px\" \/><\/figure><\/li><\/ul><\/figure>\n","protected":false},"excerpt":{"rendered":"<div class=\"mh-excerpt\">Aficionats, jugadors, entrenadors i p\u00fablic en general va recolzar amb la seua pres\u00e8ncia la presentaci\u00f3 del llibre i del documental realitzat pels periodistes *bu\u00f1olenses Chimo Masmano P\u00e9rez i Miguel \u00c1ngel Pall\u00e1s S\u00e1ez, director de tucomarca.com, <a class=\"mh-excerpt-more\" href=\"https:\/\/www.tucomarca.com\/wordpress\/segunda\/ca\/el-presente-el-pasado-y-el-futuro-del-cd-bunol-se-da-cita-en-la-presentacion-del-libro-y-del-video-documental-del-centenario-del-club\/\" title=\"El present, el passat i el futur del CD Bunyol es d\u00f3na cita en la presentaci\u00f3 del llibre i del v\u00eddeo-documental del centenari del club\">[+] <\/a><\/div>\n","protected":false},"author":12,"featured_media":143181,"comment_status":"open","ping_status":"open","sticky":false,"template":"","format":"standard","meta":{"footnotes":""},"categories":[10911,11015,11003,10898,10894,10912,11007,10896],"tags":[10913,15731,10914,15657,15732],"class_list":{"0":"post-143294","1":"post","2":"type-post","3":"status-publish","4":"format-standard","5":"has-post-thumbnail","7":"category-bunol-ca","8":"category-canal-futbol","9":"category-sports","10":"category-ventana-ca","11":"category-la-comarca-ca","12":"category-la-hoya-ca","13":"category-ocio-y-cultura-ca","14":"category-seccion-ca","15":"tag-bunol-ca","16":"tag-el-nacimiento-de-un-sentimiento-cd-bunol-1921-2021-ca","17":"tag-la-hoya-de-bunol-chiva-ca","18":"tag-libro-ca","19":"tag-video-documental-ca"},"_links":{"self":[{"href":"https:\/\/www.tucomarca.com\/wordpress\/segunda\/ca\/wp-json\/wp\/v2\/posts\/143294","targetHints":{"allow":["GET"]}}],"collection":[{"href":"https:\/\/www.tucomarca.com\/wordpress\/segunda\/ca\/wp-json\/wp\/v2\/posts"}],"about":[{"href":"https:\/\/www.tucomarca.com\/wordpress\/segunda\/ca\/wp-json\/wp\/v2\/types\/post"}],"author":[{"embeddable":true,"href":"https:\/\/www.tucomarca.com\/wordpress\/segunda\/ca\/wp-json\/wp\/v2\/users\/12"}],"replies":[{"embeddable":true,"href":"https:\/\/www.tucomarca.com\/wordpress\/segunda\/ca\/wp-json\/wp\/v2\/comments?post=143294"}],"version-history":[{"count":0,"href":"https:\/\/www.tucomarca.com\/wordpress\/segunda\/ca\/wp-json\/wp\/v2\/posts\/143294\/revisions"}],"wp:featuredmedia":[{"embeddable":true,"href":"https:\/\/www.tucomarca.com\/wordpress\/segunda\/ca\/wp-json\/wp\/v2\/media\/143181"}],"wp:attachment":[{"href":"https:\/\/www.tucomarca.com\/wordpress\/segunda\/ca\/wp-json\/wp\/v2\/media?parent=143294"}],"wp:term":[{"taxonomy":"category","embeddable":true,"href":"https:\/\/www.tucomarca.com\/wordpress\/segunda\/ca\/wp-json\/wp\/v2\/categories?post=143294"},{"taxonomy":"post_tag","embeddable":true,"href":"https:\/\/www.tucomarca.com\/wordpress\/segunda\/ca\/wp-json\/wp\/v2\/tags?post=143294"}],"curies":[{"name":"wp","href":"https:\/\/api.w.org\/{rel}","templated":true}]}}