{"id":143308,"date":"2021-10-28T08:00:00","date_gmt":"2021-10-28T07:00:00","guid":{"rendered":"http:\/\/www.tucomarca.com\/wordpress\/segunda\/?p=143308"},"modified":"2021-10-29T21:03:44","modified_gmt":"2021-10-29T20:03:44","slug":"el-departament-de-salut-de-manises-agraeix-a-xest-les-mostres-de-gratitud-als-seus-sanitaris-en-el-municipi","status":"publish","type":"post","link":"https:\/\/www.tucomarca.com\/wordpress\/segunda\/ca\/el-departament-de-salut-de-manises-agraeix-a-xest-les-mostres-de-gratitud-als-seus-sanitaris-en-el-municipi\/","title":{"rendered":"El Departament de Salut de Manises agraeix a Xest les mostres de gratitud als seus sanitaris en el municipi"},"content":{"rendered":"\n<p>L&#8217;Ajuntament de Xest ha celebrat un homenatge als professionals sanitaris, farmac\u00e8utics i de neteja i desinfecci\u00f3 del Centre de Salut de la localitat. Durant l&#8217;acte es va visualitzar un reportatge audiovisual elaborat pel consistori en el qual les persones del centre de salut del Departament de Salut de Manises compten la pand\u00e8mia en primera persona.<\/p>\n\n\n\n<p>\u201cDespr\u00e9s dels mesos tan durs de pand\u00e8mia, amb successives ones, una vacunaci\u00f3 priorit\u00e0ria i la necessitat de recuperar l&#8217;assist\u00e8ncia sanit\u00e0ria presencial, s&#8217;agraeixen aquestes mostres de reconeixement. Com molt b\u00e9 han indicat els representants locals, la sanitat la protegim entre tots\u201d, agraeix el Coordinador del Centre de Salut, el Dr. Esteban Romero.<\/p>\n\n\n\n<p>\u201cAmb aquest v\u00eddeo tamb\u00e9 es pret\u00e9n tamb\u00e9 crear lla\u00e7os d&#8217;enteniment i col\u00b7laboraci\u00f3 entre el centre de salut i la ciutadania chestana. Aquesta pand\u00e8mia ha posat de manifest la import\u00e0ncia de l&#8217;atenci\u00f3 prim\u00e0ria i ara tots i totes som m\u00e9s conscients de la necessitat d&#8217;enfortir el sistema sanitari i ens hem d&#8217;implicar a fer-lo possible\u201d, ha indicat la regidora.<\/p>\n\n\n\n<p>Durant el reconeixement, l&#8217;alcalde de la localitat, Jos\u00e9 Morell i la regidora de Cultura i Sanitat, M\u00aa \u00c1ngeles Llorente, han entregat a una representaci\u00f3 dels professionals sanitaris de la localitat un dibuix original realitzat per l&#8217;artista valenci\u00e0 Jos\u00e9 Antonio Espinar i van regalar una l\u00e0mina realitzada per la il\u00b7lustradora Eva Cort\u00e9s al Centre de Salut.<\/p>\n\n\n\n<p>Per part seua, l&#8217;alcalde, Jos\u00e9 Morell, ha destacat la capacitat d&#8217;adaptaci\u00f3 i l&#8217;esfor\u00e7 del personal sanitari. \u201cEls propis sanitaris definiu enguany amb les paraules esforce, adaptaci\u00f3, repte, aprenentatge, incertesa, por, esperan\u00e7a o col\u00b7laboraci\u00f3. Crec que la paraula valentes les engloba a totes perqu\u00e8 cal ser molt valenta per a adaptar-se, superar la por i no deixar-se portar per la par\u00e0lisi, per a obrir-se a col\u00b7laborar i per a haver mantingut l&#8217;esperan\u00e7a en aquells mesos, i el personal del centre de Salut ho va ser\u201d, ha concl\u00f2s.<\/p>\n\n\n\n<p><\/p>\n","protected":false},"excerpt":{"rendered":"<div class=\"mh-excerpt\">L&#8217;Ajuntament de Xest ha celebrat un homenatge als professionals sanitaris, farmac\u00e8utics i de neteja i desinfecci\u00f3 del Centre de Salut de la localitat. Durant l&#8217;acte es va visualitzar un reportatge audiovisual elaborat pel consistori en <a class=\"mh-excerpt-more\" href=\"https:\/\/www.tucomarca.com\/wordpress\/segunda\/ca\/el-departament-de-salut-de-manises-agraeix-a-xest-les-mostres-de-gratitud-als-seus-sanitaris-en-el-municipi\/\" title=\"El Departament de Salut de Manises agraeix a Xest les mostres de gratitud als seus sanitaris en el municipi\">[+] <\/a><\/div>\n","protected":false},"author":12,"featured_media":143307,"comment_status":"open","ping_status":"open","sticky":false,"template":"","format":"standard","meta":{"footnotes":""},"categories":[11010,10898,10948,10894,10912,10947,10896,10974],"tags":[11071,12221,11092,10914,15735],"class_list":{"0":"post-143308","1":"post","2":"type-post","3":"status-publish","4":"format-standard","5":"has-post-thumbnail","7":"category-canal-salud","8":"category-ventana-ca","9":"category-infraestructuras-ca","10":"category-la-comarca-ca","11":"category-la-hoya-ca","12":"category-politica","13":"category-seccion-ca","14":"category-cheste-ca","15":"tag-cheste","16":"tag-departamento-de-salud-de-manises-ca","17":"tag-hospital-de-manises-ca","18":"tag-la-hoya-de-bunol-chiva-ca","19":"tag-sanitarios-de-cheste-ca"},"_links":{"self":[{"href":"https:\/\/www.tucomarca.com\/wordpress\/segunda\/ca\/wp-json\/wp\/v2\/posts\/143308","targetHints":{"allow":["GET"]}}],"collection":[{"href":"https:\/\/www.tucomarca.com\/wordpress\/segunda\/ca\/wp-json\/wp\/v2\/posts"}],"about":[{"href":"https:\/\/www.tucomarca.com\/wordpress\/segunda\/ca\/wp-json\/wp\/v2\/types\/post"}],"author":[{"embeddable":true,"href":"https:\/\/www.tucomarca.com\/wordpress\/segunda\/ca\/wp-json\/wp\/v2\/users\/12"}],"replies":[{"embeddable":true,"href":"https:\/\/www.tucomarca.com\/wordpress\/segunda\/ca\/wp-json\/wp\/v2\/comments?post=143308"}],"version-history":[{"count":0,"href":"https:\/\/www.tucomarca.com\/wordpress\/segunda\/ca\/wp-json\/wp\/v2\/posts\/143308\/revisions"}],"wp:featuredmedia":[{"embeddable":true,"href":"https:\/\/www.tucomarca.com\/wordpress\/segunda\/ca\/wp-json\/wp\/v2\/media\/143307"}],"wp:attachment":[{"href":"https:\/\/www.tucomarca.com\/wordpress\/segunda\/ca\/wp-json\/wp\/v2\/media?parent=143308"}],"wp:term":[{"taxonomy":"category","embeddable":true,"href":"https:\/\/www.tucomarca.com\/wordpress\/segunda\/ca\/wp-json\/wp\/v2\/categories?post=143308"},{"taxonomy":"post_tag","embeddable":true,"href":"https:\/\/www.tucomarca.com\/wordpress\/segunda\/ca\/wp-json\/wp\/v2\/tags?post=143308"}],"curies":[{"name":"wp","href":"https:\/\/api.w.org\/{rel}","templated":true}]}}