{"id":143349,"date":"2021-10-28T09:00:00","date_gmt":"2021-10-28T08:00:00","guid":{"rendered":"http:\/\/www.tucomarca.com\/wordpress\/segunda\/?p=143349"},"modified":"2021-10-29T20:55:52","modified_gmt":"2021-10-29T19:55:52","slug":"la-campanya-compra-a-xest-compra-a-casa-torna-per-halloween","status":"publish","type":"post","link":"https:\/\/www.tucomarca.com\/wordpress\/segunda\/ca\/la-campanya-compra-a-xest-compra-a-casa-torna-per-halloween\/","title":{"rendered":"La campanya \u201cCompra a Xest, compra a casa\u201d torna per Halloween"},"content":{"rendered":"\n<p>En el marc de la campanya \u201cCompra a Xest, compra a casa\u201d per a fer costat als negocis locals, la regidoria de Comer\u00e7 ha llan\u00e7at una nova acci\u00f3 amb motiu de la celebraci\u00f3 d&#8217;Halloween. Aix\u00ed, en les xarxes socials d&#8217;aquesta iniciativa s&#8217;estan publicant missatges per a animar als ve\u00efns i ve\u00efnes a fer les seues compres dins de la localitat, enaltint els seus avantatges enfront de les plataformes en l\u00ednia o les grans superf\u00edcies; com la possibilitat de veure el g\u00e8nere, el tracte pr\u00f2xim o l&#8217;assessorament personalitzat.\u00a0<\/p>\n\n\n\n<p>\u201cHem d&#8217;apostar pel negoci local en el nostre dia a dia. Les compres no sols ajuden al municipi, tamb\u00e9 a totes persones que el componen\u201c, ha assenyalat la regidora de Comer\u00e7, Brenda Jim\u00e9nez.&nbsp;<\/p>\n\n\n\n<p>\u201cDespr\u00e9s de les dificultats econ\u00f2miques que ha patit el xicotet empresari amb la pand\u00e8mia, \u00e9s el moment que la societat ajude al nostre teixit empresarial\u201d, ha apuntat l&#8217;alcalde, Jos\u00e9 Morell.<\/p>\n\n\n\n<p>L&#8217;acci\u00f3 comercial es pot seguir en les xarxes socials Faceboook i Instagram: En www.facebook.com\/compraencheste i en www.instagram.com\/compraencheste.<\/p>\n\n\n\n<p><\/p>\n","protected":false},"excerpt":{"rendered":"<div class=\"mh-excerpt\">En el marc de la campanya \u201cCompra a Xest, compra a casa\u201d per a fer costat als negocis locals, la regidoria de Comer\u00e7 ha llan\u00e7at una nova acci\u00f3 amb motiu de la celebraci\u00f3 d&#8217;Halloween. Aix\u00ed, <a class=\"mh-excerpt-more\" href=\"https:\/\/www.tucomarca.com\/wordpress\/segunda\/ca\/la-campanya-compra-a-xest-compra-a-casa-torna-per-halloween\/\" title=\"La campanya \u201cCompra a Xest, compra a casa\u201d torna per Halloween\">[+] <\/a><\/div>\n","protected":false},"author":12,"featured_media":116553,"comment_status":"open","ping_status":"open","sticky":false,"template":"","format":"standard","meta":{"footnotes":""},"categories":[11019,10948,10894,10912,10896,10974],"tags":[11071,15588,10914],"class_list":{"0":"post-143349","1":"post","2":"type-post","3":"status-publish","4":"format-standard","5":"has-post-thumbnail","7":"category-agenda-ca","8":"category-infraestructuras-ca","9":"category-la-comarca-ca","10":"category-la-hoya-ca","11":"category-seccion-ca","12":"category-cheste-ca","13":"tag-cheste","14":"tag-compra-en-cheste-ca","15":"tag-la-hoya-de-bunol-chiva-ca"},"_links":{"self":[{"href":"https:\/\/www.tucomarca.com\/wordpress\/segunda\/ca\/wp-json\/wp\/v2\/posts\/143349","targetHints":{"allow":["GET"]}}],"collection":[{"href":"https:\/\/www.tucomarca.com\/wordpress\/segunda\/ca\/wp-json\/wp\/v2\/posts"}],"about":[{"href":"https:\/\/www.tucomarca.com\/wordpress\/segunda\/ca\/wp-json\/wp\/v2\/types\/post"}],"author":[{"embeddable":true,"href":"https:\/\/www.tucomarca.com\/wordpress\/segunda\/ca\/wp-json\/wp\/v2\/users\/12"}],"replies":[{"embeddable":true,"href":"https:\/\/www.tucomarca.com\/wordpress\/segunda\/ca\/wp-json\/wp\/v2\/comments?post=143349"}],"version-history":[{"count":0,"href":"https:\/\/www.tucomarca.com\/wordpress\/segunda\/ca\/wp-json\/wp\/v2\/posts\/143349\/revisions"}],"wp:featuredmedia":[{"embeddable":true,"href":"https:\/\/www.tucomarca.com\/wordpress\/segunda\/ca\/wp-json\/wp\/v2\/media\/116553"}],"wp:attachment":[{"href":"https:\/\/www.tucomarca.com\/wordpress\/segunda\/ca\/wp-json\/wp\/v2\/media?parent=143349"}],"wp:term":[{"taxonomy":"category","embeddable":true,"href":"https:\/\/www.tucomarca.com\/wordpress\/segunda\/ca\/wp-json\/wp\/v2\/categories?post=143349"},{"taxonomy":"post_tag","embeddable":true,"href":"https:\/\/www.tucomarca.com\/wordpress\/segunda\/ca\/wp-json\/wp\/v2\/tags?post=143349"}],"curies":[{"name":"wp","href":"https:\/\/api.w.org\/{rel}","templated":true}]}}