{"id":143438,"date":"2021-10-29T07:00:00","date_gmt":"2021-10-29T06:00:00","guid":{"rendered":"http:\/\/www.tucomarca.com\/wordpress\/segunda\/?p=143438"},"modified":"2021-11-01T19:24:49","modified_gmt":"2021-11-01T18:24:49","slug":"proteccio-civil-i-emergencies-alerta-per-pluges-intenses-i-fortes-vents-en-amplies-zones-de-la-peninsula-i-a-balears","status":"publish","type":"post","link":"https:\/\/www.tucomarca.com\/wordpress\/segunda\/ca\/proteccio-civil-i-emergencies-alerta-per-pluges-intenses-i-fortes-vents-en-amplies-zones-de-la-peninsula-i-a-balears\/","title":{"rendered":"Protecci\u00f3 Civil i Emerg\u00e8ncies alerta per pluges intenses i fortes vents en \u00e0mplies zones de la Pen\u00ednsula i a Balears"},"content":{"rendered":"\n<p>El dissabte, les precipitacions es generalitzaran i intensificaran. El major risc, segons la previsi\u00f3 actual, correspon a zones del nord d&#8217;Extremadura, on s&#8217;esperen acumulacions de fins a 90 l\/m\u00b2 en 12 hores.<\/p>\n\n\n\n<p>Si comen\u00e7a a ploure de manera torrencial, pense que existeix risc d&#8217;inundaci\u00f3. No travesse amb el seu vehicle ni a peu, els trams inundats. No intente salvar el seu autom\u00f2bil enmig d&#8217;una inundaci\u00f3.<\/p>\n\n\n\n<p>En aquestes situacions, la mar adquireix condicions extraordin\u00e0ries i pot arrossegar-li si es troba en les seues proximitats. No pose en risc la seua vida davant les imatges espectaculars del fort onatge.<\/p>\n\n\n\n<p>El dif\u00edcil pron\u00f2stic d&#8217;aquesta mena de fen\u00f2mens meteorol\u00f2gics aconsella mantindre&#8217;s informat en tot moment sobre la seua possible evoluci\u00f3.<\/p>\n\n\n\n<p>Informe&#8217;s en fonts oficials, extreme les precaucions i atenga les recomanacions de les autoritats competents. Seguisca les actualitzacions dels pron\u00f2stics i els avisos a trav\u00e9s de Protecci\u00f3 Civil, Aemet, aix\u00ed com de la DGT.<\/p>\n\n\n\n<p>Madrid, 29 d&#8217;octubre de 2021.- La Direcci\u00f3 General de Protecci\u00f3 Civil i Emerg\u00e8ncies del Ministeri de l&#8217;Interior, d&#8217;acord amb les prediccions de l&#8217;Ag\u00e8ncia Estatal de Meteorologia (AEMET), alerta per pluges intenses i fortes vents en \u00e0mplies zones de la Pen\u00ednsula i a Balears durant els pr\u00f2xims dies.<\/p>\n\n\n\n<p>Hui divendres hi ha risc important per vents costaners i fort onatge a Gal\u00edcia. S&#8217;esperen precipitacions abundants en zones del centre i oest peninsular. A causa de l&#8217;entrada d&#8217;un front fred, hi ha previsi\u00f3 de ratxes de vent forts en \u00e0mplies zones de muntanya del ter\u00e7 nord peninsular. A m\u00e9s, s&#8217;espera un acusat descens de les temperatures en gran part de la Pen\u00ednsula.<\/p>\n\n\n\n<p>El dissabte, les precipitacions es generalitzaran i intensificaran. El major risc, segons la previsi\u00f3 actual, correspon a zones del nord d&#8217;Extremadura, on s&#8217;esperen acumulacions de fins a 90 l\/m\u00b2 en 12 hores. Els vents costaners i fort onatge afectaran l&#8217;\u00e0rea mediterr\u00e0nia i Balears.<\/p>\n\n\n\n<p>El dif\u00edcil pron\u00f2stic d&#8217;aquesta mena de fen\u00f2mens meteorol\u00f2gics aconsella mantindre&#8217;s informat en tot moment sobre la seua possible evoluci\u00f3.<\/p>\n\n\n\n<p>Recomanacions<\/p>\n\n\n\n<p>Davant pluges intenses<\/p>\n\n\n\n<p>Si va conduint, disminu\u00efsca la velocitat, extreme les precaucions i no es detinga en zones on puga disc\u00f3rrer gran quantitat d&#8217;aigua.&nbsp;<br>Si ha de viatjar, procure circular preferentment per carreteres principals i autopistes.<br>En cas de tempestes sobtades i pluges intenses, s&#8217;ha de tindre en compte el lloc on s&#8217;aparquen els vehicles. El r\u00e0pid ascens del nivell de les aig\u00fces pot danyar els vehicles aparcats sobre zones inundables i, a m\u00e9s, arrossegar-los, provocant danys a b\u00e9ns d&#8217;altri i fins i tot obstaculitzar el flux natural del corrent.<br>Si comen\u00e7a a ploure de manera torrencial, pense que existeix risc d&#8217;inundaci\u00f3.&nbsp;<br>No travesse amb el seu vehicle ni a peu, els trams inundats, perqu\u00e8 desconeix el que pot haver-hi davall de l&#8217;aigua i localitze els punts m\u00e9s alts de la zona. No intente salvar el seu autom\u00f2bil enmig d&#8217;una inundaci\u00f3.<br>Si es troba en el camp, cal allunyar-se dels rius, torrents i zones baixes de vessants i pujols, evitant travessar guals inundats. Igualment, ha de dirigir-se als punts m\u00e9s alts de la zona.<br>No obstant aix\u00f2, el dif\u00edcil pron\u00f2stic dels fen\u00f2mens tempestuosos aconsella mantindre&#8217;s informat en tot moment de la possible evoluci\u00f3 dels canvis meteorol\u00f2gics.<\/p>\n\n\n\n<p>Davant forts vents<\/p>\n\n\n\n<p>Conv\u00e9 assegurar portes, finestres i tots aquells objectes que puguen caure a la via p\u00fablica i allunyar-se de cornises, arbres, murs o edificacions en construcci\u00f3 o grues que puguen desprendre&#8217;s. Tamb\u00e9, conv\u00e9 abstindre&#8217;s de pujar a les bastides sense les adequades mesures de protecci\u00f3.<br>Si va conduint, extreme les precaucions, especialment en l&#8217;eixida de t\u00fanels, avan\u00e7aments i encreuament amb vehicles pesants en carreteres de doble sentit. Pare atenci\u00f3 davant la possible pres\u00e8ncia d&#8217;obstacles en la carretera.<\/p>\n\n\n\n<p>Davant vents costaners<\/p>\n\n\n\n<p>Si es troba en zones mar\u00edtimes, procure allunyar-se de la platja i d&#8217;altres llocs baixos que puguen ser afectats per les elevades marees i onatges que solen generar-se davant la intensitat de vents forts.<br>Es recomana evitar estacionar els vehicles en zones que puguen veure&#8217;s afectades per l&#8217;onatge.<br>En aquestes situacions, la mar adquireix condicions extraordin\u00e0ries i pot arrossegar-li si es troba en les proximitats de la mar.<br>No pose en risc la seua vida davant les imatges espectaculars del fort onatge.<\/p>\n\n\n\n<p><\/p>\n","protected":false},"excerpt":{"rendered":"<div class=\"mh-excerpt\">El dissabte, les precipitacions es generalitzaran i intensificaran. El major risc, segons la previsi\u00f3 actual, correspon a zones del nord d&#8217;Extremadura, on s&#8217;esperen acumulacions de fins a 90 l\/m\u00b2 en 12 hores. Si comen\u00e7a a <a class=\"mh-excerpt-more\" href=\"https:\/\/www.tucomarca.com\/wordpress\/segunda\/ca\/proteccio-civil-i-emergencies-alerta-per-pluges-intenses-i-fortes-vents-en-amplies-zones-de-la-peninsula-i-a-balears\/\" title=\"Protecci\u00f3 Civil i Emerg\u00e8ncies alerta per pluges intenses i fortes vents en \u00e0mplies zones de la Pen\u00ednsula i a Balears\">[+] <\/a><\/div>\n","protected":false},"author":12,"featured_media":94326,"comment_status":"open","ping_status":"open","sticky":false,"template":"","format":"standard","meta":{"footnotes":""},"categories":[10898,10948,10894,10904,10903,10896,10897],"tags":[13456,11449,11950,15744,11247,12835,13172],"class_list":{"0":"post-143438","1":"post","2":"type-post","3":"status-publish","4":"format-standard","5":"has-post-thumbnail","7":"category-ventana-ca","8":"category-infraestructuras-ca","9":"category-la-comarca-ca","10":"category-sin-categorizar-ca","11":"category-medio-ambiente-la-comarca-ca","12":"category-seccion-ca","13":"category-sucesos-la-comarca-ca","14":"tag-aemet-ca","15":"tag-agencia-estatal-de-meteorologia-aemet","16":"tag-alerta-lluvias-ca","17":"tag-alerta-viento-ca","18":"tag-emergencias-ca","19":"tag-lluvias-intensas-ca","20":"tag-proteccion-civil-ca"},"_links":{"self":[{"href":"https:\/\/www.tucomarca.com\/wordpress\/segunda\/ca\/wp-json\/wp\/v2\/posts\/143438","targetHints":{"allow":["GET"]}}],"collection":[{"href":"https:\/\/www.tucomarca.com\/wordpress\/segunda\/ca\/wp-json\/wp\/v2\/posts"}],"about":[{"href":"https:\/\/www.tucomarca.com\/wordpress\/segunda\/ca\/wp-json\/wp\/v2\/types\/post"}],"author":[{"embeddable":true,"href":"https:\/\/www.tucomarca.com\/wordpress\/segunda\/ca\/wp-json\/wp\/v2\/users\/12"}],"replies":[{"embeddable":true,"href":"https:\/\/www.tucomarca.com\/wordpress\/segunda\/ca\/wp-json\/wp\/v2\/comments?post=143438"}],"version-history":[{"count":0,"href":"https:\/\/www.tucomarca.com\/wordpress\/segunda\/ca\/wp-json\/wp\/v2\/posts\/143438\/revisions"}],"wp:featuredmedia":[{"embeddable":true,"href":"https:\/\/www.tucomarca.com\/wordpress\/segunda\/ca\/wp-json\/wp\/v2\/media\/94326"}],"wp:attachment":[{"href":"https:\/\/www.tucomarca.com\/wordpress\/segunda\/ca\/wp-json\/wp\/v2\/media?parent=143438"}],"wp:term":[{"taxonomy":"category","embeddable":true,"href":"https:\/\/www.tucomarca.com\/wordpress\/segunda\/ca\/wp-json\/wp\/v2\/categories?post=143438"},{"taxonomy":"post_tag","embeddable":true,"href":"https:\/\/www.tucomarca.com\/wordpress\/segunda\/ca\/wp-json\/wp\/v2\/tags?post=143438"}],"curies":[{"name":"wp","href":"https:\/\/api.w.org\/{rel}","templated":true}]}}