{"id":143588,"date":"2021-11-02T21:00:00","date_gmt":"2021-11-02T20:00:00","guid":{"rendered":"http:\/\/www.tucomarca.com\/wordpress\/segunda\/?p=143588"},"modified":"2021-11-08T11:17:58","modified_gmt":"2021-11-08T10:17:58","slug":"lhospital-de-manises-premiat-per-la-seua-implicacio-contra-el-canvi-climatic","status":"publish","type":"post","link":"https:\/\/www.tucomarca.com\/wordpress\/segunda\/ca\/lhospital-de-manises-premiat-per-la-seua-implicacio-contra-el-canvi-climatic\/","title":{"rendered":"L&#8217;Hospital de Manises, premiat per la seua implicaci\u00f3 contra el canvi clim\u00e0tic"},"content":{"rendered":"\n<p><strong>Durant el 38 Congr\u00e9s d&#8217;enginyeria Hospital\u00e0ria, s&#8217;ha celebrat el lliurament de premis on l&#8217;hospital ha sigut reconegut en la categoria de \u201cEmerg\u00e8ncia Clim\u00e0tica\u201d<\/strong><\/p>\n\n\n\n<p><strong>El centre sanitari \u00e9s l&#8217;\u00fanic hospital de la Comunitat Valenciana reconegut amb aquest premi<\/strong><\/p>\n\n\n\n<p><strong>L&#8217;Hospital de Manises ha redu\u00eft fins a un 43,5% la petjada de carboni des que es va posar en marxa el Pla d&#8217;Efici\u00e8ncia Energ\u00e8tica en 2018<\/strong><\/p>\n\n\n\n<p><strong>A m\u00e9s, ha minimitzat en un&nbsp;40% el seu consum de gas natural i ha estalviat&nbsp;3,8 milions de quilowatts&nbsp;en energia<\/strong><\/p>\n\n\n\n<p>L&#8217;Hospital de Manises, ha rebut el guard\u00f3 que reconeix la implicaci\u00f3 i l&#8217;obstinaci\u00f3 del centre per contribuir de manera positiva a la lluita en contra del canvi clim\u00e0tic. El reconeixement ha tingut lloc en el context del 38 Congr\u00e9s d&#8217;Enginyeria Hospital\u00e0ria, unes jornades en les quals el sector de l&#8217;enginyeria ha abordat el desenvolupament ambiental dels centres sanitaris. D&#8217;aquesta manera, el centre sanitari ha sigut l&#8217;\u00fanic hospital premiat de la Comunitat Valenciana en la categoria de \u201cEmerg\u00e8ncia Clim\u00e0tica\u201d.&nbsp;<\/p>\n\n\n\n<p>Durant el congr\u00e9s, Iv\u00e1n Ruiz, responsable d&#8217;Infraestructures de l&#8217;Hospital de Manises, ha exposat en el congr\u00e9s els resultats i progressos que ha experimentat el centre sanitari des de la posada en marxa del Pla d&#8217;Efici\u00e8ncia Energ\u00e8tica en 2018. \u201cDes de llavors, hem aconseguit reduir fins a un 43,5% la petjada de carboni. Aquest resultat \u00e9s l&#8217;aval de la nostra aportaci\u00f3 com a Departament de Salut a la salut del medi ambient i del planeta\u201d, ha explicat Iv\u00e1n.&nbsp;<\/p>\n\n\n\n<p>A m\u00e9s, l&#8217;Hospital de Manises ha aconseguit minimitzar en un&nbsp;40% el seu consum de gas natural i ha estalviat&nbsp;3,8 milions de quilowatts&nbsp;en energia. \u201cA aquest nivell d&#8217;estalvi energ\u00e8tic que venim aconseguint des de 2018, se suma que el 65% de l&#8217;energia consumida en el centre sanitari prov\u00e9 de fonts renovables\u201d, ha manifestat Ruiz en la seua exposici\u00f3. \u201cA m\u00e9s, cal tindre en compte que la&nbsp;climatitzaci\u00f3, la il\u00b7luminaci\u00f3 i l&#8217;aigua&nbsp;constitueixen les principals despeses energ\u00e8tiques per a la majoria dels hospitals, que podrien beneficiar-se d&#8217;aquesta mena de plans per a rebaixar el seu consum.\u201d, ha concl\u00f2s Iv\u00e1n.<\/p>\n\n\n\n<p><strong>L&#8217;Hospital, un edifici sostenible<\/strong><\/p>\n\n\n\n<p>L&#8217;edifici del propi Hospital compta amb un parc solar de 300 metres quadrats, instal\u00b7lat en la coberta de l&#8217;edifici, que permet generar aproximadament 12.000 litres diaris d&#8217;aigua calenta sanit\u00e0ria per a autoconsum. Tamb\u00e9 disposa de 250 captadors solars capa\u00e7os de produir 40.000 Wp d&#8217;energia el\u00e8ctrica. Les \u00e0mplies zones enjardinades de l&#8217;hospital, uns 10.000 metres quadrats dels 55.000 metres quadrats de la parcel\u00b7la, es reguen per degoteig amb l&#8217;aigua sobrant del proc\u00e9s d&#8217;osmosi inversa que proveeix l&#8217;hospital. Per al seu magatzematge, existeixen dos aljubs. Tamb\u00e9 l&#8217;aparcament compta amb ventilaci\u00f3 natural.&nbsp;<br>Finalment, est\u00e0 dotat de sistemes per a evitar la contaminaci\u00f3 creuada i recuperar energia, aix\u00ed com de sensors per al bombament d&#8217;aigua de refrigeraci\u00f3 i calefacci\u00f3. Els sistemes de distribuci\u00f3 d&#8217;aire per cabal variable, les calderes d&#8217;alt rendiment i els grups refrigeradors d&#8217;alta efici\u00e8ncia contribueixen tamb\u00e9 a l&#8217;estalvi energ\u00e8tic.<\/p>\n","protected":false},"excerpt":{"rendered":"<div class=\"mh-excerpt\">Durant el 38 Congr\u00e9s d&#8217;enginyeria Hospital\u00e0ria, s&#8217;ha celebrat el lliurament de premis on l&#8217;hospital ha sigut reconegut en la categoria de \u201cEmerg\u00e8ncia Clim\u00e0tica\u201d El centre sanitari \u00e9s l&#8217;\u00fanic hospital de la Comunitat Valenciana reconegut amb <a class=\"mh-excerpt-more\" href=\"https:\/\/www.tucomarca.com\/wordpress\/segunda\/ca\/lhospital-de-manises-premiat-per-la-seua-implicacio-contra-el-canvi-climatic\/\" title=\"L&#8217;Hospital de Manises, premiat per la seua implicaci\u00f3 contra el canvi clim\u00e0tic\">[+] <\/a><\/div>\n","protected":false},"author":12,"featured_media":143586,"comment_status":"open","ping_status":"open","sticky":false,"template":"","format":"standard","meta":{"footnotes":""},"categories":[11010,10898,10948,10894,10904,10903,10896],"tags":[11092,12166],"class_list":{"0":"post-143588","1":"post","2":"type-post","3":"status-publish","4":"format-standard","5":"has-post-thumbnail","7":"category-canal-salud","8":"category-ventana-ca","9":"category-infraestructuras-ca","10":"category-la-comarca-ca","11":"category-sin-categorizar-ca","12":"category-medio-ambiente-la-comarca-ca","13":"category-seccion-ca","14":"tag-hospital-de-manises-ca","15":"tag-medio-ambiente-ca"},"_links":{"self":[{"href":"https:\/\/www.tucomarca.com\/wordpress\/segunda\/ca\/wp-json\/wp\/v2\/posts\/143588","targetHints":{"allow":["GET"]}}],"collection":[{"href":"https:\/\/www.tucomarca.com\/wordpress\/segunda\/ca\/wp-json\/wp\/v2\/posts"}],"about":[{"href":"https:\/\/www.tucomarca.com\/wordpress\/segunda\/ca\/wp-json\/wp\/v2\/types\/post"}],"author":[{"embeddable":true,"href":"https:\/\/www.tucomarca.com\/wordpress\/segunda\/ca\/wp-json\/wp\/v2\/users\/12"}],"replies":[{"embeddable":true,"href":"https:\/\/www.tucomarca.com\/wordpress\/segunda\/ca\/wp-json\/wp\/v2\/comments?post=143588"}],"version-history":[{"count":0,"href":"https:\/\/www.tucomarca.com\/wordpress\/segunda\/ca\/wp-json\/wp\/v2\/posts\/143588\/revisions"}],"wp:featuredmedia":[{"embeddable":true,"href":"https:\/\/www.tucomarca.com\/wordpress\/segunda\/ca\/wp-json\/wp\/v2\/media\/143586"}],"wp:attachment":[{"href":"https:\/\/www.tucomarca.com\/wordpress\/segunda\/ca\/wp-json\/wp\/v2\/media?parent=143588"}],"wp:term":[{"taxonomy":"category","embeddable":true,"href":"https:\/\/www.tucomarca.com\/wordpress\/segunda\/ca\/wp-json\/wp\/v2\/categories?post=143588"},{"taxonomy":"post_tag","embeddable":true,"href":"https:\/\/www.tucomarca.com\/wordpress\/segunda\/ca\/wp-json\/wp\/v2\/tags?post=143588"}],"curies":[{"name":"wp","href":"https:\/\/api.w.org\/{rel}","templated":true}]}}