{"id":143814,"date":"2021-11-08T21:00:00","date_gmt":"2021-11-08T20:00:00","guid":{"rendered":"http:\/\/www.tucomarca.com\/wordpress\/segunda\/?p=143814"},"modified":"2021-11-08T22:23:59","modified_gmt":"2021-11-08T21:23:59","slug":"els-companys-de-la-policia-local-de-bunol-recorden-a-pedro-jimenez-parra-quan-es-compleixen-20-anys-de-la-seua-defuncio-en-acte-de-servei","status":"publish","type":"post","link":"https:\/\/www.tucomarca.com\/wordpress\/segunda\/ca\/els-companys-de-la-policia-local-de-bunol-recorden-a-pedro-jimenez-parra-quan-es-compleixen-20-anys-de-la-seua-defuncio-en-acte-de-servei\/","title":{"rendered":"Els companys de la Policia Local de Bu\u00f1ol recorden a Pedro Jim\u00e9nez Parra, quan es compleixen 20 anys de la seua defunci\u00f3 en acte de servei"},"content":{"rendered":"\n<p>S&#8217;han complit 20 anys d&#8217;aquell 5 de novembre de 2001, dia en qu\u00e8 va perdre la vida en acte de servei el Policia Local de Bu\u00f1ol, Pedro Jim\u00e9nez Parra.<\/p>\n\n\n\n<p>Els companys del cos de Policia Local de Bu\u00f1ol que van tindre l&#8217;honor de treballar amb ell, com tots els anys, han volgut recordar-lo i realitzar-li un xicotet homenatge visitant la seua tomba.<\/p>\n\n\n\n<figure class=\"wp-block-image size-large\"><img loading=\"lazy\" decoding=\"async\" width=\"1024\" height=\"772\" src=\"http:\/\/www.tucomarca.com\/wordpress\/segunda\/wp-content\/uploads\/2021\/11\/02PoliciaLocal-1024x772.jpg\" alt=\"\" class=\"wp-image-143811\" srcset=\"https:\/\/www.tucomarca.com\/wordpress\/segunda\/wp-content\/uploads\/2021\/11\/02PoliciaLocal-1024x772.jpg 1024w, https:\/\/www.tucomarca.com\/wordpress\/segunda\/wp-content\/uploads\/2021\/11\/02PoliciaLocal-300x226.jpg 300w, https:\/\/www.tucomarca.com\/wordpress\/segunda\/wp-content\/uploads\/2021\/11\/02PoliciaLocal-768x579.jpg 768w, https:\/\/www.tucomarca.com\/wordpress\/segunda\/wp-content\/uploads\/2021\/11\/02PoliciaLocal-326x245.jpg 326w, https:\/\/www.tucomarca.com\/wordpress\/segunda\/wp-content\/uploads\/2021\/11\/02PoliciaLocal-80x60.jpg 80w, https:\/\/www.tucomarca.com\/wordpress\/segunda\/wp-content\/uploads\/2021\/11\/02PoliciaLocal.jpg 1206w\" sizes=\"auto, (max-width: 1024px) 100vw, 1024px\" \/><\/figure>\n","protected":false},"excerpt":{"rendered":"<div class=\"mh-excerpt\">S&#8217;han complit 20 anys d&#8217;aquell 5 de novembre de 2001, dia en qu\u00e8 va perdre la vida en acte de servei el Policia Local de Bu\u00f1ol, Pedro Jim\u00e9nez Parra. Els companys del cos de Policia <a class=\"mh-excerpt-more\" href=\"https:\/\/www.tucomarca.com\/wordpress\/segunda\/ca\/els-companys-de-la-policia-local-de-bunol-recorden-a-pedro-jimenez-parra-quan-es-compleixen-20-anys-de-la-seua-defuncio-en-acte-de-servei\/\" title=\"Els companys de la Policia Local de Bu\u00f1ol recorden a Pedro Jim\u00e9nez Parra, quan es compleixen 20 anys de la seua defunci\u00f3 en acte de servei\">[+] <\/a><\/div>\n","protected":false},"author":12,"featured_media":143810,"comment_status":"open","ping_status":"open","sticky":false,"template":"","format":"standard","meta":{"footnotes":""},"categories":[10911,10894,10912,10896,10897],"tags":[10913,10914,12356],"class_list":{"0":"post-143814","1":"post","2":"type-post","3":"status-publish","4":"format-standard","5":"has-post-thumbnail","7":"category-bunol-ca","8":"category-la-comarca-ca","9":"category-la-hoya-ca","10":"category-seccion-ca","11":"category-sucesos-la-comarca-ca","12":"tag-bunol-ca","13":"tag-la-hoya-de-bunol-chiva-ca","14":"tag-policia-local-ca"},"_links":{"self":[{"href":"https:\/\/www.tucomarca.com\/wordpress\/segunda\/ca\/wp-json\/wp\/v2\/posts\/143814","targetHints":{"allow":["GET"]}}],"collection":[{"href":"https:\/\/www.tucomarca.com\/wordpress\/segunda\/ca\/wp-json\/wp\/v2\/posts"}],"about":[{"href":"https:\/\/www.tucomarca.com\/wordpress\/segunda\/ca\/wp-json\/wp\/v2\/types\/post"}],"author":[{"embeddable":true,"href":"https:\/\/www.tucomarca.com\/wordpress\/segunda\/ca\/wp-json\/wp\/v2\/users\/12"}],"replies":[{"embeddable":true,"href":"https:\/\/www.tucomarca.com\/wordpress\/segunda\/ca\/wp-json\/wp\/v2\/comments?post=143814"}],"version-history":[{"count":0,"href":"https:\/\/www.tucomarca.com\/wordpress\/segunda\/ca\/wp-json\/wp\/v2\/posts\/143814\/revisions"}],"wp:featuredmedia":[{"embeddable":true,"href":"https:\/\/www.tucomarca.com\/wordpress\/segunda\/ca\/wp-json\/wp\/v2\/media\/143810"}],"wp:attachment":[{"href":"https:\/\/www.tucomarca.com\/wordpress\/segunda\/ca\/wp-json\/wp\/v2\/media?parent=143814"}],"wp:term":[{"taxonomy":"category","embeddable":true,"href":"https:\/\/www.tucomarca.com\/wordpress\/segunda\/ca\/wp-json\/wp\/v2\/categories?post=143814"},{"taxonomy":"post_tag","embeddable":true,"href":"https:\/\/www.tucomarca.com\/wordpress\/segunda\/ca\/wp-json\/wp\/v2\/tags?post=143814"}],"curies":[{"name":"wp","href":"https:\/\/api.w.org\/{rel}","templated":true}]}}