{"id":143909,"date":"2021-11-09T13:45:00","date_gmt":"2021-11-09T12:45:00","guid":{"rendered":"http:\/\/www.tucomarca.com\/wordpress\/segunda\/?p=143909"},"modified":"2021-11-10T02:07:51","modified_gmt":"2021-11-10T01:07:51","slug":"bunyol-millora-la-connexio-entre-els-parcs-del-planell-i-la-violeta-en-la-seua-intencio-daugmentar-un-corredor-esportiu-que-discorre-per-tota-la-poblacio","status":"publish","type":"post","link":"https:\/\/www.tucomarca.com\/wordpress\/segunda\/ca\/bunyol-millora-la-connexio-entre-els-parcs-del-planell-i-la-violeta-en-la-seua-intencio-daugmentar-un-corredor-esportiu-que-discorre-per-tota-la-poblacio\/","title":{"rendered":"Bunyol millora la connexi\u00f3 entre els parcs del Planell i la Violeta en la seua intenci\u00f3 d&#8217;augmentar un corredor esportiu que discorre per tota la poblaci\u00f3"},"content":{"rendered":"\n<h4 class=\"wp-block-heading\">Rafa P\u00e9rez, regidor d&#8217;Urbanisme i Serveis Municipals de l&#8217;Ajuntament de Bunyol, ha informat de la millora de camins, plantat nou arbratge, instal\u00b7lat papereres antivand\u00e0liques, aix\u00ed com instal\u00b7lat baranes de fusta, sense oblidar instal\u00b7laci\u00f3 de mobiliari variat que incentiva el joc i millora el bell entorn d&#8217;aquests paratges naturals.<\/h4>\n\n\n\n<p>Rafa P\u00e9rez, regidor d&#8217;Obres, Urbanisme i Serveis Municipals de l&#8217;Ajuntament de Bunyol, a m\u00e9s de primer Tinent d&#8217;Alcalde, ha confirmat diverses actuacions portades en els \u00faltims dies en diversos parcs i jardins de la localitat, per al gaudi dels vianants i visitants de la localitat.&nbsp;<\/p>\n\n\n\n<p>Dins del corredor esportiu que s&#8217;est\u00e0 generalitzant en tota la localitat per a poder caminar de manera segura per tot el municipi i visitar tots els parcs, s&#8217;ha millorat la connexi\u00f3 entre el parc del Planell, La Violeta i alt del Planell. Els camins s&#8217;han millorat, plantat nou arbratge, instal\u00b7lat papereres antivand\u00e0liques, aix\u00ed com instal\u00b7lat baranes de fusta, sense oblidar instal\u00b7laci\u00f3 de mobiliari variat que incentiva el joc i millora el bell entorn d&#8217;aquests paratges naturals.&nbsp;<\/p>\n\n\n\n<p>S&#8217;est\u00e0 a l&#8217;espera de la instal\u00b7laci\u00f3 nous gronxadors per a diversos parcs infantils, contribuint al manteniment d&#8217;aquestes instal\u00b7lacions tan usades i demandades per la poblaci\u00f3 infantil i juvenil. Des de la Regidoria de Serveis Municipals tamb\u00e9 s&#8217;informa que en els pr\u00f2xims mesos l&#8217;import d&#8217;inversi\u00f3 en parcs, jardins i paratges naturals s&#8217;incrementar\u00e0, millorant el corredor esportiu que incremente la vida saludable entre la poblaci\u00f3 de totes les edats.<\/p>\n\n\n\n<figure class=\"wp-block-gallery columns-2 is-cropped wp-block-gallery-1 is-layout-flex wp-block-gallery-is-layout-flex\"><ul class=\"blocks-gallery-grid\"><li class=\"blocks-gallery-item\"><figure><img loading=\"lazy\" decoding=\"async\" width=\"960\" height=\"720\" src=\"http:\/\/www.tucomarca.com\/wordpress\/segunda\/wp-content\/uploads\/2021\/11\/BunolParques02.jpg\" alt=\"\" data-id=\"143900\" data-full-url=\"http:\/\/www.tucomarca.com\/wordpress\/segunda\/wp-content\/uploads\/2021\/11\/BunolParques02.jpg\" data-link=\"http:\/\/www.tucomarca.com\/wordpress\/segunda\/?attachment_id=143900\" class=\"wp-image-143900\" srcset=\"https:\/\/www.tucomarca.com\/wordpress\/segunda\/wp-content\/uploads\/2021\/11\/BunolParques02.jpg 960w, https:\/\/www.tucomarca.com\/wordpress\/segunda\/wp-content\/uploads\/2021\/11\/BunolParques02-300x225.jpg 300w, https:\/\/www.tucomarca.com\/wordpress\/segunda\/wp-content\/uploads\/2021\/11\/BunolParques02-768x576.jpg 768w, https:\/\/www.tucomarca.com\/wordpress\/segunda\/wp-content\/uploads\/2021\/11\/BunolParques02-678x509.jpg 678w, https:\/\/www.tucomarca.com\/wordpress\/segunda\/wp-content\/uploads\/2021\/11\/BunolParques02-326x245.jpg 326w, https:\/\/www.tucomarca.com\/wordpress\/segunda\/wp-content\/uploads\/2021\/11\/BunolParques02-80x60.jpg 80w\" sizes=\"auto, (max-width: 960px) 100vw, 960px\" \/><\/figure><\/li><li class=\"blocks-gallery-item\"><figure><img loading=\"lazy\" decoding=\"async\" width=\"1024\" height=\"576\" src=\"http:\/\/www.tucomarca.com\/wordpress\/segunda\/wp-content\/uploads\/2021\/11\/BunolParques03-1024x576.jpg\" alt=\"\" data-id=\"143902\" data-full-url=\"http:\/\/www.tucomarca.com\/wordpress\/segunda\/wp-content\/uploads\/2021\/11\/BunolParques03.jpg\" data-link=\"http:\/\/www.tucomarca.com\/wordpress\/segunda\/?attachment_id=143902\" class=\"wp-image-143902\" srcset=\"https:\/\/www.tucomarca.com\/wordpress\/segunda\/wp-content\/uploads\/2021\/11\/BunolParques03-1024x576.jpg 1024w, https:\/\/www.tucomarca.com\/wordpress\/segunda\/wp-content\/uploads\/2021\/11\/BunolParques03-300x169.jpg 300w, https:\/\/www.tucomarca.com\/wordpress\/segunda\/wp-content\/uploads\/2021\/11\/BunolParques03-768x432.jpg 768w, https:\/\/www.tucomarca.com\/wordpress\/segunda\/wp-content\/uploads\/2021\/11\/BunolParques03-1536x864.jpg 1536w, https:\/\/www.tucomarca.com\/wordpress\/segunda\/wp-content\/uploads\/2021\/11\/BunolParques03-678x381.jpg 678w, https:\/\/www.tucomarca.com\/wordpress\/segunda\/wp-content\/uploads\/2021\/11\/BunolParques03.jpg 1600w\" sizes=\"auto, (max-width: 1024px) 100vw, 1024px\" \/><\/figure><\/li><li class=\"blocks-gallery-item\"><figure><img loading=\"lazy\" decoding=\"async\" width=\"742\" height=\"960\" src=\"http:\/\/www.tucomarca.com\/wordpress\/segunda\/wp-content\/uploads\/2021\/11\/BunolParques04.jpg\" alt=\"\" data-id=\"143904\" data-full-url=\"http:\/\/www.tucomarca.com\/wordpress\/segunda\/wp-content\/uploads\/2021\/11\/BunolParques04.jpg\" data-link=\"http:\/\/www.tucomarca.com\/wordpress\/segunda\/?attachment_id=143904\" class=\"wp-image-143904\" srcset=\"https:\/\/www.tucomarca.com\/wordpress\/segunda\/wp-content\/uploads\/2021\/11\/BunolParques04.jpg 742w, https:\/\/www.tucomarca.com\/wordpress\/segunda\/wp-content\/uploads\/2021\/11\/BunolParques04-232x300.jpg 232w\" sizes=\"auto, (max-width: 742px) 100vw, 742px\" \/><\/figure><\/li><li class=\"blocks-gallery-item\"><figure><img loading=\"lazy\" decoding=\"async\" width=\"540\" height=\"960\" src=\"http:\/\/www.tucomarca.com\/wordpress\/segunda\/wp-content\/uploads\/2021\/11\/BunolParques05.jpg\" alt=\"\" data-id=\"143906\" data-full-url=\"http:\/\/www.tucomarca.com\/wordpress\/segunda\/wp-content\/uploads\/2021\/11\/BunolParques05.jpg\" data-link=\"http:\/\/www.tucomarca.com\/wordpress\/segunda\/?attachment_id=143906\" class=\"wp-image-143906\" srcset=\"https:\/\/www.tucomarca.com\/wordpress\/segunda\/wp-content\/uploads\/2021\/11\/BunolParques05.jpg 540w, https:\/\/www.tucomarca.com\/wordpress\/segunda\/wp-content\/uploads\/2021\/11\/BunolParques05-169x300.jpg 169w\" sizes=\"auto, (max-width: 540px) 100vw, 540px\" \/><\/figure><\/li><\/ul><\/figure>\n","protected":false},"excerpt":{"rendered":"<div class=\"mh-excerpt\">Rafa P\u00e9rez, regidor d&#8217;Urbanisme i Serveis Municipals de l&#8217;Ajuntament de Bunyol, ha informat de la millora de camins, plantat nou arbratge, instal\u00b7lat papereres antivand\u00e0liques, aix\u00ed com instal\u00b7lat baranes de fusta, sense oblidar instal\u00b7laci\u00f3 de mobiliari <a class=\"mh-excerpt-more\" href=\"https:\/\/www.tucomarca.com\/wordpress\/segunda\/ca\/bunyol-millora-la-connexio-entre-els-parcs-del-planell-i-la-violeta-en-la-seua-intencio-daugmentar-un-corredor-esportiu-que-discorre-per-tota-la-poblacio\/\" title=\"Bunyol millora la connexi\u00f3 entre els parcs del Planell i la Violeta en la seua intenci\u00f3 d&#8217;augmentar un corredor esportiu que discorre per tota la poblaci\u00f3\">[+] <\/a><\/div>\n","protected":false},"author":12,"featured_media":143899,"comment_status":"open","ping_status":"open","sticky":false,"template":"","format":"standard","meta":{"footnotes":""},"categories":[10911,10948,10894,10912,10896],"tags":[10913,10914,15830,15831],"class_list":{"0":"post-143909","1":"post","2":"type-post","3":"status-publish","4":"format-standard","5":"has-post-thumbnail","7":"category-bunol-ca","8":"category-infraestructuras-ca","9":"category-la-comarca-ca","10":"category-la-hoya-ca","11":"category-seccion-ca","12":"tag-bunol-ca","13":"tag-la-hoya-de-bunol-chiva-ca","14":"tag-mejoras-parques-ca","15":"tag-urbanismo-y-servicios-municipales-ca"},"_links":{"self":[{"href":"https:\/\/www.tucomarca.com\/wordpress\/segunda\/ca\/wp-json\/wp\/v2\/posts\/143909","targetHints":{"allow":["GET"]}}],"collection":[{"href":"https:\/\/www.tucomarca.com\/wordpress\/segunda\/ca\/wp-json\/wp\/v2\/posts"}],"about":[{"href":"https:\/\/www.tucomarca.com\/wordpress\/segunda\/ca\/wp-json\/wp\/v2\/types\/post"}],"author":[{"embeddable":true,"href":"https:\/\/www.tucomarca.com\/wordpress\/segunda\/ca\/wp-json\/wp\/v2\/users\/12"}],"replies":[{"embeddable":true,"href":"https:\/\/www.tucomarca.com\/wordpress\/segunda\/ca\/wp-json\/wp\/v2\/comments?post=143909"}],"version-history":[{"count":0,"href":"https:\/\/www.tucomarca.com\/wordpress\/segunda\/ca\/wp-json\/wp\/v2\/posts\/143909\/revisions"}],"wp:featuredmedia":[{"embeddable":true,"href":"https:\/\/www.tucomarca.com\/wordpress\/segunda\/ca\/wp-json\/wp\/v2\/media\/143899"}],"wp:attachment":[{"href":"https:\/\/www.tucomarca.com\/wordpress\/segunda\/ca\/wp-json\/wp\/v2\/media?parent=143909"}],"wp:term":[{"taxonomy":"category","embeddable":true,"href":"https:\/\/www.tucomarca.com\/wordpress\/segunda\/ca\/wp-json\/wp\/v2\/categories?post=143909"},{"taxonomy":"post_tag","embeddable":true,"href":"https:\/\/www.tucomarca.com\/wordpress\/segunda\/ca\/wp-json\/wp\/v2\/tags?post=143909"}],"curies":[{"name":"wp","href":"https:\/\/api.w.org\/{rel}","templated":true}]}}