{"id":143999,"date":"2021-11-11T14:00:00","date_gmt":"2021-11-11T13:00:00","guid":{"rendered":"http:\/\/www.tucomarca.com\/wordpress\/segunda\/?p=143999"},"modified":"2021-11-12T10:24:44","modified_gmt":"2021-11-12T09:24:44","slug":"marxantbus-modificara-els-seus-horaris-a-partir-de-desembre-per-a-coordinar-el-flux-de-viatgers-amb-el-pas-del-metre-en-riba-roja","status":"publish","type":"post","link":"https:\/\/www.tucomarca.com\/wordpress\/segunda\/ca\/marxantbus-modificara-els-seus-horaris-a-partir-de-desembre-per-a-coordinar-el-flux-de-viatgers-amb-el-pas-del-metre-en-riba-roja\/","title":{"rendered":"MarxantBus modificar\u00e0 els seus horaris a partir de desembre per a coordinar el flux de viatgers amb el pas del metre en Riba-roja"},"content":{"rendered":"\n<p>L&#8217;Ajuntament de Vilamarxant ha arribat un acord amb l&#8217;Autoritat de Transport Metropolit\u00e0 de Val\u00e8ncia per a modificar els horaris dels autobusos de MarxantBus per a coordinar el flux de viatgers amb el pas del metre en l&#8217;estaci\u00f3 de Riba-roja del T\u00faria.&nbsp;<\/p>\n\n\n\n<p>L&#8217;alcalde Xavier Jorge s&#8217;ha reunit amb Manuel Mart\u00ednez, director gerent de l&#8217;Autoritat de Transport Metropolit\u00e0 de Val\u00e8ncia, per a obtindre l&#8217;acord definitiu que permetr\u00e0 a la ciutadania de Vilamarxant disfrutar d&#8217;una millor connexi\u00f3 amb el metre, l&#8217;\u00faltima parada del qual es troba en la poblaci\u00f3 ve\u00efna de Riba-roja.&nbsp;<\/p>\n\n\n\n<p>L&#8217;ardu treball realitzat per les dos institucions ha propiciat l&#8217;acord pel qual es modificar\u00e0 l&#8217;horari de MarxantBus per a coordinar tots els seus horaris amb el metre de Riba-roja. D&#8217;esta manera, un de cada dos metres tindr\u00e0 a l&#8217;autob\u00fas esperant als passatgers de Vilamarxant.&nbsp;<\/p>\n\n\n\n<p>Est\u00e0 previst que els nous horaris, que es publicaran en breu en tots els canals oficials, comencen a partir de l&#8217;1 de desembre. Esta soluci\u00f3 s&#8217;aplicar\u00e0 fins que es licite el servei de transport, previst per a principis de l&#8217;any 2021 i pel qual es cobriran totes les freq\u00fc\u00e8ncies.&nbsp;<\/p>\n\n\n\n<p>Xavier Jorge, primer edil de Vilamarxant, s&#8217;ha mostrat molt feli\u00e7 per este acord: \u201cHem aconseguit una important millora amb el canvi dels horaris que facilitar\u00e0 el transport a tots els nostres ve\u00efns. Este acord se suma a la modificaci\u00f3 de la ruta que ha multiplicat els serveis i la gran baixada del preu dels viatges\u201d.&nbsp;<\/p>\n\n\n\n<p>\u201cEstem incorporant recursos que ens permeten incentivar el transport col\u00b7lectiu i facilitar principalment el transport ja siga al treball o als centres d&#8217;estudi a Val\u00e8ncia, ciutat a la qual molts dels nostres ve\u00efns han d&#8217;anar di\u00e0riament per a exercir la seua professi\u00f3 o continuar formant-se\u201d, ha finalitzat Jorge.&nbsp;<\/p>\n\n\n\n<p><\/p>\n","protected":false},"excerpt":{"rendered":"<div class=\"mh-excerpt\">L&#8217;Ajuntament de Vilamarxant ha arribat un acord amb l&#8217;Autoritat de Transport Metropolit\u00e0 de Val\u00e8ncia per a modificar els horaris dels autobusos de MarxantBus per a coordinar el flux de viatgers amb el pas del metre <a class=\"mh-excerpt-more\" href=\"https:\/\/www.tucomarca.com\/wordpress\/segunda\/ca\/marxantbus-modificara-els-seus-horaris-a-partir-de-desembre-per-a-coordinar-el-flux-de-viatgers-amb-el-pas-del-metre-en-riba-roja\/\" title=\"MarxantBus modificar\u00e0 els seus horaris a partir de desembre per a coordinar el flux de viatgers amb el pas del metre en Riba-roja\">[+] <\/a><\/div>\n","protected":false},"author":12,"featured_media":143998,"comment_status":"open","ping_status":"open","sticky":false,"template":"","format":"standard","meta":{"footnotes":""},"categories":[10892,10948,10894,10947,10906,10896,10927],"tags":[10899,15843,12222,15024,11090],"class_list":{"0":"post-143999","1":"post","2":"type-post","3":"status-publish","4":"format-standard","5":"has-post-thumbnail","7":"category-camp-de-turia-ca","8":"category-infraestructuras-ca","9":"category-la-comarca-ca","10":"category-politica","11":"category-riba-roja-ca","12":"category-seccion-ca","13":"category-vilamarxant-ca","14":"tag-camp-de-turia-ca","15":"tag-marxantbus-ca","16":"tag-metrovalencia-ca","17":"tag-riba-roja-de-turia-ca","18":"tag-vilamarxant-ca"},"_links":{"self":[{"href":"https:\/\/www.tucomarca.com\/wordpress\/segunda\/ca\/wp-json\/wp\/v2\/posts\/143999","targetHints":{"allow":["GET"]}}],"collection":[{"href":"https:\/\/www.tucomarca.com\/wordpress\/segunda\/ca\/wp-json\/wp\/v2\/posts"}],"about":[{"href":"https:\/\/www.tucomarca.com\/wordpress\/segunda\/ca\/wp-json\/wp\/v2\/types\/post"}],"author":[{"embeddable":true,"href":"https:\/\/www.tucomarca.com\/wordpress\/segunda\/ca\/wp-json\/wp\/v2\/users\/12"}],"replies":[{"embeddable":true,"href":"https:\/\/www.tucomarca.com\/wordpress\/segunda\/ca\/wp-json\/wp\/v2\/comments?post=143999"}],"version-history":[{"count":0,"href":"https:\/\/www.tucomarca.com\/wordpress\/segunda\/ca\/wp-json\/wp\/v2\/posts\/143999\/revisions"}],"wp:featuredmedia":[{"embeddable":true,"href":"https:\/\/www.tucomarca.com\/wordpress\/segunda\/ca\/wp-json\/wp\/v2\/media\/143998"}],"wp:attachment":[{"href":"https:\/\/www.tucomarca.com\/wordpress\/segunda\/ca\/wp-json\/wp\/v2\/media?parent=143999"}],"wp:term":[{"taxonomy":"category","embeddable":true,"href":"https:\/\/www.tucomarca.com\/wordpress\/segunda\/ca\/wp-json\/wp\/v2\/categories?post=143999"},{"taxonomy":"post_tag","embeddable":true,"href":"https:\/\/www.tucomarca.com\/wordpress\/segunda\/ca\/wp-json\/wp\/v2\/tags?post=143999"}],"curies":[{"name":"wp","href":"https:\/\/api.w.org\/{rel}","templated":true}]}}