{"id":144081,"date":"2021-11-10T19:55:00","date_gmt":"2021-11-10T18:55:00","guid":{"rendered":"http:\/\/www.tucomarca.com\/wordpress\/segunda\/?p=144081"},"modified":"2021-11-13T21:00:02","modified_gmt":"2021-11-13T20:00:02","slug":"leliana-millora-laccessibilitat-de-les-casetes-i-renova-el-camp-de-futbol-amb-ajuda-de-la-diputacio","status":"publish","type":"post","link":"https:\/\/www.tucomarca.com\/wordpress\/segunda\/ca\/leliana-millora-laccessibilitat-de-les-casetes-i-renova-el-camp-de-futbol-amb-ajuda-de-la-diputacio\/","title":{"rendered":"L&#8217;Eliana millora l&#8217;accessibilitat de Les Casetes i renova el camp de futbol amb ajuda de la Diputaci\u00f3"},"content":{"rendered":"\n<h4 class=\"wp-block-heading\"><strong><strong>El president, Toni Gaspar, visita al costat de l\u2019alcalde, Salvador Torrent, este emblem\u00e0tic barri i el poliesportiu del municipi del Camp de T\u00faria, donde la corporaci\u00f3 provincial ha invertit 700.000 euros<\/strong><\/strong><\/h4>\n\n\n\n<h4 class=\"wp-block-heading\"><strong><strong>En els dos \u00faltims anys, la Diputaci\u00f3 ha duplicat les seues inversions en l\u2019Eliana, amb una mitjana anual de 1,2 milions d\u2019euros enfront dels 730.000 de la passada legislatura i els 180.000 del per\u00edode 2011-15<\/strong><\/strong><\/h4>\n\n\n\n<p>L&#8217;Eliana ultima la millora integral del barri de Les Casetes, un dels m\u00e9s antics de la localitat, i la renovaci\u00f3 del camp de futbol del poliesportiu, dues actuacions incloses en el Pla d&#8217;Inversions de la Diputaci\u00f3 de Val\u00e8ncia. El president de la corporaci\u00f3 provincial, Toni Gaspar, ha visitat aquest dimecres el municipi del Camp de T\u00faria i ha recorregut al costat del seu alcalde, Salvador Torrent, els empla\u00e7aments en els quals la Diputaci\u00f3 ha invertit una mica m\u00e9s de 700.000 euros.<\/p>\n\n\n\n<p>Les Casetes ha vist millorada la seua accessibilitat amb un projecte que ha incl\u00f2s l&#8217;execuci\u00f3 de noves voreres als carrers Mol\u00ed, N\u00e0quera, Mare de Deu del Pilar, Ricardo Llopis, Alegria, Pedralba i l\u2019Horta, aix\u00ed com enjardinament, mobiliari urb\u00e0 i noves instal\u00b7lacions d&#8217;aigua potable. Una actuaci\u00f3 subvencionada \u00edntegrament per la Diputaci\u00f3 amb un pressupost d&#8217;un poc m\u00e9s de 400.000 euros incl\u00f2s en el Pla d&#8217;Inversions bianual que en 2020-21 ha deixat 840.000 euros a l&#8217;Eliana.<\/p>\n\n\n\n<p>Quant al camp de futbol 11 del poliesportiu, l&#8217;actuaci\u00f3 duta a terme ha consistit en la substituci\u00f3 de la gespa i la renovaci\u00f3 de la coberta de les graderies, amb una inversi\u00f3 global de 300.000 euros que s&#8217;emmarca igualment en el Pla d&#8217;Inversions de la Diputaci\u00f3. L&#8217;alcalde, Salvador Torrent, ha posat en valor no sols l&#8217;esfor\u00e7 inversor de la corporaci\u00f3 provincial en els municipis, sin\u00f3 tamb\u00e9 el respecte per l&#8217;autonomia dels ajuntaments a l&#8217;hora de decidir en quines obres s&#8217;inverteixen les ajudes provincials per a millorar la qualitat de vida de les seues ve\u00efnes i ve\u00efns.<\/p>\n\n\n\n<p><strong>Creixen les inversions<\/strong><\/p>\n\n\n\n<p>Durant la visita, en la qual tamb\u00e9 han participat membres de la corporaci\u00f3 local i els diputats provincials Roc\u00edo Gil i Jes\u00fas Gimeno, l&#8217;alcalde de l&#8217;Eliana ha destacat que el municipi ha arribat a comptar en aquests \u00faltims mesos amb una execuci\u00f3 d&#8217;obra p\u00fablica per valor de dos milions d&#8217;euros. En aquesta millora d&#8217;infraestructures i serveis juga un paper fonamental la Diputaci\u00f3, que ha duplicat la inversi\u00f3 en el municipi.<\/p>\n\n\n\n<p>En els dos primers anys de la present legislatura, la corporaci\u00f3 provincial ha destinat a l&#8217;Eliana poc m\u00e9s de 2.400.000 euros entre les aportacions incondicionals del Fons de Cooperaci\u00f3 Municipal, el Pla d&#8217;Inversions i les subvencions a l&#8217;ajuntament. Aquesta xifra suposa una inversi\u00f3 d&#8217;1.204.000 euros en 2021, que supera \u00e0mpliament els 730.000 euros anuals de la passada legislatura i multiplica per sis els 180.000 euros de mitjana anual que rebia el municipi entre 2011 i 2015.<\/p>\n","protected":false},"excerpt":{"rendered":"<div class=\"mh-excerpt\">El president, Toni Gaspar, visita al costat de l\u2019alcalde, Salvador Torrent, este emblem\u00e0tic barri i el poliesportiu del municipi del Camp de T\u00faria, donde la corporaci\u00f3 provincial ha invertit 700.000 euros En els dos \u00faltims <a class=\"mh-excerpt-more\" href=\"https:\/\/www.tucomarca.com\/wordpress\/segunda\/ca\/leliana-millora-laccessibilitat-de-les-casetes-i-renova-el-camp-de-futbol-amb-ajuda-de-la-diputacio\/\" title=\"L&#8217;Eliana millora l&#8217;accessibilitat de Les Casetes i renova el camp de futbol amb ajuda de la Diputaci\u00f3\">[+] <\/a><\/div>\n","protected":false},"author":1,"featured_media":143844,"comment_status":"open","ping_status":"open","sticky":false,"template":"","format":"standard","meta":{"footnotes":""},"categories":[10892,11015,11003,10898,10948,10894,10893,10947,10896],"tags":[10395,10899,3677,11246,10433,11172],"class_list":{"0":"post-144081","1":"post","2":"type-post","3":"status-publish","4":"format-standard","5":"has-post-thumbnail","7":"category-camp-de-turia-ca","8":"category-canal-futbol","9":"category-sports","10":"category-ventana-ca","11":"category-infraestructuras-ca","12":"category-la-comarca-ca","13":"category-leliana-ca","14":"category-politica","15":"category-seccion-ca","16":"tag-camp-de-turia","17":"tag-camp-de-turia-ca","18":"tag-diputacio-de-valencia","19":"tag-diputacio-de-valencia-ca","20":"tag-leliana","21":"tag-leliana-ca-2"},"_links":{"self":[{"href":"https:\/\/www.tucomarca.com\/wordpress\/segunda\/ca\/wp-json\/wp\/v2\/posts\/144081","targetHints":{"allow":["GET"]}}],"collection":[{"href":"https:\/\/www.tucomarca.com\/wordpress\/segunda\/ca\/wp-json\/wp\/v2\/posts"}],"about":[{"href":"https:\/\/www.tucomarca.com\/wordpress\/segunda\/ca\/wp-json\/wp\/v2\/types\/post"}],"author":[{"embeddable":true,"href":"https:\/\/www.tucomarca.com\/wordpress\/segunda\/ca\/wp-json\/wp\/v2\/users\/1"}],"replies":[{"embeddable":true,"href":"https:\/\/www.tucomarca.com\/wordpress\/segunda\/ca\/wp-json\/wp\/v2\/comments?post=144081"}],"version-history":[{"count":0,"href":"https:\/\/www.tucomarca.com\/wordpress\/segunda\/ca\/wp-json\/wp\/v2\/posts\/144081\/revisions"}],"wp:featuredmedia":[{"embeddable":true,"href":"https:\/\/www.tucomarca.com\/wordpress\/segunda\/ca\/wp-json\/wp\/v2\/media\/143844"}],"wp:attachment":[{"href":"https:\/\/www.tucomarca.com\/wordpress\/segunda\/ca\/wp-json\/wp\/v2\/media?parent=144081"}],"wp:term":[{"taxonomy":"category","embeddable":true,"href":"https:\/\/www.tucomarca.com\/wordpress\/segunda\/ca\/wp-json\/wp\/v2\/categories?post=144081"},{"taxonomy":"post_tag","embeddable":true,"href":"https:\/\/www.tucomarca.com\/wordpress\/segunda\/ca\/wp-json\/wp\/v2\/tags?post=144081"}],"curies":[{"name":"wp","href":"https:\/\/api.w.org\/{rel}","templated":true}]}}