{"id":144200,"date":"2021-11-16T15:00:00","date_gmt":"2021-11-16T14:00:00","guid":{"rendered":"http:\/\/www.tucomarca.com\/wordpress\/segunda\/?p=144200"},"modified":"2021-11-17T00:09:31","modified_gmt":"2021-11-16T23:09:31","slug":"el-paratge-de-porxinos-de-riba-roja-passa-a-formar-part-del-porn-del-parc-del-turia-com-a-zona-protegida-i-el-blinda-davant-qualsevol-projecte-urbanistic-en-el-futur","status":"publish","type":"post","link":"https:\/\/www.tucomarca.com\/wordpress\/segunda\/ca\/el-paratge-de-porxinos-de-riba-roja-passa-a-formar-part-del-porn-del-parc-del-turia-com-a-zona-protegida-i-el-blinda-davant-qualsevol-projecte-urbanistic-en-el-futur\/","title":{"rendered":"El paratge de Porxinos de Riba-roja passa a formar part del Porn del Parc del T\u00faria com a zona protegida i el blinda davant qualsevol projecte urban\u00edstic en el futur"},"content":{"rendered":"\n<p><strong>La Generalitat aprova els espais protegits en la zona d&#8217;influ\u00e8ncia<\/strong><\/p>\n\n\n\n<p>El nou Pla d&#8217;Ordenaci\u00f3 de Recursos Naturals (PORN) del Parc del T\u00faria amplia el seu \u00e0mbit territorial al paratge de Porxinos de Riba-roja de T\u00faria amb l&#8217;objectiu de blindar-lo davant qualsevol possibilitat d&#8217;un projecte urban\u00edstic en la zona. Aquest paratge passa de tindre una qualificaci\u00f3 com a s\u00f2l agr\u00edcola a una altra denominaci\u00f3 com a \u00e0rea d&#8217;interfase de mosaic agr\u00edcola\/forestal.&nbsp;<\/p>\n\n\n\n<p>La nova ampliaci\u00f3 del Parc del T\u00faria afecta als \u00e0mbits territorials dels municipis de Bugarra, Gestalgar, Chulilla, el nou llit o Pla Sud, el paratge dels Moles a Paterna i el paratge de Porxinos, a Riba-roja de T\u00faria. A m\u00e9s, en el cas de Riba-roja de T\u00faria aquesta protecci\u00f3 s&#8217;est\u00e9n als 858.571 metres quadrats d&#8217;extensi\u00f3 dels sis barrancs existents en el terme municipal.&nbsp;<\/p>\n\n\n\n<p>El document dissenyat per la Conselleria d&#8217;Agricultura, Desenvolupament Rural, Emerg\u00e8ncia Clim\u00e0tica i Transici\u00f3 Ecol\u00f2gica considera el paratge de Porxinos com a \u00e0rea d&#8217;Interfase de mosaic agr\u00edcola-forestal en el qual existeix un \u00fas agr\u00edcola intercalada, caracteritzat pels cultius de sec\u00e0 o de regadiu que, des del punt de vista ambiental i paisatg\u00edstic \u201cconfiguren zones d&#8217;indubtable inter\u00e9s, especialment per l&#8217;efecte de mosaic entre la fase forestal i agr\u00edcola i la relaci\u00f3 existent com a ambients favorables per a la fauna i d&#8217;especial significat paisatg\u00edstic\u201d.&nbsp;<\/p>\n\n\n\n<p>La nova qualificaci\u00f3 suposa, a m\u00e9s, que tot el s\u00f2l incl\u00f2s en l&#8217;\u00e0rea d&#8217;interfase ser\u00e0 classificada en els seus respectius planejaments urban\u00edstics municipals com a s\u00f2l no urbanitzable protegit, excepte aquelles \u00e0rees en les quals la conselleria d&#8217;Agricultura, Desenvolupament Rural, Emerg\u00e8ncia Clim\u00e0tica i Transici\u00f3 Ecol\u00f2gica puga autoritzar en determinades zones mineres.&nbsp;<br>D&#8217;aquesta manera, en l&#8217;\u00e0rea de Porxinos no es podr\u00e0 dur a terme cap mena d&#8217;actuaci\u00f3 urban\u00edstica mitjan\u00e7ant l&#8217;aprovaci\u00f3 del ple municipal de l&#8217;Ajuntament de Riba-roja de T\u00faria com s\u00ed que va oc\u00f3rrer l&#8217;any 2005 quan el PP va signar un conveni amb una empresa creada pel Val\u00e8ncia CF per a desenvolupar un programa d&#8217;actuaci\u00f3 integrada (PAI) que preveia construir 2.700 habitatges, un camp de golf i una ciutat esportiva en aquest paratge natural.&nbsp;<\/p>\n\n\n\n<p>Finalment, una sent\u00e8ncia del Tribunal Superior de Just\u00edcia en 2013 i una altra fallada del Tribunal Suprem l&#8217;any 2015 van tombar el projecte urban\u00edstic en considerar que no existien suficients recursos h\u00eddrics com es posava de manifest en un informe de la Confederaci\u00f3 Hidrogr\u00e0fica del X\u00faquer (CHJ), a m\u00e9s de que no es van respectar les condicions que imposava la declaraci\u00f3 d&#8217;impacte ambiental respecte del paratge confrontant dels Rodanes i, finalment, l&#8217;adjudicaci\u00f3 de la urbanitzaci\u00f3 es va realitzar &#8220;a dit&#8221; i &#8220;sense la necess\u00e0ria oferta p\u00fablica&#8221;.&nbsp;<\/p>\n\n\n\n<p>A m\u00e9s, una sent\u00e8ncia del jutjat contenci\u00f3s administratiu n\u00famero 2 de Val\u00e8ncia desestima la demanda de Litoral de l&#8217;Est, empresa creada i impulsada pel Val\u00e8ncia CF, en la qual sol\u00b7licitava a l&#8217;Ajuntament de Riba-roja de T\u00faria el pagament de 25 milions d&#8217;euros en concepte d&#8217;indemnitzaci\u00f3 per l&#8217;anul\u00b7laci\u00f3 del PAI de Porxinos decretada pels tribunals.&nbsp;<\/p>\n\n\n\n<p>L&#8217;alcalde de Riba-roja de T\u00faria, Robert Raga, ha subratllat la import\u00e0ncia de la nova qualificaci\u00f3 del paratge de Porxinos \u201cperqu\u00e8 suposa la protecci\u00f3 integral d&#8217;un espai amb una indubtable riquesa ambiental i patrimonial molt estimat per tots els ve\u00efns i els valencians i, a m\u00e9s, desapareix la possibilitat en un futur de tornar a incloure&#8217;l en un pla urban\u00edstic\u201d.<\/p>\n","protected":false},"excerpt":{"rendered":"<div class=\"mh-excerpt\">La Generalitat aprova els espais protegits en la zona d&#8217;influ\u00e8ncia El nou Pla d&#8217;Ordenaci\u00f3 de Recursos Naturals (PORN) del Parc del T\u00faria amplia el seu \u00e0mbit territorial al paratge de Porxinos de Riba-roja de T\u00faria <a class=\"mh-excerpt-more\" href=\"https:\/\/www.tucomarca.com\/wordpress\/segunda\/ca\/el-paratge-de-porxinos-de-riba-roja-passa-a-formar-part-del-porn-del-parc-del-turia-com-a-zona-protegida-i-el-blinda-davant-qualsevol-projecte-urbanistic-en-el-futur\/\" title=\"El paratge de Porxinos de Riba-roja passa a formar part del Porn del Parc del T\u00faria com a zona protegida i el blinda davant qualsevol projecte urban\u00edstic en el futur\">[+] <\/a><\/div>\n","protected":false},"author":12,"featured_media":144198,"comment_status":"open","ping_status":"open","sticky":false,"template":"","format":"standard","meta":{"footnotes":""},"categories":[10892,10948,10894,10904,10903,10906,10896],"tags":[10899,12166,15868,11102],"class_list":{"0":"post-144200","1":"post","2":"type-post","3":"status-publish","4":"format-standard","5":"has-post-thumbnail","7":"category-camp-de-turia-ca","8":"category-infraestructuras-ca","9":"category-la-comarca-ca","10":"category-sin-categorizar-ca","11":"category-medio-ambiente-la-comarca-ca","12":"category-riba-roja-ca","13":"category-seccion-ca","14":"tag-camp-de-turia-ca","15":"tag-medio-ambiente-ca","16":"tag-parajes-naturales-ca","17":"tag-riba-roja-2-ca"},"_links":{"self":[{"href":"https:\/\/www.tucomarca.com\/wordpress\/segunda\/ca\/wp-json\/wp\/v2\/posts\/144200","targetHints":{"allow":["GET"]}}],"collection":[{"href":"https:\/\/www.tucomarca.com\/wordpress\/segunda\/ca\/wp-json\/wp\/v2\/posts"}],"about":[{"href":"https:\/\/www.tucomarca.com\/wordpress\/segunda\/ca\/wp-json\/wp\/v2\/types\/post"}],"author":[{"embeddable":true,"href":"https:\/\/www.tucomarca.com\/wordpress\/segunda\/ca\/wp-json\/wp\/v2\/users\/12"}],"replies":[{"embeddable":true,"href":"https:\/\/www.tucomarca.com\/wordpress\/segunda\/ca\/wp-json\/wp\/v2\/comments?post=144200"}],"version-history":[{"count":0,"href":"https:\/\/www.tucomarca.com\/wordpress\/segunda\/ca\/wp-json\/wp\/v2\/posts\/144200\/revisions"}],"wp:featuredmedia":[{"embeddable":true,"href":"https:\/\/www.tucomarca.com\/wordpress\/segunda\/ca\/wp-json\/wp\/v2\/media\/144198"}],"wp:attachment":[{"href":"https:\/\/www.tucomarca.com\/wordpress\/segunda\/ca\/wp-json\/wp\/v2\/media?parent=144200"}],"wp:term":[{"taxonomy":"category","embeddable":true,"href":"https:\/\/www.tucomarca.com\/wordpress\/segunda\/ca\/wp-json\/wp\/v2\/categories?post=144200"},{"taxonomy":"post_tag","embeddable":true,"href":"https:\/\/www.tucomarca.com\/wordpress\/segunda\/ca\/wp-json\/wp\/v2\/tags?post=144200"}],"curies":[{"name":"wp","href":"https:\/\/api.w.org\/{rel}","templated":true}]}}