{"id":144216,"date":"2021-11-16T15:32:00","date_gmt":"2021-11-16T14:32:00","guid":{"rendered":"http:\/\/www.tucomarca.com\/wordpress\/segunda\/?p=144216"},"modified":"2021-11-17T00:16:32","modified_gmt":"2021-11-16T23:16:32","slug":"el-prya-denuncia-que-els-pressupostos-de-2022-no-solucionen-el-problema-del-manteniment-de-camins","status":"publish","type":"post","link":"https:\/\/www.tucomarca.com\/wordpress\/segunda\/ca\/el-prya-denuncia-que-els-pressupostos-de-2022-no-solucionen-el-problema-del-manteniment-de-camins\/","title":{"rendered":"El PRyA den\u00fancia que els pressupostos de 2022 no solucionen el problema del manteniment de camins"},"content":{"rendered":"\n<p><strong>La motoniveladora de l&#8217;Ajuntament porta avariada des d&#8217;agost<\/strong><\/p>\n\n\n\n<p>Des del Partit de Requena i Llogarets volen &#8220;destacar que els pressupostos municipals per a 2022 no solucionen el pen\u00f3s estat dels camins del municipi, la major part d&#8217;ells en una lamentable situaci\u00f3&#8221;.\u00a0<\/p>\n\n\n\n<p>&#8220;De tots \u00e9s sabut que, a causa de les caracter\u00edstiques de el\u00a0municipi de Requena, el m\u00e9s extens de la Comunitat Valenciana amb 814\u201921 km quadrats,\u00a0fan que siga el que m\u00e9s camins i infraestructures agr\u00e0ries posseeix de la nostra regi\u00f3, per la qual cosa des del Partit de Requena i Llogarets considerem una prioritat atendre&#8217;ls&#8221;.<\/p>\n\n\n\n<p>&#8220;S\u00f3n m\u00faltiples les queixes, sobretot d&#8217;agricultors, que hi ha sobre el mal estat dels camins\u00a0ja que, en molts d&#8217;ells, es fa molt dif\u00edcil transitar en per\u00edodes de pluja o suposen un greu risc a l&#8217;hora de circular amb un vehicle pel perill de bolcada del mateix i el risc conseq\u00fcent per a l&#8217;agricultor&#8221;.<\/p>\n\n\n\n<p>&#8220;Des del Partit de Requena i Llogarets creiem totalment necess\u00e0ria la creaci\u00f3 d&#8217;una brigada municipal de reparaci\u00f3 i manteniment de camins que solucione d&#8217;una vegada per sempre aquesta lamentable situaci\u00f3&#8221;.\u00a0<\/p>\n\n\n\n<p>&#8220;No t\u00e9 sentit que, sent l&#8217;agricultura el nostre principal motor econ\u00f2mic, es destine m\u00e9s diners a fira (116.000\u20ac) o per al cinema Astoria (230.000 \u20ac) que a la reparaci\u00f3 i manteniment dels nostres camins (tan sols 20.000 \u20ac)&#8221;.<\/p>\n\n\n\n<p>&#8220;A m\u00e9s, hem de destacar que els ingressos corresponents a l&#8217;IBI de les parcel\u00b7les agr\u00edcoles suposen al voltant de 200.000 \u20ac, \u00e9s a dir, 10 vegades m\u00e9s del que despr\u00e9s s&#8217;inverteix en camins (20.000 \u20ac)&#8221;.<\/p>\n\n\n\n<p>Per al Partit de Requena i Llogarets &#8220;els camins s\u00f3n una prioritat, per la qual cosa demanem que els 200.000 \u20ac d&#8217;IBI de parcel\u00b7les agr\u00edcoles abans comentat, hauria d&#8217;anar a finan\u00e7ar la brigada de reparaci\u00f3 i manteniment de camins que nosaltres reivindiquem&#8221;.\u00a0<\/p>\n\n\n\n<p>&#8220;Els agricultors s\u00f3n els grans oblidats en els pressupostos municipals de l&#8217;alcalde socialista Mario S\u00e1nchez, per la qual cosa des del PRyA votem en contra dels pressupostos municipals per a 2022&#8221;.<\/p>\n\n\n\n<p>&#8220;Des del Partit de Requena i Llogarets ens comprometem, quan ens siga possible, a augmentar les partides econ\u00f2miques destinades a l&#8217;agricultura i als camins, perqu\u00e8 per a nosaltres els agricultors si s\u00f3n una prioritat&#8221;, han finalitzat.<\/p>\n","protected":false},"excerpt":{"rendered":"<div class=\"mh-excerpt\">La motoniveladora de l&#8217;Ajuntament porta avariada des d&#8217;agost Des del Partit de Requena i Llogarets volen &#8220;destacar que els pressupostos municipals per a 2022 no solucionen el pen\u00f3s estat dels camins del municipi, la major <a class=\"mh-excerpt-more\" href=\"https:\/\/www.tucomarca.com\/wordpress\/segunda\/ca\/el-prya-denuncia-que-els-pressupostos-de-2022-no-solucionen-el-problema-del-manteniment-de-camins\/\" title=\"El PRyA den\u00fancia que els pressupostos de 2022 no solucionen el problema del manteniment de camins\">[+] <\/a><\/div>\n","protected":false},"author":12,"featured_media":144214,"comment_status":"open","ping_status":"open","sticky":false,"template":"","format":"standard","meta":{"footnotes":""},"categories":[10948,10894,10904,10908,10909,10896],"tags":[12903,11140,11099,10910],"class_list":{"0":"post-144216","1":"post","2":"type-post","3":"status-publish","4":"format-standard","5":"has-post-thumbnail","7":"category-infraestructuras-ca","8":"category-la-comarca-ca","9":"category-sin-categorizar-ca","10":"category-requena-ca","11":"category-requena-utiel-ca","12":"category-seccion-ca","13":"tag-infraestructuras-ca","14":"tag-politica-ca","15":"tag-requena-ca","16":"tag-requena-utiel-ca"},"_links":{"self":[{"href":"https:\/\/www.tucomarca.com\/wordpress\/segunda\/ca\/wp-json\/wp\/v2\/posts\/144216","targetHints":{"allow":["GET"]}}],"collection":[{"href":"https:\/\/www.tucomarca.com\/wordpress\/segunda\/ca\/wp-json\/wp\/v2\/posts"}],"about":[{"href":"https:\/\/www.tucomarca.com\/wordpress\/segunda\/ca\/wp-json\/wp\/v2\/types\/post"}],"author":[{"embeddable":true,"href":"https:\/\/www.tucomarca.com\/wordpress\/segunda\/ca\/wp-json\/wp\/v2\/users\/12"}],"replies":[{"embeddable":true,"href":"https:\/\/www.tucomarca.com\/wordpress\/segunda\/ca\/wp-json\/wp\/v2\/comments?post=144216"}],"version-history":[{"count":0,"href":"https:\/\/www.tucomarca.com\/wordpress\/segunda\/ca\/wp-json\/wp\/v2\/posts\/144216\/revisions"}],"wp:featuredmedia":[{"embeddable":true,"href":"https:\/\/www.tucomarca.com\/wordpress\/segunda\/ca\/wp-json\/wp\/v2\/media\/144214"}],"wp:attachment":[{"href":"https:\/\/www.tucomarca.com\/wordpress\/segunda\/ca\/wp-json\/wp\/v2\/media?parent=144216"}],"wp:term":[{"taxonomy":"category","embeddable":true,"href":"https:\/\/www.tucomarca.com\/wordpress\/segunda\/ca\/wp-json\/wp\/v2\/categories?post=144216"},{"taxonomy":"post_tag","embeddable":true,"href":"https:\/\/www.tucomarca.com\/wordpress\/segunda\/ca\/wp-json\/wp\/v2\/tags?post=144216"}],"curies":[{"name":"wp","href":"https:\/\/api.w.org\/{rel}","templated":true}]}}