{"id":144225,"date":"2021-11-16T10:30:00","date_gmt":"2021-11-16T09:30:00","guid":{"rendered":"http:\/\/www.tucomarca.com\/wordpress\/segunda\/?p=144225"},"modified":"2021-11-17T00:11:40","modified_gmt":"2021-11-16T23:11:40","slug":"el-circuit-tanca-aquest-cap-de-setmana-la-temporada-internacional-de-motociclisme","status":"publish","type":"post","link":"https:\/\/www.tucomarca.com\/wordpress\/segunda\/ca\/el-circuit-tanca-aquest-cap-de-setmana-la-temporada-internacional-de-motociclisme\/","title":{"rendered":"El Circuit tanca aquest cap de setmana la temporada internacional de motociclisme"},"content":{"rendered":"\n<p><strong>El mundial j\u00fanior de Moto3 es decideix a Cheste amb l&#8217;alacant\u00ed Dani Holgado com a favorit&nbsp;<\/strong><\/p>\n\n\n\n<p><strong>Acc\u00e9s lliure a l&#8217;afici\u00f3, que podr\u00e0 veure el grafiti homenatge a Valentino Rossi<\/strong><\/p>\n\n\n\n<p>El Circuit Ricardo Tormo celebra aquest cap de setmana l&#8217;\u00faltima carrera del FIM CEV Repsol, que inclou carreres del campionat j\u00fanior de Moto3, l&#8217;europeu de Moto2 i la Hawkers European Talent Cup el dissabte 20 i el diumenge 21 de novembre.&nbsp;<\/p>\n\n\n\n<p>Es tracta de les \u00faltimes carreres de la temporada 2021 que es tanca aquest cap de setmana amb la cita indon\u00e8sia del mundial de Superbike i les competicions de Cheste.&nbsp;<\/p>\n\n\n\n<p>El pilot alacant\u00ed Daniel Holgado parteix com a favorit per a emportar-se el t\u00edtol mundial j\u00fanior de Moto3. El pilot de l&#8217;Aspar Team parteix amb 26 punts d&#8217;avantatge sobre David Mu\u00f1os i amb 43 sobre Iv\u00e1n Ortol\u00e1 amb dues carreres, 50 punts, per davant en el Circuit Ricardo Tormo.&nbsp;<\/p>\n\n\n\n<p>El t\u00edtol europeu de Moto2 est\u00e0 decidit a favor del mundialista Ferm\u00edn Aldeguer, que ha completat una temporada plena d&#8217;\u00e8xits, i el de la Hawkers European Ta-lent Cup t\u00e9 dos pilots de la Cuna de Campeones, Adri\u00e1n Cruces i Xabi Zurutuza, a 6 i 11 punts del lideratge que t\u00e9 el jove M\u00e1ximo Mart\u00ednez amb dues carreres molt emocionants en la jornada del diumenge.&nbsp;<\/p>\n\n\n\n<p>A m\u00e9s, l&#8217;horari inclou l&#8217;\u00faltima cita de l&#8217;any de la Cuna de Campeones i la gala de lliurament de premis del certamen del Circuit Ricardo Tormo de promoci\u00f3 de joves pilots.&nbsp;<\/p>\n\n\n\n<p><strong>Entrada lliure<\/strong><\/p>\n\n\n\n<p>Tota l&#8217;afici\u00f3 tindra l&#8217;oportunitat d&#8217;assistir a l&#8217;esdeveniment de manera gratu\u00efta, amb acc\u00e9s lliure tant a les tribunes com al paddock del Circuit Ricardo Tormo, on podr\u00e0 veure l&#8217;enorme grafiti que es va realitzar durant el Gran Premi per a celebrar la retirada del pilot itali\u00e0 Valentino Rossi.&nbsp;<\/p>\n\n\n\n<p>A m\u00e9s, prop de 2.000 aficionats i aficionades participaran en les activitats de Mo-toRock, que convertir\u00e0 el diumenge de carreres en un dia festiu de m\u00fasica i mo-tociclisme que tindr\u00e0 com a colof\u00f3 una volta pel tra\u00e7at de Cheste en acabar el programa previst amb sis carreres.<\/p>\n","protected":false},"excerpt":{"rendered":"<div class=\"mh-excerpt\">El mundial j\u00fanior de Moto3 es decideix a Cheste amb l&#8217;alacant\u00ed Dani Holgado com a favorit&nbsp; Acc\u00e9s lliure a l&#8217;afici\u00f3, que podr\u00e0 veure el grafiti homenatge a Valentino Rossi El Circuit Ricardo Tormo celebra aquest <a class=\"mh-excerpt-more\" href=\"https:\/\/www.tucomarca.com\/wordpress\/segunda\/ca\/el-circuit-tanca-aquest-cap-de-setmana-la-temporada-internacional-de-motociclisme\/\" title=\"El Circuit tanca aquest cap de setmana la temporada internacional de motociclisme\">[+] <\/a><\/div>\n","protected":false},"author":12,"featured_media":144223,"comment_status":"open","ping_status":"open","sticky":false,"template":"","format":"standard","meta":{"footnotes":""},"categories":[11003,10898,10894,10904,10912,11011,10896,10974],"tags":[11071,11348,10914,11888],"class_list":{"0":"post-144225","1":"post","2":"type-post","3":"status-publish","4":"format-standard","5":"has-post-thumbnail","7":"category-sports","8":"category-ventana-ca","9":"category-la-comarca-ca","10":"category-sin-categorizar-ca","11":"category-la-hoya-ca","12":"category-motociclismo-ca","13":"category-seccion-ca","14":"category-cheste-ca","15":"tag-cheste","16":"tag-circuito-de-cheste-ca","17":"tag-la-hoya-de-bunol-chiva-ca","18":"tag-motociclismo-ca"},"_links":{"self":[{"href":"https:\/\/www.tucomarca.com\/wordpress\/segunda\/ca\/wp-json\/wp\/v2\/posts\/144225","targetHints":{"allow":["GET"]}}],"collection":[{"href":"https:\/\/www.tucomarca.com\/wordpress\/segunda\/ca\/wp-json\/wp\/v2\/posts"}],"about":[{"href":"https:\/\/www.tucomarca.com\/wordpress\/segunda\/ca\/wp-json\/wp\/v2\/types\/post"}],"author":[{"embeddable":true,"href":"https:\/\/www.tucomarca.com\/wordpress\/segunda\/ca\/wp-json\/wp\/v2\/users\/12"}],"replies":[{"embeddable":true,"href":"https:\/\/www.tucomarca.com\/wordpress\/segunda\/ca\/wp-json\/wp\/v2\/comments?post=144225"}],"version-history":[{"count":0,"href":"https:\/\/www.tucomarca.com\/wordpress\/segunda\/ca\/wp-json\/wp\/v2\/posts\/144225\/revisions"}],"wp:featuredmedia":[{"embeddable":true,"href":"https:\/\/www.tucomarca.com\/wordpress\/segunda\/ca\/wp-json\/wp\/v2\/media\/144223"}],"wp:attachment":[{"href":"https:\/\/www.tucomarca.com\/wordpress\/segunda\/ca\/wp-json\/wp\/v2\/media?parent=144225"}],"wp:term":[{"taxonomy":"category","embeddable":true,"href":"https:\/\/www.tucomarca.com\/wordpress\/segunda\/ca\/wp-json\/wp\/v2\/categories?post=144225"},{"taxonomy":"post_tag","embeddable":true,"href":"https:\/\/www.tucomarca.com\/wordpress\/segunda\/ca\/wp-json\/wp\/v2\/tags?post=144225"}],"curies":[{"name":"wp","href":"https:\/\/api.w.org\/{rel}","templated":true}]}}