{"id":144495,"date":"2021-11-19T20:11:00","date_gmt":"2021-11-19T19:11:00","guid":{"rendered":"http:\/\/www.tucomarca.com\/wordpress\/segunda\/?p=144495"},"modified":"2021-11-22T18:37:19","modified_gmt":"2021-11-22T17:37:19","slug":"sanitat-notifica-727-nous-casos-de-coronavirus-i-358-altes-en-la-comunitat-valenciana","status":"publish","type":"post","link":"https:\/\/www.tucomarca.com\/wordpress\/segunda\/ca\/sanitat-notifica-727-nous-casos-de-coronavirus-i-358-altes-en-la-comunitat-valenciana\/","title":{"rendered":"Sanitat notifica 727 nous casos de coronavirus i 358 altes en la Comunitat Valenciana"},"content":{"rendered":"\n<h4 class=\"wp-block-heading\">Per prov\u00edncies, s&#8217;han comptabilitzat 158 nous positius a Castell\u00f3, 221 a Alacant i 348 a Val\u00e8ncia<\/h4>\n\n\n\n<h4 class=\"wp-block-heading\">Els hospitals valencians tenen a 249 persones ingressades amb la malaltia, 49 d&#8217;elles en l&#8217;UCI<\/h4>\n\n\n\n<p>Un total de 4.218.723 persones han rebut ja una dosi de la vacuna contra el coronavirus en la Comunitat Valenciana. A m\u00e9s, en aquests moments, compten amb la pauta completa d&#8217;immunitzaci\u00f3 (dues dosis per a Pfizer, Moderna i AstraZeneca; la monodosis de Janssen i una dosi de qualsevol vacuna en les persones amb antecedents d&#8217;haver passat la COVID) 4.150.078 persones.<\/p>\n\n\n\n<p>La Conselleria de Sanitat Universal i Salut P\u00fablica ha notificat 727 nous casos de coronavirus confirmats per prova PCR o a trav\u00e9s de test d&#8217;ant\u00edgens. Amb aquesta actualitzaci\u00f3, la xifra total de positius se situa en 522.809 persones. Els nous casos per prov\u00edncies s\u00f3n 158 a Castell\u00f3 (56.160 en total); 221 a Alacant (191.370) i 348 a Val\u00e8ncia (275.278). La xifra de casos no assignats es mant\u00e9 en 1.<\/p>\n\n\n\n<p>D&#8217;altra banda, s&#8217;han registrat 358 altes a pacients amb coronavirus. D&#8217;aquesta manera, el nombre de persones que han superat la malaltia des que va comen\u00e7ar la pand\u00e8mia en la Comunitat Valenciana ascendeix a 520.688 persones. Per prov\u00edncies, les altes es distribueixen aix\u00ed: 55.601 a Castell\u00f3, 190.374 a Alacant i 274.657 a Val\u00e8ncia. El total d&#8217;altes no assignades es mant\u00e9 en 56.<\/p>\n\n\n\n<p>Els hospitals valencians tenen, actualment, a 249 persones ingressades amb la malaltia, 49 d&#8217;elles en l&#8217;UCI: 58 a la prov\u00edncia de Castell\u00f3, 11 en UCI; 82 a la prov\u00edncia d&#8217;Alacant, 21 d&#8217;elles en l&#8217;UCI; i 109 a la prov\u00edncia de Val\u00e8ncia, 17 en UCI.<\/p>\n\n\n\n<p>No s&#8217;ha notificat cap defunci\u00f3 per coronavirus, per la qual cosa el total de decessos des de l&#8217;inici de la pand\u00e8mia es mant\u00e9 en 7.889: 869 a la prov\u00edncia de Castell\u00f3, 3.029 en la d&#8217;Alacant i 3.991 en la de Val\u00e8ncia.<\/p>\n\n\n\n<p>D&#8217;acord amb les dades registrades, en aquests moments hi ha 5.674 casos actius, la qual cosa suposa un 1,06% del total de positius.<\/p>\n\n\n\n<p>Des de l&#8217;\u00faltima actualitzaci\u00f3, no s&#8217;han notificat brots de 10 o m\u00e9s casos.<\/p>\n","protected":false},"excerpt":{"rendered":"<div class=\"mh-excerpt\">Per prov\u00edncies, s&#8217;han comptabilitzat 158 nous positius a Castell\u00f3, 221 a Alacant i 348 a Val\u00e8ncia Els hospitals valencians tenen a 249 persones ingressades amb la malaltia, 49 d&#8217;elles en l&#8217;UCI Un total de 4.218.723 <a class=\"mh-excerpt-more\" href=\"https:\/\/www.tucomarca.com\/wordpress\/segunda\/ca\/sanitat-notifica-727-nous-casos-de-coronavirus-i-358-altes-en-la-comunitat-valenciana\/\" title=\"Sanitat notifica 727 nous casos de coronavirus i 358 altes en la Comunitat Valenciana\">[+] <\/a><\/div>\n","protected":false},"author":12,"featured_media":136090,"comment_status":"open","ping_status":"open","sticky":false,"template":"","format":"standard","meta":{"footnotes":""},"categories":[11010,12202,10898,10948,10894,10904,10903,10947,10896,10897],"tags":[12165,11939,11940,13477,13499,13963],"class_list":{"0":"post-144495","1":"post","2":"type-post","3":"status-publish","4":"format-standard","5":"has-post-thumbnail","7":"category-canal-salud","8":"category-covid-19-ca","9":"category-ventana-ca","10":"category-infraestructuras-ca","11":"category-la-comarca-ca","12":"category-sin-categorizar-ca","13":"category-medio-ambiente-la-comarca-ca","14":"category-politica","15":"category-seccion-ca","16":"category-sucesos-la-comarca-ca","17":"tag-conselleria-de-sanitat-ca","18":"tag-coronavirus-ca","19":"tag-covid-19-ca","20":"tag-datos-de-contagios-ca","21":"tag-vacuna-covid-ca","22":"tag-vacunacion-ca"},"_links":{"self":[{"href":"https:\/\/www.tucomarca.com\/wordpress\/segunda\/ca\/wp-json\/wp\/v2\/posts\/144495","targetHints":{"allow":["GET"]}}],"collection":[{"href":"https:\/\/www.tucomarca.com\/wordpress\/segunda\/ca\/wp-json\/wp\/v2\/posts"}],"about":[{"href":"https:\/\/www.tucomarca.com\/wordpress\/segunda\/ca\/wp-json\/wp\/v2\/types\/post"}],"author":[{"embeddable":true,"href":"https:\/\/www.tucomarca.com\/wordpress\/segunda\/ca\/wp-json\/wp\/v2\/users\/12"}],"replies":[{"embeddable":true,"href":"https:\/\/www.tucomarca.com\/wordpress\/segunda\/ca\/wp-json\/wp\/v2\/comments?post=144495"}],"version-history":[{"count":0,"href":"https:\/\/www.tucomarca.com\/wordpress\/segunda\/ca\/wp-json\/wp\/v2\/posts\/144495\/revisions"}],"wp:featuredmedia":[{"embeddable":true,"href":"https:\/\/www.tucomarca.com\/wordpress\/segunda\/ca\/wp-json\/wp\/v2\/media\/136090"}],"wp:attachment":[{"href":"https:\/\/www.tucomarca.com\/wordpress\/segunda\/ca\/wp-json\/wp\/v2\/media?parent=144495"}],"wp:term":[{"taxonomy":"category","embeddable":true,"href":"https:\/\/www.tucomarca.com\/wordpress\/segunda\/ca\/wp-json\/wp\/v2\/categories?post=144495"},{"taxonomy":"post_tag","embeddable":true,"href":"https:\/\/www.tucomarca.com\/wordpress\/segunda\/ca\/wp-json\/wp\/v2\/tags?post=144495"}],"curies":[{"name":"wp","href":"https:\/\/api.w.org\/{rel}","templated":true}]}}