{"id":144555,"date":"2021-11-22T20:00:00","date_gmt":"2021-11-22T19:00:00","guid":{"rendered":"http:\/\/www.tucomarca.com\/wordpress\/segunda\/?p=144555"},"modified":"2021-11-23T10:32:01","modified_gmt":"2021-11-23T09:32:01","slug":"opinio-a-boca-de-cano-per-joseh-larrazabal-2","status":"publish","type":"post","link":"https:\/\/www.tucomarca.com\/wordpress\/segunda\/ca\/opinio-a-boca-de-cano-per-joseh-larrazabal-2\/","title":{"rendered":"Opini\u00f3: A boca de can\u00f3, per J\u00f3seh Larraz\u00e1bal"},"content":{"rendered":"\n<figure class=\"wp-block-image size-large is-resized\"><img loading=\"lazy\" decoding=\"async\" src=\"http:\/\/www.tucomarca.com\/wordpress\/segunda\/wp-content\/uploads\/2021\/11\/Larrazabal-1018x1024.jpg\" alt=\"\" class=\"wp-image-144170\" width=\"130\" height=\"131\" srcset=\"https:\/\/www.tucomarca.com\/wordpress\/segunda\/wp-content\/uploads\/2021\/11\/Larrazabal-1018x1024.jpg 1018w, https:\/\/www.tucomarca.com\/wordpress\/segunda\/wp-content\/uploads\/2021\/11\/Larrazabal-298x300.jpg 298w, https:\/\/www.tucomarca.com\/wordpress\/segunda\/wp-content\/uploads\/2021\/11\/Larrazabal-290x290.jpg 290w, https:\/\/www.tucomarca.com\/wordpress\/segunda\/wp-content\/uploads\/2021\/11\/Larrazabal-768x773.jpg 768w, https:\/\/www.tucomarca.com\/wordpress\/segunda\/wp-content\/uploads\/2021\/11\/Larrazabal-1526x1536.jpg 1526w, https:\/\/www.tucomarca.com\/wordpress\/segunda\/wp-content\/uploads\/2021\/11\/Larrazabal.jpg 1575w\" sizes=\"auto, (max-width: 130px) 100vw, 130px\" \/><\/figure>\n\n\n\n<p>\u00c9s molt trist veure a un grup d&#8217;aficionats a Anoeta, estadi de la Reial Societat, cantant &#8220;Anil, canalla, fora de Mestalla,&#8221; i veure com Joey Lim, un d&#8217;aqueixos amants del bon menjar i millor beure, que estan al Val\u00e8ncia de Lim donant-se la gran vida i cobrant quantitats ingents de diners, riu i s&#8217;anima a ballar al so del citat c\u00e0ntic.<br>Es mofen, riuen i s&#8217;ho passen en gran a costa de la ing\u00e8nua afici\u00f3 del vcf que creu que aqueixos c\u00e0ntics els poden afectar d&#8217;alguna manera.<br>Miren, a aquesta gent li d\u00f3na el mateix. Ni s\u00f3n Valencians ni Valencianistes i riuen d&#8217;aqueixos joves que s\u00ed que porten al Val\u00e8ncia en el seu cor, encara que aqueixa envejable joventut els porte a ser presa f\u00e0cil de directius infames i periodistes comprats.<br>Jo insistisc, &#8220;NING\u00da A MESTALLA.&#8221;<br>Per a qu\u00e8 anar?<br>Per a insistir amb els recurrents c\u00e0ntics contra Lim i Murthy?<br>\u00c9s que ells no saben ja que no els volem ni a Mestalla ni en el vcf?<br>L&#8217;\u00faltima iniciativa \u00e9s la d&#8217;acudir amb banderes de &#8220;Lim go home.&#8221;<br>Per a qu\u00e8? \u00c9s un cam\u00ed equivocat i est\u00e8ril.<br>Induir a la gent a anar a MESTALLA, amb banderes o sense elles, no condueix a res.<br>Una altra cosa \u00e9s que aqueixa gent no entre a l&#8217;estadi, que es quede als voltants durant el partit i que canten tot el que vulguen per\u00f2 des del carrer.Que no compren ni una sola samarreta a les botigues del VCL (Val\u00e8ncia club de Lim) i que no traguen l&#8217;abonament.<br>Aix\u00f2 s\u00ed, per ac\u00ed s\u00ed que li pot fer mal a Lim, perqu\u00e8 li toquen la butxaca, i la imatge d&#8217;un MESTALLA buit deteriora la reputaci\u00f3 del propietari del VCF a nivell europeu i mundial.<br>La resta s\u00f3n milongas i iniciatives que si a alg\u00fa beneficien \u00e9s al propi Lim i al seu decr\u00e8pit compte de resultats.<br>El VCL est\u00e0 en &#8220;Causa de dissoluci\u00f3&#8221; i volen animar-los a vds al fet que vagen al camp, al fet que traguen la seua entrada, i al fet que abans passen per la botiga i compren, qu\u00e8 es jo\u2026una gorra?<br>Miren, si volem tirar a Lim, un propietari que ha portat al club a &#8220;causa de dissoluci\u00f3&#8221; i que presenta un compte de resultats de 135 milions de p\u00e8rdues, des que el vcf \u00e9s a les seues mans, hem de fer les coses de deb\u00f2, molt de deb\u00f2, caiga qui caiga. Alguns han d&#8217;analitzar si de veritat volen tirar a Lim o si tenen dubtes o por d&#8217;emprendre iniciatives, per\u00f2 iniciatives que donen resultat de veritat.Per ej no entrar a l&#8217;estadi.<br>Reflexionen, primer sacrifici i despr\u00e9s construir un futur il\u00b7lusionant comen\u00e7ant des de zero. La primera pedra \u00e9s tirar a Lim.<br>Amb civisme per\u00f2 amb energia.<br>Per a tirar a Lim cal decidir-se, per\u00f2 decidir-se de veritat, i buscar els camins m\u00e9s efica\u00e7os per a aconseguir aqueix objectiu.<br>No s&#8217;estan buscant els camins m\u00e9s adequats i efica\u00e7os.<br>Potser no convenen.<br>Per a tirar a Merit\u00f3n del vcf el primer \u00e9s deixar d&#8217;anar al camp, no comprar en botigues, no traure abonaments\u2026i aix\u00f2 \u00e9s estrat\u00e8gia essencial.<br>La resta podr\u00e0 ser convenient, o no, per\u00f2 no \u00e9s efica\u00e7.<br>Cal tirar a Lim i aix\u00f2 \u00e9s vital per a la superviv\u00e8ncia del vcf.<br>La resta ve despr\u00e9s.<br>No anem bi\u00e9n.<br>D&#8217;altra banda no puc deixar de sentir-me at\u00f2nit i decepci\u00f3 en llegir, despr\u00e9s del partit d&#8217;Anoeta, comentaris d&#8217;alguns periodistes, en twiter, i les respostes, molt sorprenents, d&#8217;uns quants twitteros valencianistes.<br>De veritat els dic, aquest no \u00e9s el meu Val\u00e8ncia.<br>No tinc res a veure, ni m&#8217;identifique gens ni mica amb aquesta premsa i aquests sectors de l&#8217;afici\u00f3.<br>No pertany a aqueix univers.<br>El meu Val\u00e8ncia \u00e9s un altre, la meua afici\u00f3 \u00e9s una altra, i la meua premsa \u00e9s una altra.<br>El vcf est\u00e0 quasi en coma, per\u00f2 en coma indu\u00eft (situaci\u00f3 a la qual ho han portat entre els uns i els altres).<br>Jo no em sent responsable d&#8217;aqueixa atrocitat perqu\u00e8 vinc lluitant contra tot i contra tots des de fa molt, molt\u00edssim temps, i tinc els objectius molt clars i els camins molt definits.<br>Facen vosees el que vulguen.<br>A mi ning\u00fa podr\u00e0 assenyalar-me.<br>I a vost\u00e9s?<\/p>\n","protected":false},"excerpt":{"rendered":"<div class=\"mh-excerpt\">\u00c9s molt trist veure a un grup d&#8217;aficionats a Anoeta, estadi de la Reial Societat, cantant &#8220;Anil, canalla, fora de Mestalla,&#8221; i veure com Joey Lim, un d&#8217;aqueixos amants del bon menjar i millor beure, <a class=\"mh-excerpt-more\" href=\"https:\/\/www.tucomarca.com\/wordpress\/segunda\/ca\/opinio-a-boca-de-cano-per-joseh-larrazabal-2\/\" title=\"Opini\u00f3: A boca de can\u00f3, per J\u00f3seh Larraz\u00e1bal\">[+] <\/a><\/div>\n","protected":false},"author":1,"featured_media":144171,"comment_status":"open","ping_status":"open","sticky":false,"template":"","format":"standard","meta":{"footnotes":""},"categories":[10911,11014,11003,10894,10912,10896],"tags":[15481,10914,12606,15380],"class_list":{"0":"post-144555","1":"post","2":"type-post","3":"status-publish","4":"format-standard","5":"has-post-thumbnail","7":"category-bunol-ca","8":"category-canal-valencia-cf-ca","9":"category-sports","10":"category-la-comarca-ca","11":"category-la-hoya-ca","12":"category-seccion-ca","13":"tag-joseh-larrazabal-ca","14":"tag-la-hoya-de-bunol-chiva-ca","15":"tag-valencia-cf-ca","16":"tag-vcf-ca"},"_links":{"self":[{"href":"https:\/\/www.tucomarca.com\/wordpress\/segunda\/ca\/wp-json\/wp\/v2\/posts\/144555","targetHints":{"allow":["GET"]}}],"collection":[{"href":"https:\/\/www.tucomarca.com\/wordpress\/segunda\/ca\/wp-json\/wp\/v2\/posts"}],"about":[{"href":"https:\/\/www.tucomarca.com\/wordpress\/segunda\/ca\/wp-json\/wp\/v2\/types\/post"}],"author":[{"embeddable":true,"href":"https:\/\/www.tucomarca.com\/wordpress\/segunda\/ca\/wp-json\/wp\/v2\/users\/1"}],"replies":[{"embeddable":true,"href":"https:\/\/www.tucomarca.com\/wordpress\/segunda\/ca\/wp-json\/wp\/v2\/comments?post=144555"}],"version-history":[{"count":0,"href":"https:\/\/www.tucomarca.com\/wordpress\/segunda\/ca\/wp-json\/wp\/v2\/posts\/144555\/revisions"}],"wp:featuredmedia":[{"embeddable":true,"href":"https:\/\/www.tucomarca.com\/wordpress\/segunda\/ca\/wp-json\/wp\/v2\/media\/144171"}],"wp:attachment":[{"href":"https:\/\/www.tucomarca.com\/wordpress\/segunda\/ca\/wp-json\/wp\/v2\/media?parent=144555"}],"wp:term":[{"taxonomy":"category","embeddable":true,"href":"https:\/\/www.tucomarca.com\/wordpress\/segunda\/ca\/wp-json\/wp\/v2\/categories?post=144555"},{"taxonomy":"post_tag","embeddable":true,"href":"https:\/\/www.tucomarca.com\/wordpress\/segunda\/ca\/wp-json\/wp\/v2\/tags?post=144555"}],"curies":[{"name":"wp","href":"https:\/\/api.w.org\/{rel}","templated":true}]}}