{"id":144592,"date":"2021-11-23T13:05:00","date_gmt":"2021-11-23T12:05:00","guid":{"rendered":"http:\/\/www.tucomarca.com\/wordpress\/segunda\/?p=144592"},"modified":"2021-11-23T23:33:05","modified_gmt":"2021-11-23T22:33:05","slug":"torna-cultura-en-la-lomiquia-a-xest-amb-espectacles-familiars-els-diumenges","status":"publish","type":"post","link":"https:\/\/www.tucomarca.com\/wordpress\/segunda\/ca\/torna-cultura-en-la-lomiquia-a-xest-amb-espectacles-familiars-els-diumenges\/","title":{"rendered":"Torna Cultura en la Lomiquia a Xest amb espectacles familiars els diumenges"},"content":{"rendered":"\n<p>Diumenge passat, 21 de novembre, s&#8217;estrenava un nou cicle de Cultura en la Lomiquia, organitzat per la regidoria de Cultura juntament amb Parcs i Jardins, amb l&#8217;actuaci\u00f3 de Dani Miquel i els Cantacan\u00e7ons. El popular espectacle va entusiasmar a xicotets i majors que van cantar i van ballar can\u00e7ons tradicionals com Mon pare no te nas o La lluna i la pruna i van corejar coneguts temes del cantant com la Can\u00e7\u00f3 dels colors o La princesa ratolina.<\/p>\n\n\n\n<p>\u201cCrec que la iniciativa Cultura en La Lomiquia ha tingut un bon acolliment des del seu inici perqu\u00e8 ofereix espectacles per a tota la fam\u00edlia, gratu\u00efts i a l&#8217;aire lliure en un dels nostres entorns m\u00e9s benvolguts\u201d, explica la regidora de Cultura, M\u00aa \u00c1ngeles Llorente. \u201cEl cicle d&#8217;hivern el componen quatre propostes variades de gran qualitat que segur que encantaran a les fam\u00edlies\u201d.<\/p>\n\n\n\n<p>Diumenge que ve, 28 de novembre, l&#8217;\u00e0gora del parc de la Lomiquia acollir\u00e0 el musical de la Rateta Presumida Rockstar, de Saga Produccions; el diumenge 5 de desembre ser\u00e0 el torn de Cucut canta tu, de Tr\u00e9vol Teatre; i el diumenge 12 de desembre es representar\u00e0 el musical Pinotxo, de Trencad\u00eds Produccions. Tots els espectacles comen\u00e7aran a les 12.00.<\/p>\n\n\n\n<p>\u201cAgra\u00efsc a M\u00aa \u00c1ngeles l&#8217;obstinaci\u00f3 a posar en valor els espais verds de Cheste programant activitats culturals en ells. En aquest cas, hem volgut atraure a la gent al parc de la Lomiquia, un lloc que volem que cada vegada gaudisca m\u00e9s gent, sempre respectant l&#8217;entorn\u201d, apunta el regidor de Parcs i Jardins, David Pujals.<\/p>\n\n\n\n<figure class=\"wp-block-gallery columns-2 is-cropped wp-block-gallery-1 is-layout-flex wp-block-gallery-is-layout-flex\"><ul class=\"blocks-gallery-grid\"><li class=\"blocks-gallery-item\"><figure><img loading=\"lazy\" decoding=\"async\" width=\"1024\" height=\"682\" src=\"http:\/\/www.tucomarca.com\/wordpress\/segunda\/wp-content\/uploads\/2021\/11\/ChesteCulturaLomiquia_4-1024x682.jpg\" alt=\"\" data-id=\"144597\" data-full-url=\"http:\/\/www.tucomarca.com\/wordpress\/segunda\/wp-content\/uploads\/2021\/11\/ChesteCulturaLomiquia_4.jpg\" data-link=\"http:\/\/www.tucomarca.com\/wordpress\/segunda\/?attachment_id=144597\" class=\"wp-image-144597\" srcset=\"https:\/\/www.tucomarca.com\/wordpress\/segunda\/wp-content\/uploads\/2021\/11\/ChesteCulturaLomiquia_4-1024x682.jpg 1024w, https:\/\/www.tucomarca.com\/wordpress\/segunda\/wp-content\/uploads\/2021\/11\/ChesteCulturaLomiquia_4-300x200.jpg 300w, https:\/\/www.tucomarca.com\/wordpress\/segunda\/wp-content\/uploads\/2021\/11\/ChesteCulturaLomiquia_4-768x512.jpg 768w, https:\/\/www.tucomarca.com\/wordpress\/segunda\/wp-content\/uploads\/2021\/11\/ChesteCulturaLomiquia_4.jpg 1181w\" sizes=\"auto, (max-width: 1024px) 100vw, 1024px\" \/><\/figure><\/li><li class=\"blocks-gallery-item\"><figure><img loading=\"lazy\" decoding=\"async\" width=\"1024\" height=\"682\" src=\"http:\/\/www.tucomarca.com\/wordpress\/segunda\/wp-content\/uploads\/2021\/11\/ChesteCulturaLomiquia_5-1024x682.jpg\" alt=\"\" data-id=\"144595\" data-full-url=\"http:\/\/www.tucomarca.com\/wordpress\/segunda\/wp-content\/uploads\/2021\/11\/ChesteCulturaLomiquia_5.jpg\" data-link=\"http:\/\/www.tucomarca.com\/wordpress\/segunda\/?attachment_id=144595\" class=\"wp-image-144595\" srcset=\"https:\/\/www.tucomarca.com\/wordpress\/segunda\/wp-content\/uploads\/2021\/11\/ChesteCulturaLomiquia_5-1024x682.jpg 1024w, https:\/\/www.tucomarca.com\/wordpress\/segunda\/wp-content\/uploads\/2021\/11\/ChesteCulturaLomiquia_5-300x200.jpg 300w, https:\/\/www.tucomarca.com\/wordpress\/segunda\/wp-content\/uploads\/2021\/11\/ChesteCulturaLomiquia_5-768x512.jpg 768w, https:\/\/www.tucomarca.com\/wordpress\/segunda\/wp-content\/uploads\/2021\/11\/ChesteCulturaLomiquia_5.jpg 1181w\" sizes=\"auto, (max-width: 1024px) 100vw, 1024px\" \/><\/figure><\/li><li class=\"blocks-gallery-item\"><figure><img loading=\"lazy\" decoding=\"async\" width=\"1024\" height=\"682\" src=\"http:\/\/www.tucomarca.com\/wordpress\/segunda\/wp-content\/uploads\/2021\/11\/ChesteCulturaLomiquia_8-1024x682.jpg\" alt=\"\" data-id=\"144599\" data-full-url=\"http:\/\/www.tucomarca.com\/wordpress\/segunda\/wp-content\/uploads\/2021\/11\/ChesteCulturaLomiquia_8.jpg\" data-link=\"http:\/\/www.tucomarca.com\/wordpress\/segunda\/?attachment_id=144599\" class=\"wp-image-144599\" srcset=\"https:\/\/www.tucomarca.com\/wordpress\/segunda\/wp-content\/uploads\/2021\/11\/ChesteCulturaLomiquia_8-1024x682.jpg 1024w, https:\/\/www.tucomarca.com\/wordpress\/segunda\/wp-content\/uploads\/2021\/11\/ChesteCulturaLomiquia_8-300x200.jpg 300w, https:\/\/www.tucomarca.com\/wordpress\/segunda\/wp-content\/uploads\/2021\/11\/ChesteCulturaLomiquia_8-768x512.jpg 768w, https:\/\/www.tucomarca.com\/wordpress\/segunda\/wp-content\/uploads\/2021\/11\/ChesteCulturaLomiquia_8.jpg 1181w\" sizes=\"auto, (max-width: 1024px) 100vw, 1024px\" \/><\/figure><\/li><\/ul><\/figure>\n","protected":false},"excerpt":{"rendered":"<div class=\"mh-excerpt\">Diumenge passat, 21 de novembre, s&#8217;estrenava un nou cicle de Cultura en la Lomiquia, organitzat per la regidoria de Cultura juntament amb Parcs i Jardins, amb l&#8217;actuaci\u00f3 de Dani Miquel i els Cantacan\u00e7ons. El popular <a class=\"mh-excerpt-more\" href=\"https:\/\/www.tucomarca.com\/wordpress\/segunda\/ca\/torna-cultura-en-la-lomiquia-a-xest-amb-espectacles-familiars-els-diumenges\/\" title=\"Torna Cultura en la Lomiquia a Xest amb espectacles familiars els diumenges\">[+] <\/a><\/div>\n","protected":false},"author":12,"featured_media":144594,"comment_status":"open","ping_status":"open","sticky":false,"template":"","format":"standard","meta":{"footnotes":""},"categories":[10894,10912,11007,10896,10974],"tags":[11071,12943,10914],"class_list":{"0":"post-144592","1":"post","2":"type-post","3":"status-publish","4":"format-standard","5":"has-post-thumbnail","7":"category-la-comarca-ca","8":"category-la-hoya-ca","9":"category-ocio-y-cultura-ca","10":"category-seccion-ca","11":"category-cheste-ca","12":"tag-cheste","13":"tag-cultura-en-la-lomiquia-ca","14":"tag-la-hoya-de-bunol-chiva-ca"},"_links":{"self":[{"href":"https:\/\/www.tucomarca.com\/wordpress\/segunda\/ca\/wp-json\/wp\/v2\/posts\/144592","targetHints":{"allow":["GET"]}}],"collection":[{"href":"https:\/\/www.tucomarca.com\/wordpress\/segunda\/ca\/wp-json\/wp\/v2\/posts"}],"about":[{"href":"https:\/\/www.tucomarca.com\/wordpress\/segunda\/ca\/wp-json\/wp\/v2\/types\/post"}],"author":[{"embeddable":true,"href":"https:\/\/www.tucomarca.com\/wordpress\/segunda\/ca\/wp-json\/wp\/v2\/users\/12"}],"replies":[{"embeddable":true,"href":"https:\/\/www.tucomarca.com\/wordpress\/segunda\/ca\/wp-json\/wp\/v2\/comments?post=144592"}],"version-history":[{"count":0,"href":"https:\/\/www.tucomarca.com\/wordpress\/segunda\/ca\/wp-json\/wp\/v2\/posts\/144592\/revisions"}],"wp:featuredmedia":[{"embeddable":true,"href":"https:\/\/www.tucomarca.com\/wordpress\/segunda\/ca\/wp-json\/wp\/v2\/media\/144594"}],"wp:attachment":[{"href":"https:\/\/www.tucomarca.com\/wordpress\/segunda\/ca\/wp-json\/wp\/v2\/media?parent=144592"}],"wp:term":[{"taxonomy":"category","embeddable":true,"href":"https:\/\/www.tucomarca.com\/wordpress\/segunda\/ca\/wp-json\/wp\/v2\/categories?post=144592"},{"taxonomy":"post_tag","embeddable":true,"href":"https:\/\/www.tucomarca.com\/wordpress\/segunda\/ca\/wp-json\/wp\/v2\/tags?post=144592"}],"curies":[{"name":"wp","href":"https:\/\/api.w.org\/{rel}","templated":true}]}}