{"id":144633,"date":"2021-11-23T13:02:00","date_gmt":"2021-11-23T12:02:00","guid":{"rendered":"http:\/\/www.tucomarca.com\/wordpress\/segunda\/?p=144633"},"modified":"2021-11-23T23:44:38","modified_gmt":"2021-11-23T22:44:38","slug":"la-associacio-llevantina-de-field-target-celebra-la-seua-1a-tirada-oficial-de-hunting-field-target-d2021-en-el-camp-de-tir-els-coets-de-bunyol","status":"publish","type":"post","link":"https:\/\/www.tucomarca.com\/wordpress\/segunda\/ca\/la-associacio-llevantina-de-field-target-celebra-la-seua-1a-tirada-oficial-de-hunting-field-target-d2021-en-el-camp-de-tir-els-coets-de-bunyol\/","title":{"rendered":"La Associaci\u00f3 Llevantina de Field Target celebra la seua 1a Tirada Oficial de Hunting Field Target d&#8217;2021 en el Camp de Tir \u201cEls Coets\u201d de Bunyol"},"content":{"rendered":"\n<h4 class=\"wp-block-heading\">El diumenge 14 de novembre, el Camp de Tir \u201cEls Coets\u201d de Bunyol va ser l&#8217;escenari de la 1a Tirada Oficial de HFT (Hunting Field Target) de l&#8217;any 2021 que realitza la ALFT (Associaci\u00f3 Llevantina de Field Target).<\/h4>\n\n\n\n<p>Despr\u00e9s del par\u00e8ntesi de les activitats esportives afectades com no per la pand\u00e8mia del covid19, el diumenge passat els aficionats a aquest esport van poder gaudir d&#8217;una competici\u00f3 de HFT (Hunting Field Target) simulaci\u00f3 d&#8217;escenes de ca\u00e7a en un recorregut per carrers similar al golf, per\u00f2 amb 2 figures met\u00e0l\u00b7liques de siluetes d&#8217;animals (rates, senglars, conills, ocells, etc\u2026) per carrer i amb un total de 10 carrers quins per 2 figures, s\u00f3n 20 figures met\u00e0l\u00b7liques a abatre a 2 voltes un total de 40 figures abatibles. El que llan\u00e7a que la puntuaci\u00f3 m\u00e0xima en aquesta modalitat era de 80 punts.<\/p>\n\n\n\n<p>El Huntig field target \u00e9s una modalitat de tir amb carabines d&#8217;aire comprimit prove\u00efdes de visor d&#8217;augments, simulant escenes de ca\u00e7a amb la utilitzaci\u00f3 de figures met\u00e0l\u00b7liques tipus Daina, i Novocker, que representen a diferents animals. Existeixen 2 categories en la mena de carabines a utilitzar, una s\u00f3n les de moll o pist\u00f3 tradicionals de tota la vida, i una altra s\u00f3n els Pcps o carabines precargadas d&#8217;aire que s\u00f3n l&#8217;\u00faltim en tecnologia del tir amb aire comprimit, encara que s\u00f3n armes que ja existien en el segle XVI.<\/p>\n\n\n\n<p>Les normes d&#8217;aquesta competici\u00f3 s\u00f3n molt senzilles a difer\u00e8ncia del seu cos\u00ed germ\u00e0 FT (Field Target) molt m\u00e9s t\u00e8cnic, per la qual cosa tindre un bon equip, binomi arma i visor ja no \u00e9s garantia d&#8217;\u00e8xit, en aquesta modalitat no es pot tocar el paralaje ni els augments del visor una vegada comen\u00e7a la competici\u00f3, per la qual cosa el saber determinar a \u201cull\u201d la dist\u00e0ncia \u00e9s vital per a poder encertar el blanc (figura met\u00e0l\u00b7lica abatible) i a aix\u00f2 afegim que en quasi tots els carrers pod\u00edem trobar un punt de suport on estabilitzar el tir.<\/p>\n\n\n\n<p>&#8220;Crec personalment que aquesta modalitat que practica la ALFT, \u00e9s probablement la m\u00e9s divertida i intensa de les quals existeixen, recreant el noble esport de la ca\u00e7a, per\u00f2 sense abatre cap animal, ja que a Espanya no \u00e9s legal ca\u00e7ar amb armes d&#8217;aire comprimit&#8221; comenta el president de l&#8217;associaci\u00f3, Vicente Ricarte.<\/p>\n\n\n\n<p>&#8220;Vam tindre la gran sort de gaudir d&#8217;un espl\u00e8ndid dia assolellat, temperatures molt agradables i pr\u00e0cticament amb una lleugera brisa que sens dubte va facilitar que pogu\u00e9rem abatre amb \u00e8xit moltes figures i ressuscitar-les immediatament, \u00e9s el m\u00e9s prop del creador que pot estar un esportista sent ateu, segons sant Mateo\u2026&#8221;&nbsp;<\/p>\n\n\n\n<p>Han participat un total de 13 tiradors, dels quals 10 eren de la ALFT i 3 de l&#8217;Associaci\u00f3 Amics de l&#8217;Aire Comprimit de Xeraco, 10 en la categoria de Pcps, i 3 en la categoria de moll, la classificaci\u00f3 de la prova va ser la seg\u00fcent, ressaltant diversos empats:<br>PCPs:<\/p>\n\n\n\n<p>1)&nbsp;Vicente Ricarte 71 punts, David G\u00f3mez 71 punts,&nbsp; Ra\u00fal de l&#8217;Amo 71 punts<br>2) Carlos Aroca 69 punts<br>3) Vicente Garc\u00eda (Xeraco) 64 punts<br>4) Juanjo Andreu 63 punts<br>5) Pepe Feltrer 60 punts<br>6) Pepe Castello (Xeraco) 59 punts<br>7) Remi Auktkalnis i Dani Fargueta 49 punts.<\/p>\n\n\n\n<p>MOLL:<\/p>\n\n\n\n<p>1) Ra\u00fal L\u00f3pez 64 punts<br>2) David Caro (Xeraco) 54 punts<br>3) Miguel Tar\u00edn 52 punts<\/p>\n\n\n\n<p>&#8220;Ressaltar el nivell de tots els tiradors ja que cap va baixar de derrocar el 60% dels blancs, per\u00f2 cal aplaudir especialment el triple empat dels tres primers de la categoria PCP (quasi 89% de blancs abatuts), sens dubte una categoria molt renyida\u2026&#8221;&nbsp;<\/p>\n\n\n\n<p>&#8220;Despr\u00e9s de la competici\u00f3 i el repartiment de medalles i trofeus, alguns participants i membres de la ALFT, vam poder gaudir d&#8217;un excel\u00b7lent menjar de germanor en el Restaurant La Venda del Pilar, tempere bu\u00f1olero del menjar casol\u00e0 aut\u00e8ntic&#8221;.<\/p>\n\n\n\n<p>&#8220;Aquestes trobades esportives estan oberts sens dubte a socis de la ALFT i fins i tot a nous candidats a associar-se perqu\u00e8 puguen provar abans de decidir d&#8217;incorporar-se o no a l&#8217;associaci\u00f3, tamb\u00e9 serveixen perqu\u00e8 altres clubs puguen compartir tirades en els calendaris de les competicions de diferents clubs, cal afegir que en la comunitat valenciana, nom\u00e9s hi ha dues associacions del nostre esport amb carabines i pistoles d&#8217;aire que existeixen en gran part pel suport dels seus respectius ajuntaments al nostre esport, cas de Bu\u00f1ol i de Xeraco&#8221;.<\/p>\n\n\n\n<p>&#8220;I com sempre agrair la inestimable ajuda i col\u00b7laboraci\u00f3 de l&#8217;Ajuntament de Bu\u00f1ol del qual sens dubte secunda tots els esports de la Foia de Bu\u00f1ol, sense oblidar esports tan minoritaris com el nostre&#8221;.<\/p>\n\n\n\n<p>&#8220;Ens veiem, l&#8217;any pr\u00f2xim, si el temps i l&#8217;autoritat ho permeten en el Camp de Tir \u201cEls Coets\u201d de Bu\u00f1ol, en la nostra Tirada de Hunting Field Target de la Lliga de la ALFT que se celebrar\u00e0 fins i tot per determinar a la fi del mes de Gener 2022&#8221;, finalitza el seu president, Vicente Ricarte.<\/p>\n\n\n\n<p><\/p>\n","protected":false},"excerpt":{"rendered":"<div class=\"mh-excerpt\">El diumenge 14 de novembre, el Camp de Tir \u201cEls Coets\u201d de Bunyol va ser l&#8217;escenari de la 1a Tirada Oficial de HFT (Hunting Field Target) de l&#8217;any 2021 que realitza la ALFT (Associaci\u00f3 Llevantina <a class=\"mh-excerpt-more\" href=\"https:\/\/www.tucomarca.com\/wordpress\/segunda\/ca\/la-associacio-llevantina-de-field-target-celebra-la-seua-1a-tirada-oficial-de-hunting-field-target-d2021-en-el-camp-de-tir-els-coets-de-bunyol\/\" title=\"La Associaci\u00f3 Llevantina de Field Target celebra la seua 1a Tirada Oficial de Hunting Field Target d&#8217;2021 en el Camp de Tir \u201cEls Coets\u201d de Bunyol\">[+] <\/a><\/div>\n","protected":false},"author":12,"featured_media":144637,"comment_status":"open","ping_status":"open","sticky":false,"template":"","format":"standard","meta":{"footnotes":""},"categories":[10889,10911,11003,10894,10904,10912,11009,10896],"tags":[15911,15912,10914],"class_list":{"0":"post-144633","1":"post","2":"type-post","3":"status-publish","4":"format-standard","5":"has-post-thumbnail","7":"category-alzira-cat","8":"category-bunol-ca","9":"category-sports","10":"category-la-comarca-ca","11":"category-sin-categorizar-ca","12":"category-la-hoya-ca","13":"category-polideportivo-ca","14":"category-seccion-ca","15":"tag-alft-2","16":"tag-associacio-llevantina-de-field-target","17":"tag-la-hoya-de-bunol-chiva-ca"},"_links":{"self":[{"href":"https:\/\/www.tucomarca.com\/wordpress\/segunda\/ca\/wp-json\/wp\/v2\/posts\/144633","targetHints":{"allow":["GET"]}}],"collection":[{"href":"https:\/\/www.tucomarca.com\/wordpress\/segunda\/ca\/wp-json\/wp\/v2\/posts"}],"about":[{"href":"https:\/\/www.tucomarca.com\/wordpress\/segunda\/ca\/wp-json\/wp\/v2\/types\/post"}],"author":[{"embeddable":true,"href":"https:\/\/www.tucomarca.com\/wordpress\/segunda\/ca\/wp-json\/wp\/v2\/users\/12"}],"replies":[{"embeddable":true,"href":"https:\/\/www.tucomarca.com\/wordpress\/segunda\/ca\/wp-json\/wp\/v2\/comments?post=144633"}],"version-history":[{"count":0,"href":"https:\/\/www.tucomarca.com\/wordpress\/segunda\/ca\/wp-json\/wp\/v2\/posts\/144633\/revisions"}],"wp:featuredmedia":[{"embeddable":true,"href":"https:\/\/www.tucomarca.com\/wordpress\/segunda\/ca\/wp-json\/wp\/v2\/media\/144637"}],"wp:attachment":[{"href":"https:\/\/www.tucomarca.com\/wordpress\/segunda\/ca\/wp-json\/wp\/v2\/media?parent=144633"}],"wp:term":[{"taxonomy":"category","embeddable":true,"href":"https:\/\/www.tucomarca.com\/wordpress\/segunda\/ca\/wp-json\/wp\/v2\/categories?post=144633"},{"taxonomy":"post_tag","embeddable":true,"href":"https:\/\/www.tucomarca.com\/wordpress\/segunda\/ca\/wp-json\/wp\/v2\/tags?post=144633"}],"curies":[{"name":"wp","href":"https:\/\/api.w.org\/{rel}","templated":true}]}}