{"id":144751,"date":"2021-11-25T09:00:00","date_gmt":"2021-11-25T08:00:00","guid":{"rendered":"http:\/\/www.tucomarca.com\/wordpress\/segunda\/?p=144751"},"modified":"2021-11-25T12:55:56","modified_gmt":"2021-11-25T11:55:56","slug":"benestar-social-i-igualtat-de-turis-realitza-activitats-amb-la-joventut-de-lies-per-a-visibilitzar-la-realitat-migratoria","status":"publish","type":"post","link":"https:\/\/www.tucomarca.com\/wordpress\/segunda\/ca\/benestar-social-i-igualtat-de-turis-realitza-activitats-amb-la-joventut-de-lies-per-a-visibilitzar-la-realitat-migratoria\/","title":{"rendered":"Benestar Social i Igualtat de Tur\u00eds realitza activitats amb la joventut de l&#8217;IES per a visibilitzar la realitat migrat\u00f2ria"},"content":{"rendered":"\n<p>A trav\u00e9s de la regidoria de Benestar Social i Igualtat de Tur\u00eds, i amb la&nbsp;col\u00b7laboraci\u00f3&nbsp;de \u201cVal\u00e8ncia acull\u201d, s\u2019han organitzat diferents activitats amb l\u2019alumnat de l\u2019institut de secund\u00e0ria de la localitat per tal de visibilitzar la situaci\u00f3 migrat\u00f2ria al nostre pa\u00eds.<\/p>\n\n\n\n<figure class=\"wp-block-image size-large\"><img loading=\"lazy\" decoding=\"async\" width=\"1024\" height=\"498\" src=\"http:\/\/www.tucomarca.com\/wordpress\/segunda\/wp-content\/uploads\/2021\/11\/TurisIgualdadIES1-1024x498.jpeg\" alt=\"\" class=\"wp-image-144748\" srcset=\"https:\/\/www.tucomarca.com\/wordpress\/segunda\/wp-content\/uploads\/2021\/11\/TurisIgualdadIES1-1024x498.jpeg 1024w, https:\/\/www.tucomarca.com\/wordpress\/segunda\/wp-content\/uploads\/2021\/11\/TurisIgualdadIES1-300x146.jpeg 300w, https:\/\/www.tucomarca.com\/wordpress\/segunda\/wp-content\/uploads\/2021\/11\/TurisIgualdadIES1-768x373.jpeg 768w, https:\/\/www.tucomarca.com\/wordpress\/segunda\/wp-content\/uploads\/2021\/11\/TurisIgualdadIES1-1536x747.jpeg 1536w, https:\/\/www.tucomarca.com\/wordpress\/segunda\/wp-content\/uploads\/2021\/11\/TurisIgualdadIES1.jpeg 2016w\" sizes=\"auto, (max-width: 1024px) 100vw, 1024px\" \/><\/figure>\n\n\n\n<p>Els&nbsp;fluxes&nbsp;migratoris s\u00f3n una realitat que acompanya tota la hist\u00f2ria de la humanitat. Ara, el nostre pa\u00eds \u00e9s un lloc de recepci\u00f3 on moltes persones busquen millorar la seua situaci\u00f3 social, laboral i pol\u00edtica.<\/p>\n\n\n\n<p>Per tal de con\u00e9ixer millor&nbsp;esta&nbsp;realitat l\u2019ajuntament ha organitzat dos tallers que han comptat amb molt d\u2019inter\u00e9s i una activa participaci\u00f3.<\/p>\n\n\n\n<p>Per una banda les anomenades biblioteques humanes, on 8 persones migrades de diferents nacionalitats han relatat en grups redu\u00efts el seu trajecte migratori: les causes, les situacions adverses i positives en arribar a Val\u00e8ncia. I, per altra, mon\u00f2legs al Teatre Ideal per tal de teatralitzar \u201cVisibilitzant els i les invisibles\u201d. S\u2019han contat diferents experi\u00e8ncies migrat\u00f2ries per tal d\u2019establir un debat posterior on han expressat les emocions que han sentit&nbsp;en&nbsp;con\u00e9ixer una realitat que desconeixien.<\/p>\n","protected":false},"excerpt":{"rendered":"<div class=\"mh-excerpt\">A trav\u00e9s de la regidoria de Benestar Social i Igualtat de Tur\u00eds, i amb la&nbsp;col\u00b7laboraci\u00f3&nbsp;de \u201cVal\u00e8ncia acull\u201d, s\u2019han organitzat diferents activitats amb l\u2019alumnat de l\u2019institut de secund\u00e0ria de la localitat per tal de visibilitzar la <a class=\"mh-excerpt-more\" href=\"https:\/\/www.tucomarca.com\/wordpress\/segunda\/ca\/benestar-social-i-igualtat-de-turis-realitza-activitats-amb-la-joventut-de-lies-per-a-visibilitzar-la-realitat-migratoria\/\" title=\"Benestar Social i Igualtat de Tur\u00eds realitza activitats amb la joventut de l&#8217;IES per a visibilitzar la realitat migrat\u00f2ria\">[+] <\/a><\/div>\n","protected":false},"author":12,"featured_media":144747,"comment_status":"open","ping_status":"open","sticky":false,"template":"","format":"standard","meta":{"footnotes":""},"categories":[10948,10894,10902,10947,10896,11047],"tags":[13760,11220,12034,11356,11093,15918],"class_list":{"0":"post-144751","1":"post","2":"type-post","3":"status-publish","4":"format-standard","5":"has-post-thumbnail","7":"category-infraestructuras-ca","8":"category-la-comarca-ca","9":"category-la-ribera-ca","10":"category-politica","11":"category-seccion-ca","12":"category-turis-ca","13":"tag-bienestar-social-ca","14":"tag-ies-turis-ca","15":"tag-igualdad-ca","16":"tag-ribera-alta-ca","17":"tag-turis-ca","18":"tag-valencia-acoge-ca"},"_links":{"self":[{"href":"https:\/\/www.tucomarca.com\/wordpress\/segunda\/ca\/wp-json\/wp\/v2\/posts\/144751","targetHints":{"allow":["GET"]}}],"collection":[{"href":"https:\/\/www.tucomarca.com\/wordpress\/segunda\/ca\/wp-json\/wp\/v2\/posts"}],"about":[{"href":"https:\/\/www.tucomarca.com\/wordpress\/segunda\/ca\/wp-json\/wp\/v2\/types\/post"}],"author":[{"embeddable":true,"href":"https:\/\/www.tucomarca.com\/wordpress\/segunda\/ca\/wp-json\/wp\/v2\/users\/12"}],"replies":[{"embeddable":true,"href":"https:\/\/www.tucomarca.com\/wordpress\/segunda\/ca\/wp-json\/wp\/v2\/comments?post=144751"}],"version-history":[{"count":0,"href":"https:\/\/www.tucomarca.com\/wordpress\/segunda\/ca\/wp-json\/wp\/v2\/posts\/144751\/revisions"}],"wp:featuredmedia":[{"embeddable":true,"href":"https:\/\/www.tucomarca.com\/wordpress\/segunda\/ca\/wp-json\/wp\/v2\/media\/144747"}],"wp:attachment":[{"href":"https:\/\/www.tucomarca.com\/wordpress\/segunda\/ca\/wp-json\/wp\/v2\/media?parent=144751"}],"wp:term":[{"taxonomy":"category","embeddable":true,"href":"https:\/\/www.tucomarca.com\/wordpress\/segunda\/ca\/wp-json\/wp\/v2\/categories?post=144751"},{"taxonomy":"post_tag","embeddable":true,"href":"https:\/\/www.tucomarca.com\/wordpress\/segunda\/ca\/wp-json\/wp\/v2\/tags?post=144751"}],"curies":[{"name":"wp","href":"https:\/\/api.w.org\/{rel}","templated":true}]}}