{"id":144890,"date":"2021-11-25T13:30:00","date_gmt":"2021-11-25T12:30:00","guid":{"rendered":"http:\/\/www.tucomarca.com\/wordpress\/segunda\/?p=144890"},"modified":"2021-11-25T13:47:07","modified_gmt":"2021-11-25T12:47:07","slug":"turis-se-suma-a-les-concentracions-pel-25n-dia-internacional-de-leliminacio-de-la-violencia-contra-les-dones","status":"publish","type":"post","link":"https:\/\/www.tucomarca.com\/wordpress\/segunda\/ca\/turis-se-suma-a-les-concentracions-pel-25n-dia-internacional-de-leliminacio-de-la-violencia-contra-les-dones\/","title":{"rendered":"Tur\u00eds se suma a les concentracions pel 25N, Dia Internacional de l&#8217;eliminaci\u00f3 de la viol\u00e8ncia contra les dones"},"content":{"rendered":"\n<p>Aquest mat\u00ed s&#8217;ha realitzat una concentraci\u00f3 a la porta de l&#8217;Ajuntament de Tur\u00eds per a commemorar aquest Dia Internacional de l&#8217;eliminaci\u00f3 de la viol\u00e8ncia contra les dones. En l&#8217;acte s&#8217;han llegit els noms de totes les v\u00edctimes de l&#8217;\u00faltim any i el manifest. Tamb\u00e9 s&#8217;ha mantingut un minut de silenci en la seua mem\u00f2ria.<\/p>\n\n\n\n<p>Juntament amb aquest acte, s&#8217;han realitzat, per part de la Regidoria d&#8217;Igualtat, diverses activitats durant la setmana &#8220;per a fer m\u00e9s de fer visible que el municipi de Tur\u00eds no est\u00e0 disposat a mantindre&#8217;s indiferent davant la greu situaci\u00f3 que viuen tantes dones i per contra continuar\u00e0 fent passos cap a una igualtat real de dones i homes&#8221; afig la regidora d&#8217;Igualtat, N\u00faria Montero.&nbsp;<\/p>\n\n\n\n<p>&#8220;El balc\u00f3 de l&#8217;ajuntament llueix durant tota la setmana un missatge clar de repulsa davant totes les viol\u00e8ncies masclistes, perqu\u00e8 \u00e9s una violaci\u00f3 dels drets humans i la manifestaci\u00f3 m\u00e9s dram\u00e0tica de la discriminaci\u00f3 hist\u00f2rica que continuen patint les dones hui dia ac\u00ed i en altres parts del m\u00f3n&#8221; finalitza, Montero.&nbsp;<\/p>\n\n\n\n<figure class=\"wp-block-gallery columns-1 is-cropped wp-block-gallery-1 is-layout-flex wp-block-gallery-is-layout-flex\"><ul class=\"blocks-gallery-grid\"><li class=\"blocks-gallery-item\"><figure><img loading=\"lazy\" decoding=\"async\" width=\"1024\" height=\"576\" src=\"http:\/\/www.tucomarca.com\/wordpress\/segunda\/wp-content\/uploads\/2021\/11\/TurisViolencia03-1024x576.jpg\" alt=\"\" data-id=\"144876\" data-full-url=\"http:\/\/www.tucomarca.com\/wordpress\/segunda\/wp-content\/uploads\/2021\/11\/TurisViolencia03-scaled.jpg\" data-link=\"http:\/\/www.tucomarca.com\/wordpress\/segunda\/?attachment_id=144876\" class=\"wp-image-144876\" srcset=\"https:\/\/www.tucomarca.com\/wordpress\/segunda\/wp-content\/uploads\/2021\/11\/TurisViolencia03-1024x576.jpg 1024w, https:\/\/www.tucomarca.com\/wordpress\/segunda\/wp-content\/uploads\/2021\/11\/TurisViolencia03-300x169.jpg 300w, https:\/\/www.tucomarca.com\/wordpress\/segunda\/wp-content\/uploads\/2021\/11\/TurisViolencia03-768x432.jpg 768w, https:\/\/www.tucomarca.com\/wordpress\/segunda\/wp-content\/uploads\/2021\/11\/TurisViolencia03-1536x864.jpg 1536w, https:\/\/www.tucomarca.com\/wordpress\/segunda\/wp-content\/uploads\/2021\/11\/TurisViolencia03-2048x1152.jpg 2048w, https:\/\/www.tucomarca.com\/wordpress\/segunda\/wp-content\/uploads\/2021\/11\/TurisViolencia03-678x381.jpg 678w\" sizes=\"auto, (max-width: 1024px) 100vw, 1024px\" \/><\/figure><\/li><li class=\"blocks-gallery-item\"><figure><img loading=\"lazy\" decoding=\"async\" width=\"1024\" height=\"576\" src=\"http:\/\/www.tucomarca.com\/wordpress\/segunda\/wp-content\/uploads\/2021\/11\/TurisViolencia02-1024x576.jpg\" alt=\"\" data-id=\"144878\" data-full-url=\"http:\/\/www.tucomarca.com\/wordpress\/segunda\/wp-content\/uploads\/2021\/11\/TurisViolencia02-scaled.jpg\" data-link=\"http:\/\/www.tucomarca.com\/wordpress\/segunda\/?attachment_id=144878\" class=\"wp-image-144878\" srcset=\"https:\/\/www.tucomarca.com\/wordpress\/segunda\/wp-content\/uploads\/2021\/11\/TurisViolencia02-1024x576.jpg 1024w, https:\/\/www.tucomarca.com\/wordpress\/segunda\/wp-content\/uploads\/2021\/11\/TurisViolencia02-300x169.jpg 300w, https:\/\/www.tucomarca.com\/wordpress\/segunda\/wp-content\/uploads\/2021\/11\/TurisViolencia02-768x432.jpg 768w, https:\/\/www.tucomarca.com\/wordpress\/segunda\/wp-content\/uploads\/2021\/11\/TurisViolencia02-1536x864.jpg 1536w, https:\/\/www.tucomarca.com\/wordpress\/segunda\/wp-content\/uploads\/2021\/11\/TurisViolencia02-2048x1152.jpg 2048w, https:\/\/www.tucomarca.com\/wordpress\/segunda\/wp-content\/uploads\/2021\/11\/TurisViolencia02-678x381.jpg 678w\" sizes=\"auto, (max-width: 1024px) 100vw, 1024px\" \/><\/figure><\/li><li class=\"blocks-gallery-item\"><figure><img loading=\"lazy\" decoding=\"async\" width=\"1024\" height=\"576\" src=\"http:\/\/www.tucomarca.com\/wordpress\/segunda\/wp-content\/uploads\/2021\/11\/TurisViolencia04-1024x576.jpg\" alt=\"\" data-id=\"144882\" data-full-url=\"http:\/\/www.tucomarca.com\/wordpress\/segunda\/wp-content\/uploads\/2021\/11\/TurisViolencia04.jpg\" data-link=\"http:\/\/www.tucomarca.com\/wordpress\/segunda\/?attachment_id=144882\" class=\"wp-image-144882\" srcset=\"https:\/\/www.tucomarca.com\/wordpress\/segunda\/wp-content\/uploads\/2021\/11\/TurisViolencia04-1024x576.jpg 1024w, https:\/\/www.tucomarca.com\/wordpress\/segunda\/wp-content\/uploads\/2021\/11\/TurisViolencia04-300x169.jpg 300w, https:\/\/www.tucomarca.com\/wordpress\/segunda\/wp-content\/uploads\/2021\/11\/TurisViolencia04-768x432.jpg 768w, https:\/\/www.tucomarca.com\/wordpress\/segunda\/wp-content\/uploads\/2021\/11\/TurisViolencia04-1536x864.jpg 1536w, https:\/\/www.tucomarca.com\/wordpress\/segunda\/wp-content\/uploads\/2021\/11\/TurisViolencia04-678x381.jpg 678w, https:\/\/www.tucomarca.com\/wordpress\/segunda\/wp-content\/uploads\/2021\/11\/TurisViolencia04.jpg 1728w\" sizes=\"auto, (max-width: 1024px) 100vw, 1024px\" \/><\/figure><\/li><li class=\"blocks-gallery-item\"><figure><img loading=\"lazy\" decoding=\"async\" width=\"1024\" height=\"576\" src=\"http:\/\/www.tucomarca.com\/wordpress\/segunda\/wp-content\/uploads\/2021\/11\/TurisViolencia05-1024x576.jpg\" alt=\"\" data-id=\"144880\" data-full-url=\"http:\/\/www.tucomarca.com\/wordpress\/segunda\/wp-content\/uploads\/2021\/11\/TurisViolencia05-scaled.jpg\" data-link=\"http:\/\/www.tucomarca.com\/wordpress\/segunda\/?attachment_id=144880\" class=\"wp-image-144880\" srcset=\"https:\/\/www.tucomarca.com\/wordpress\/segunda\/wp-content\/uploads\/2021\/11\/TurisViolencia05-1024x576.jpg 1024w, https:\/\/www.tucomarca.com\/wordpress\/segunda\/wp-content\/uploads\/2021\/11\/TurisViolencia05-300x169.jpg 300w, https:\/\/www.tucomarca.com\/wordpress\/segunda\/wp-content\/uploads\/2021\/11\/TurisViolencia05-768x432.jpg 768w, https:\/\/www.tucomarca.com\/wordpress\/segunda\/wp-content\/uploads\/2021\/11\/TurisViolencia05-1536x864.jpg 1536w, https:\/\/www.tucomarca.com\/wordpress\/segunda\/wp-content\/uploads\/2021\/11\/TurisViolencia05-2048x1152.jpg 2048w, https:\/\/www.tucomarca.com\/wordpress\/segunda\/wp-content\/uploads\/2021\/11\/TurisViolencia05-678x381.jpg 678w\" sizes=\"auto, (max-width: 1024px) 100vw, 1024px\" \/><\/figure><\/li><\/ul><\/figure>\n","protected":false},"excerpt":{"rendered":"<div class=\"mh-excerpt\">Aquest mat\u00ed s&#8217;ha realitzat una concentraci\u00f3 a la porta de l&#8217;Ajuntament de Tur\u00eds per a commemorar aquest Dia Internacional de l&#8217;eliminaci\u00f3 de la viol\u00e8ncia contra les dones. En l&#8217;acte s&#8217;han llegit els noms de totes <a class=\"mh-excerpt-more\" href=\"https:\/\/www.tucomarca.com\/wordpress\/segunda\/ca\/turis-se-suma-a-les-concentracions-pel-25n-dia-internacional-de-leliminacio-de-la-violencia-contra-les-dones\/\" title=\"Tur\u00eds se suma a les concentracions pel 25N, Dia Internacional de l&#8217;eliminaci\u00f3 de la viol\u00e8ncia contra les dones\">[+] <\/a><\/div>\n","protected":false},"author":12,"featured_media":144875,"comment_status":"open","ping_status":"open","sticky":false,"template":"","format":"gallery","meta":{"footnotes":""},"categories":[10898,10948,10894,10902,10947,10896,10897,11047],"tags":[13087,15929,11356],"class_list":{"0":"post-144890","1":"post","2":"type-post","3":"status-publish","4":"format-gallery","5":"has-post-thumbnail","7":"category-ventana-ca","8":"category-infraestructuras-ca","9":"category-la-comarca-ca","10":"category-la-ribera-ca","11":"category-politica","12":"category-seccion-ca","13":"category-sucesos-la-comarca-ca","14":"category-turis-ca","15":"tag-25n-ca","16":"tag-dia-internacional-contra-la-violencia-de-genero-2-ca","17":"tag-ribera-alta-ca","18":"post_format-post-format-gallery"},"_links":{"self":[{"href":"https:\/\/www.tucomarca.com\/wordpress\/segunda\/ca\/wp-json\/wp\/v2\/posts\/144890","targetHints":{"allow":["GET"]}}],"collection":[{"href":"https:\/\/www.tucomarca.com\/wordpress\/segunda\/ca\/wp-json\/wp\/v2\/posts"}],"about":[{"href":"https:\/\/www.tucomarca.com\/wordpress\/segunda\/ca\/wp-json\/wp\/v2\/types\/post"}],"author":[{"embeddable":true,"href":"https:\/\/www.tucomarca.com\/wordpress\/segunda\/ca\/wp-json\/wp\/v2\/users\/12"}],"replies":[{"embeddable":true,"href":"https:\/\/www.tucomarca.com\/wordpress\/segunda\/ca\/wp-json\/wp\/v2\/comments?post=144890"}],"version-history":[{"count":0,"href":"https:\/\/www.tucomarca.com\/wordpress\/segunda\/ca\/wp-json\/wp\/v2\/posts\/144890\/revisions"}],"wp:featuredmedia":[{"embeddable":true,"href":"https:\/\/www.tucomarca.com\/wordpress\/segunda\/ca\/wp-json\/wp\/v2\/media\/144875"}],"wp:attachment":[{"href":"https:\/\/www.tucomarca.com\/wordpress\/segunda\/ca\/wp-json\/wp\/v2\/media?parent=144890"}],"wp:term":[{"taxonomy":"category","embeddable":true,"href":"https:\/\/www.tucomarca.com\/wordpress\/segunda\/ca\/wp-json\/wp\/v2\/categories?post=144890"},{"taxonomy":"post_tag","embeddable":true,"href":"https:\/\/www.tucomarca.com\/wordpress\/segunda\/ca\/wp-json\/wp\/v2\/tags?post=144890"}],"curies":[{"name":"wp","href":"https:\/\/api.w.org\/{rel}","templated":true}]}}