{"id":144936,"date":"2021-11-25T08:00:00","date_gmt":"2021-11-25T07:00:00","guid":{"rendered":"http:\/\/www.tucomarca.com\/wordpress\/segunda\/?p=144936"},"modified":"2021-11-26T11:15:57","modified_gmt":"2021-11-26T10:15:57","slug":"la-diputacio-distribuix-225-000-euros-entre-els-nou-municipis-turistics-de-la-ribera","status":"publish","type":"post","link":"https:\/\/www.tucomarca.com\/wordpress\/segunda\/ca\/la-diputacio-distribuix-225-000-euros-entre-els-nou-municipis-turistics-de-la-ribera\/","title":{"rendered":"La Diputaci\u00f3 distribu\u00efx 225.000 euros entre els nou municipis tur\u00edstics de\u00a0la Ribera"},"content":{"rendered":"<h4>L&#8217;aportaci\u00f3 s&#8217;emmarca en el Fons de Cooperaci\u00f3 Municipal junt amb el Consell, que compta amb ap\u00e8ndixs per a turisme i despoblaci\u00f3. La corporaci\u00f3 provincial ha destinat enguany al Fons 60 milions<\/h4>\n<h4>Els cinc municipis tur\u00edstics de la Ribera Alta obtindran un total de 68.400 euros, mentre que entre els quatre de la Ribera Baixa en rebran 156.500<\/h4>\n<h4>Este fons incondicionat \u00e9s compatible amb la resta d&#8217;ajudes institucionals, i compta amb una aportaci\u00f3 de la Diputaci\u00f3 d&#8217;1.880.000 euros per a tota la prov\u00edncia<\/h4>\n<!-- \/wp:post-content -->\n\nLa Diputaci\u00f3 de Val\u00e8ncia distribuir\u00e0 224.900 euros entre els nou municipis tur\u00edstics de la Ribera, corresponents al Fons de Cooperaci\u00f3 Municipal per a localitats tur\u00edstiques en el qual la corporaci\u00f3 provincial participa junt amb el Consell. Esta l\u00ednia d&#8217;inversi\u00f3 \u00e9s un ap\u00e8ndix del Fons de Cooperaci\u00f3 Municipal al qual la Diputaci\u00f3 ha aportat este any 60 milions d&#8217;euros.\n\n<!-- \/wp:paragraph -->\n\n<!-- wp:paragraph -->\n\nA la comarca de la Ribera Alta, la distribuci\u00f3 de les ajudes va des dels prop de 20.000 euros que li corresponen a Alzira fins als 9.760 de Carcaixent, passant pels 15.400 d&#8217;Algemes\u00ed, els 13.000 de Sumac\u00e0rcer i els 10.383 d&#8217;Antella.\n\n<!-- \/wp:paragraph -->\n\n<!-- wp:paragraph -->\n\nEn el cas de la Ribera Baixa, s\u00f3n quatre les localitats incloses en este Pla. Aix\u00ed, Cullera rep 98.500 euros, pels 39.200 de Sueca, els 9.500 de Corbera i els 9.300 de Sollana.\n\n<!-- \/wp:paragraph -->\n\n<!-- wp:paragraph -->\n\nEl Fons de Cooperaci\u00f3 Municipal per a municipis tur\u00edstics queda recollit en l&#8217;article 3 del Decret 142\/2020 i va ser aprovat al ple celebrat per la Diputaci\u00f3 el passat 7 de juliol. La instituci\u00f3 repartir\u00e0 en total 1.880.172,40 euros entre els municipis tur\u00edstics de la prov\u00edncia, la mateixa quantitat que aporta la Generalitat a les localitats valencianes de manera incondicionada. \u00c9s a dir, les transfer\u00e8ncies arribaran als ajuntaments per a finan\u00e7ar globalment activitats i serveis que decidiran els propis consistoris en funci\u00f3 de les compet\u00e8ncies assumides.\n\n<!-- \/wp:paragraph -->\n\n<!-- wp:paragraph -->\n\nEl diputat de Turisme, Jordi Mayor, explica que les ajudes \u201carribaran de manera \u00e0gil i efica\u00e7 als ajuntaments i funcionen com les del Fons de Cooperaci\u00f3, podent-se destinar a inversi\u00f3 i despesa corrent, amb una quantia major que les anteriors subvencions tur\u00edstiques i amb menys burocr\u00e0cia\u201d. A m\u00e9s, \u201cl&#8217;ess\u00e8ncia d&#8217;esta l\u00ednia d&#8217;inversi\u00f3 respecta l\u2019autonomia municipal que \u00e9s l&#8217;eix sobre el qual es mou i gestiona la Diputaci\u00f3, sent els alcaldes i alcaldesses els que finalment decidiran les actuacions que es financen amb estos diners en resposta a les necessitats dels seus pobles\u201d, afig el responsable provincial de Turisme.\n\n<!-- \/wp:paragraph -->\n\n<!-- wp:paragraph -->\n\nEsta aportaci\u00f3 d\u20191,9 milions d&#8217;euros se suma als 1,6 milions assignats per la Diputaci\u00f3 als municipis en risc de despoblaci\u00f3 i als 60 milions que la corporaci\u00f3 ha repartit enguany entre les 266 localitats valencianes en el marc del Fons de Cooperaci\u00f3 Municipal, el triple de la quantitat destinada pel Consell a la prov\u00edncia en este programa conjunt de finan\u00e7ament local.\n\n<!-- \/wp:paragraph -->\n\n<!-- wp:paragraph -->\n\n<strong>Totes les comarques<\/strong>\n\n<!-- \/wp:paragraph -->\n\n<!-- wp:paragraph -->\n\nSota els principis d&#8217;objectivitat i equitat i tenint en compte indicadors de poblaci\u00f3 i activitat tur\u00edstica, la distribuci\u00f3 de l&#8217;aportaci\u00f3 provincial entre els 101 ajuntaments de totes les comarques va des dels 9.300 euros de pobles com Potries, Alfauir, Estubeny i Sollana fins als 108.000 de Gandia, passant pels 53.000 de Sagunt, els 98.000 de Cullera i els 101.000 d&#8217;Oliva, entre altres.\n\n<!-- \/wp:paragraph -->\n\n<!-- wp:paragraph -->\n\n<!-- \/wp:paragraph -->","protected":false},"excerpt":{"rendered":"<div class=\"mh-excerpt\">L&#8217;aportaci\u00f3 s&#8217;emmarca en el Fons de Cooperaci\u00f3 Municipal junt amb el Consell, que compta amb ap\u00e8ndixs per a turisme i despoblaci\u00f3. La corporaci\u00f3 provincial ha destinat enguany al Fons 60 milions Els cinc municipis tur\u00edstics <a class=\"mh-excerpt-more\" href=\"https:\/\/www.tucomarca.com\/wordpress\/segunda\/ca\/la-diputacio-distribuix-225-000-euros-entre-els-nou-municipis-turistics-de-la-ribera\/\" title=\"La Diputaci\u00f3 distribu\u00efx 225.000 euros entre els nou municipis tur\u00edstics de\u00a0la Ribera\">[+] <\/a><\/div>\n","protected":false},"author":1,"featured_media":144900,"comment_status":"open","ping_status":"open","sticky":false,"template":"","format":"standard","meta":{"footnotes":""},"categories":[10889,10984,10898,10948,10894,10902,10947,10896,11049],"tags":[11246,11333,11356],"class_list":{"0":"post-144936","1":"post","2":"type-post","3":"status-publish","4":"format-standard","5":"has-post-thumbnail","7":"category-alzira-cat","8":"category-antella-ca","9":"category-ventana-ca","10":"category-infraestructuras-ca","11":"category-la-comarca-ca","12":"category-la-ribera-ca","13":"category-politica","14":"category-seccion-ca","15":"category-sumacarcer-ca","16":"tag-diputacio-de-valencia-ca","17":"tag-la-ribera-2-ca","18":"tag-ribera-alta-ca"},"_links":{"self":[{"href":"https:\/\/www.tucomarca.com\/wordpress\/segunda\/ca\/wp-json\/wp\/v2\/posts\/144936","targetHints":{"allow":["GET"]}}],"collection":[{"href":"https:\/\/www.tucomarca.com\/wordpress\/segunda\/ca\/wp-json\/wp\/v2\/posts"}],"about":[{"href":"https:\/\/www.tucomarca.com\/wordpress\/segunda\/ca\/wp-json\/wp\/v2\/types\/post"}],"author":[{"embeddable":true,"href":"https:\/\/www.tucomarca.com\/wordpress\/segunda\/ca\/wp-json\/wp\/v2\/users\/1"}],"replies":[{"embeddable":true,"href":"https:\/\/www.tucomarca.com\/wordpress\/segunda\/ca\/wp-json\/wp\/v2\/comments?post=144936"}],"version-history":[{"count":0,"href":"https:\/\/www.tucomarca.com\/wordpress\/segunda\/ca\/wp-json\/wp\/v2\/posts\/144936\/revisions"}],"wp:featuredmedia":[{"embeddable":true,"href":"https:\/\/www.tucomarca.com\/wordpress\/segunda\/ca\/wp-json\/wp\/v2\/media\/144900"}],"wp:attachment":[{"href":"https:\/\/www.tucomarca.com\/wordpress\/segunda\/ca\/wp-json\/wp\/v2\/media?parent=144936"}],"wp:term":[{"taxonomy":"category","embeddable":true,"href":"https:\/\/www.tucomarca.com\/wordpress\/segunda\/ca\/wp-json\/wp\/v2\/categories?post=144936"},{"taxonomy":"post_tag","embeddable":true,"href":"https:\/\/www.tucomarca.com\/wordpress\/segunda\/ca\/wp-json\/wp\/v2\/tags?post=144936"}],"curies":[{"name":"wp","href":"https:\/\/api.w.org\/{rel}","templated":true}]}}