{"id":144947,"date":"2021-11-25T16:02:00","date_gmt":"2021-11-25T15:02:00","guid":{"rendered":"http:\/\/www.tucomarca.com\/wordpress\/segunda\/?p=144947"},"modified":"2021-11-26T11:08:38","modified_gmt":"2021-11-26T10:08:38","slug":"la-diputacio-distribuix-mes-de-72-500-euros-entre-els-quatre-municipis-turistics-del-valle-de-ayora-cofrentes","status":"publish","type":"post","link":"https:\/\/www.tucomarca.com\/wordpress\/segunda\/ca\/la-diputacio-distribuix-mes-de-72-500-euros-entre-els-quatre-municipis-turistics-del-valle-de-ayora-cofrentes\/","title":{"rendered":"La Diputaci\u00f3 distribu\u00efx m\u00e9s de 72.500 euros entre els quatre municipis tur\u00edstics del Valle de Ayora-Cofrentes"},"content":{"rendered":"<h4>L&#8217;aportaci\u00f3 s&#8217;emmarca en el Fons de Cooperaci\u00f3 Municipal junt amb el Consell, que compta amb ap\u00e8ndixs per a turisme i despoblaci\u00f3. La corporaci\u00f3 provincial ha destinat enguany al Fons 60 milions<\/h4>\n<h4>Ayora, Cofrentes, Jalance i Jarafuel formen part d&#8217;este fons incondicionat, compatible amb la resta d&#8217;ajudes institucionals, al qual la Diputaci\u00f3 aporta en el conjunt de la prov\u00edncia 1.880.000 euros<\/h4>\n<!-- \/wp:post-content -->\n\n<!-- wp:paragraph -->\n\nLa Diputaci\u00f3 de Val\u00e8ncia distribuir\u00e0 72.600 euros entre els quatre municipis tur\u00edstics del Valle de Ayora-Cofrentes, corresponents al Fons de Cooperaci\u00f3 Municipal per a localitats tur\u00edstiques en el qual la corporaci\u00f3 provincial participa junt amb el Consell. Esta l\u00ednia d&#8217;inversi\u00f3 \u00e9s un ap\u00e8ndix del Fons de Cooperaci\u00f3 Municipal al qual la Diputaci\u00f3 ha aportat este any 60 milions d&#8217;euros.\n\n<!-- \/wp:paragraph -->\n\n<!-- wp:paragraph -->\n\nPel que fa al desglossament per municipis, Cofrentes \u00e9s el municipi que rebr\u00e0 una major aportaci\u00f3 del Fons, amb 25.750 euros; mentre que a Ayora li\u2019n corresponen 16.500, a Jarafuel 15.551 i a Jalance prop de 14.800.\n\n<!-- \/wp:paragraph -->\n\n<!-- wp:paragraph -->\n\nEsta l\u00ednia espec\u00edfica d&#8217;inversi\u00f3 queda recollida en l&#8217;article 3 del Decret 142\/2020 i va ser aprovada al ple celebrat per la Diputaci\u00f3 el passat 7 de juliol. La instituci\u00f3 repartir\u00e0 en total 1.880.172,40 euros entre els municipis tur\u00edstics de la prov\u00edncia, la mateixa quantitat que aporta la Generalitat a les localitats valencianes de manera incondicionada. \u00c9s a dir, les transfer\u00e8ncies arribaran als ajuntaments per a finan\u00e7ar globalment activitats i serveis que decidiran els propis consistoris en funci\u00f3 de les compet\u00e8ncies assumides.\n\n<!-- \/wp:paragraph -->\n\n<!-- wp:paragraph -->\n\nEl diputat de Turisme, Jordi Mayor, explica que les ajudes \u201carribaran de manera \u00e0gil i efica\u00e7 als ajuntaments i funcionen com les del Fons de Cooperaci\u00f3, podent-se destinar a inversi\u00f3 i despesa corrent, amb una quantia major que les anteriors subvencions tur\u00edstiques i amb menys burocr\u00e0cia\u201d. A m\u00e9s, \u201cl&#8217;ess\u00e8ncia d&#8217;esta l\u00ednia d&#8217;inversi\u00f3 respecta l\u2019autonomia municipal que \u00e9s l&#8217;eix sobre el qual es mou i gestiona la Diputaci\u00f3, sent els alcaldes i alcaldesses els que finalment decidiran les actuacions que es financen amb estos diners en resposta a les necessitats dels seus pobles\u201d, afig el responsable provincial de Turisme.\n\n<!-- \/wp:paragraph -->\n\n<!-- wp:paragraph -->\n\nEsta aportaci\u00f3 d\u20191,9 milions d&#8217;euros se suma als 1,6 milions assignats per la Diputaci\u00f3 als municipis en risc de despoblaci\u00f3 i als 60 milions que la corporaci\u00f3 ha repartit enguany entre les 266 localitats valencianes en el marc del Fons de Cooperaci\u00f3 Municipal, el triple de la quantitat destinada pel Consell a la prov\u00edncia en este programa conjunt de finan\u00e7ament local.\n\n<!-- \/wp:paragraph -->\n\n<!-- wp:paragraph -->\n\n<strong>Totes les comarques<\/strong>\n\n<!-- \/wp:paragraph -->\n\n<!-- wp:paragraph -->\n\nSota els principis d&#8217;objectivitat i equitat i tenint en compte indicadors de poblaci\u00f3 i activitat tur\u00edstica, la distribuci\u00f3 de l&#8217;aportaci\u00f3 provincial entre els 101 ajuntaments de totes les comarques va des dels 9.300 euros de pobles com Potries, Alfauir, Estubeny i Sollana fins als 108.000 de Gandia, passant pels 53.000 de Sagunt, els 98.000 de Cullera i els 101.000 d&#8217;Oliva, entre altres.\n\n<!-- \/wp:paragraph -->\n\n<!-- wp:paragraph -->\n\n<!-- \/wp:paragraph -->","protected":false},"excerpt":{"rendered":"<div class=\"mh-excerpt\">L&#8217;aportaci\u00f3 s&#8217;emmarca en el Fons de Cooperaci\u00f3 Municipal junt amb el Consell, que compta amb ap\u00e8ndixs per a turisme i despoblaci\u00f3. La corporaci\u00f3 provincial ha destinat enguany al Fons 60 milions Ayora, Cofrentes, Jalance i <a class=\"mh-excerpt-more\" href=\"https:\/\/www.tucomarca.com\/wordpress\/segunda\/ca\/la-diputacio-distribuix-mes-de-72-500-euros-entre-els-quatre-municipis-turistics-del-valle-de-ayora-cofrentes\/\" title=\"La Diputaci\u00f3 distribu\u00efx m\u00e9s de 72.500 euros entre els quatre municipis tur\u00edstics del Valle de Ayora-Cofrentes\">[+] <\/a><\/div>\n","protected":false},"author":1,"featured_media":144896,"comment_status":"open","ping_status":"open","sticky":false,"template":"","format":"standard","meta":{"footnotes":""},"categories":[10954,10951,10955,10898,10948,10956,10957,10894,10947,10896],"tags":[11163,11216,11480,11246,13248,14121,12962],"class_list":{"0":"post-144947","1":"post","2":"type-post","3":"status-publish","4":"format-standard","5":"has-post-thumbnail","7":"category-ayora-ca","8":"category-ayora-cofrentes-ca","9":"category-cofrentes-ca","10":"category-ventana-ca","11":"category-infraestructuras-ca","12":"category-jalance-ca","13":"category-jarafuel-ca","14":"category-la-comarca-ca","15":"category-politica","16":"category-seccion-ca","17":"tag-ayora-ca","18":"tag-ayora-cofrentes-ca","19":"tag-cofrentes-ca","20":"tag-diputacio-de-valencia-ca","21":"tag-jalance-ca","22":"tag-jarafuel-ca","23":"tag-turismo-ca"},"_links":{"self":[{"href":"https:\/\/www.tucomarca.com\/wordpress\/segunda\/ca\/wp-json\/wp\/v2\/posts\/144947","targetHints":{"allow":["GET"]}}],"collection":[{"href":"https:\/\/www.tucomarca.com\/wordpress\/segunda\/ca\/wp-json\/wp\/v2\/posts"}],"about":[{"href":"https:\/\/www.tucomarca.com\/wordpress\/segunda\/ca\/wp-json\/wp\/v2\/types\/post"}],"author":[{"embeddable":true,"href":"https:\/\/www.tucomarca.com\/wordpress\/segunda\/ca\/wp-json\/wp\/v2\/users\/1"}],"replies":[{"embeddable":true,"href":"https:\/\/www.tucomarca.com\/wordpress\/segunda\/ca\/wp-json\/wp\/v2\/comments?post=144947"}],"version-history":[{"count":0,"href":"https:\/\/www.tucomarca.com\/wordpress\/segunda\/ca\/wp-json\/wp\/v2\/posts\/144947\/revisions"}],"wp:featuredmedia":[{"embeddable":true,"href":"https:\/\/www.tucomarca.com\/wordpress\/segunda\/ca\/wp-json\/wp\/v2\/media\/144896"}],"wp:attachment":[{"href":"https:\/\/www.tucomarca.com\/wordpress\/segunda\/ca\/wp-json\/wp\/v2\/media?parent=144947"}],"wp:term":[{"taxonomy":"category","embeddable":true,"href":"https:\/\/www.tucomarca.com\/wordpress\/segunda\/ca\/wp-json\/wp\/v2\/categories?post=144947"},{"taxonomy":"post_tag","embeddable":true,"href":"https:\/\/www.tucomarca.com\/wordpress\/segunda\/ca\/wp-json\/wp\/v2\/tags?post=144947"}],"curies":[{"name":"wp","href":"https:\/\/api.w.org\/{rel}","templated":true}]}}