{"id":144960,"date":"2021-11-26T08:00:00","date_gmt":"2021-11-26T07:00:00","guid":{"rendered":"http:\/\/www.tucomarca.com\/wordpress\/segunda\/?p=144960"},"modified":"2021-11-26T11:03:16","modified_gmt":"2021-11-26T10:03:16","slug":"exposicions-mes-tallers-per-a-tots-i-club-de-lectura-fixen-lagenda-cultura-daquesta-finalitat-de-setmana-a-bunol","status":"publish","type":"post","link":"https:\/\/www.tucomarca.com\/wordpress\/segunda\/ca\/exposicions-mes-tallers-per-a-tots-i-club-de-lectura-fixen-lagenda-cultura-daquesta-finalitat-de-setmana-a-bunol\/","title":{"rendered":"Exposicions, m\u00e9s tallers per a tots i club de lectura fixen l&#8217;agenda cultura d&#8217;aquesta finalitat de setmana a Bu\u00f1ol"},"content":{"rendered":"\n<h4 class=\"wp-block-heading\">A m\u00e9s dels concerts per Santa Cecilia del CIM L&#8217;Harm\u00f2nica de Bu\u00f1ol i les obres de teatre pel Dia Internacional de la Viol\u00e8ncia de G\u00e8nere, aquest cap de setmana continuen els tallers per a tots dins del Cicle d&#8217;Art Tardor a Pinzellades, sense oblidar les exposicions de fotografia que s&#8217;inauguren dem\u00e0 divendres i un club de lectura a la Biblioteca.<\/h4>\n\n\n\n<figure class=\"wp-block-gallery columns-2 is-cropped wp-block-gallery-1 is-layout-flex wp-block-gallery-is-layout-flex\"><ul class=\"blocks-gallery-grid\"><li class=\"blocks-gallery-item\"><figure><img loading=\"lazy\" decoding=\"async\" width=\"704\" height=\"1024\" src=\"http:\/\/www.tucomarca.com\/wordpress\/segunda\/wp-content\/uploads\/2021\/11\/BunolExpoFoto-704x1024.jpg\" alt=\"\" data-id=\"144955\" data-full-url=\"http:\/\/www.tucomarca.com\/wordpress\/segunda\/wp-content\/uploads\/2021\/11\/BunolExpoFoto.jpg\" data-link=\"http:\/\/www.tucomarca.com\/wordpress\/segunda\/?attachment_id=144955\" class=\"wp-image-144955\" srcset=\"https:\/\/www.tucomarca.com\/wordpress\/segunda\/wp-content\/uploads\/2021\/11\/BunolExpoFoto-704x1024.jpg 704w, https:\/\/www.tucomarca.com\/wordpress\/segunda\/wp-content\/uploads\/2021\/11\/BunolExpoFoto-206x300.jpg 206w, https:\/\/www.tucomarca.com\/wordpress\/segunda\/wp-content\/uploads\/2021\/11\/BunolExpoFoto-768x1117.jpg 768w, https:\/\/www.tucomarca.com\/wordpress\/segunda\/wp-content\/uploads\/2021\/11\/BunolExpoFoto-1056x1536.jpg 1056w, https:\/\/www.tucomarca.com\/wordpress\/segunda\/wp-content\/uploads\/2021\/11\/BunolExpoFoto.jpg 1100w\" sizes=\"auto, (max-width: 704px) 100vw, 704px\" \/><\/figure><\/li><li class=\"blocks-gallery-item\"><figure><img loading=\"lazy\" decoding=\"async\" width=\"702\" height=\"1024\" src=\"http:\/\/www.tucomarca.com\/wordpress\/segunda\/wp-content\/uploads\/2021\/11\/BunoTalleres-702x1024.jpg\" alt=\"\" data-id=\"144957\" data-full-url=\"http:\/\/www.tucomarca.com\/wordpress\/segunda\/wp-content\/uploads\/2021\/11\/BunoTalleres.jpg\" data-link=\"http:\/\/www.tucomarca.com\/wordpress\/segunda\/?attachment_id=144957\" class=\"wp-image-144957\" srcset=\"https:\/\/www.tucomarca.com\/wordpress\/segunda\/wp-content\/uploads\/2021\/11\/BunoTalleres-702x1024.jpg 702w, https:\/\/www.tucomarca.com\/wordpress\/segunda\/wp-content\/uploads\/2021\/11\/BunoTalleres-206x300.jpg 206w, https:\/\/www.tucomarca.com\/wordpress\/segunda\/wp-content\/uploads\/2021\/11\/BunoTalleres-768x1120.jpg 768w, https:\/\/www.tucomarca.com\/wordpress\/segunda\/wp-content\/uploads\/2021\/11\/BunoTalleres-1053x1536.jpg 1053w, https:\/\/www.tucomarca.com\/wordpress\/segunda\/wp-content\/uploads\/2021\/11\/BunoTalleres.jpg 1097w\" sizes=\"auto, (max-width: 702px) 100vw, 702px\" \/><\/figure><\/li><\/ul><\/figure>\n\n\n\n<p>La cultura torna a ser protagonista a Bu\u00f1ol aquest cap de setmana. La plataforma Salvem Farraj\u00f3n inaugura aquest divendres a les 18.30h a la Sala Raga del Molino Gal\u00e0 una exposici\u00f3 fotogr\u00e0fica que pot visitar-se fins al 18 de desembre de dilluns a divendres en horari de biblioteca i dissabtes i diumenges d&#8217;11 a 14h. Aquesta exposici\u00f3 rep el nom de \u201cDefensant els paratges de Bu\u00f1ol\u201d. L&#8217;objectiu \u00e9s donar a con\u00e9ixer un dels patrimonis naturals m\u00e9s bells de Bu\u00f1ol com \u00e9s la partida de Farraj\u00f3n, que ja ha rebut ofertes per a instal\u00b7lar un macroparc fotovolt\u00e1ico en la zona. Tamb\u00e9 es desenvolupar\u00e0 en aquest acte una xarrada sobre Comunitats Energ\u00e8tiques.&nbsp;<\/p>\n\n\n\n<p>Tamb\u00e9 a la Sala El Oscurico del Castell de Bu\u00f1ol s&#8217;inaugura una altra exposici\u00f3, a c\u00e0rrec d&#8217;artistes locals aquest dissabte a les 12h. Es diu \u201cResili\u00e8ncia\u201d per la capacitat d&#8217;adaptaci\u00f3 que en aquests temps de pand\u00e8mia ha tingut el m\u00f3n de la cultura, i els artistes en particular. Les obres que poden veure&#8217;s en aquesta exposici\u00f3 han sigut creades entre 2020 i 2021. Per\u00f2 a causa del gran nombre d&#8217;obres i d&#8217;artistes locals es preveu que puga haver-hi una altra exposici\u00f3 en un futur: \u201cResili\u00e8ncia II\u201d. Pot visitar-se fins al 19 de desembre. Des de l&#8217;Ajuntament de Bu\u00f1ol volen mostrar el seu m\u00e9s profund agra\u00efment a tots els artistes que estan col\u00b7laborant desinteressadament en aquesta exposici\u00f3.&nbsp;<\/p>\n\n\n\n<p>A m\u00e9s, tamb\u00e9 es procedir\u00e0 en aquesta inauguraci\u00f3 al lliurament de premis del Concurs de Fotografia del Barri Sant Rafael de Bu\u00f1ol. Ja es van fer p\u00fablics els tres primers premis, per\u00f2 no se&#8217;ls va fer lliurament del premi als guardonats. Ara se&#8217;ls far\u00e0 lliurament i tamb\u00e9 es donar\u00e0 a con\u00e9ixer el Premi del P\u00fablico.&nbsp;<\/p>\n\n\n\n<p>Juan Luis Pall\u00e1s, coordinador del cicle d&#8217;art Tardor a Pinzellades,&nbsp; tamb\u00e9 recorda que continuen els tallers. En aquesta ocasi\u00f3 \u00e9s torn per al de Lettering, el dissabte de 10 a 14h a la Sala Raga, a c\u00e0rrec de Luc\u00eda Mor\u00e1n. Ja estan totes les places cobertes, \u201cper\u00f2 encara queden per al d&#8217;Aquarel\u00b7la Creativa que es realitzar\u00e0 el 4 de desembre per a xiquets al mat\u00ed i per a joves i adults a la vesprada. Ser\u00e0 impartit per Maider Soraru\u201d.<\/p>\n\n\n\n<p>\u201cTots els tallers que s&#8217;han organitzat al llarg d&#8217;aquest mes de novembre han sigut tot un \u00e8xit, des del de reciclatge fins al de cer\u00e0mica i ara el de Lettering, que han comptat amb les places cobertes pr\u00e0cticament sense promocionar-los des del moment en el qual traiem la cartelleria\u201d, va manifestar Pall\u00e1s.&nbsp;<\/p>\n\n\n\n<p>Finalment, dem\u00e0 divendres 26 a les 19h un nou club de lectura a la Biblioteca P\u00fablica Municipal Cronista Fernando Galarza de Bu\u00f1ol sobre l&#8217;obra de Juan Mars\u00e9, \u201cCues de sargantana\u201d.<\/p>\n","protected":false},"excerpt":{"rendered":"<div class=\"mh-excerpt\">A m\u00e9s dels concerts per Santa Cecilia del CIM L&#8217;Harm\u00f2nica de Bu\u00f1ol i les obres de teatre pel Dia Internacional de la Viol\u00e8ncia de G\u00e8nere, aquest cap de setmana continuen els tallers per a tots <a class=\"mh-excerpt-more\" href=\"https:\/\/www.tucomarca.com\/wordpress\/segunda\/ca\/exposicions-mes-tallers-per-a-tots-i-club-de-lectura-fixen-lagenda-cultura-daquesta-finalitat-de-setmana-a-bunol\/\" title=\"Exposicions, m\u00e9s tallers per a tots i club de lectura fixen l&#8217;agenda cultura d&#8217;aquesta finalitat de setmana a Bu\u00f1ol\">[+] <\/a><\/div>\n","protected":false},"author":12,"featured_media":144954,"comment_status":"open","ping_status":"open","sticky":false,"template":"","format":"standard","meta":{"footnotes":""},"categories":[11019,10911,10894,10912,11007,10896],"tags":[10913,15660,12194,10914,15931],"class_list":{"0":"post-144960","1":"post","2":"type-post","3":"status-publish","4":"format-standard","5":"has-post-thumbnail","7":"category-agenda-ca","8":"category-bunol-ca","9":"category-la-comarca-ca","10":"category-la-hoya-ca","11":"category-ocio-y-cultura-ca","12":"category-seccion-ca","13":"tag-bunol-ca","14":"tag-ciclo-otono-a-pinceladas-ca","15":"tag-cultura-ca","16":"tag-la-hoya-de-bunol-chiva-ca","17":"tag-resilencia-ca"},"_links":{"self":[{"href":"https:\/\/www.tucomarca.com\/wordpress\/segunda\/ca\/wp-json\/wp\/v2\/posts\/144960","targetHints":{"allow":["GET"]}}],"collection":[{"href":"https:\/\/www.tucomarca.com\/wordpress\/segunda\/ca\/wp-json\/wp\/v2\/posts"}],"about":[{"href":"https:\/\/www.tucomarca.com\/wordpress\/segunda\/ca\/wp-json\/wp\/v2\/types\/post"}],"author":[{"embeddable":true,"href":"https:\/\/www.tucomarca.com\/wordpress\/segunda\/ca\/wp-json\/wp\/v2\/users\/12"}],"replies":[{"embeddable":true,"href":"https:\/\/www.tucomarca.com\/wordpress\/segunda\/ca\/wp-json\/wp\/v2\/comments?post=144960"}],"version-history":[{"count":0,"href":"https:\/\/www.tucomarca.com\/wordpress\/segunda\/ca\/wp-json\/wp\/v2\/posts\/144960\/revisions"}],"wp:featuredmedia":[{"embeddable":true,"href":"https:\/\/www.tucomarca.com\/wordpress\/segunda\/ca\/wp-json\/wp\/v2\/media\/144954"}],"wp:attachment":[{"href":"https:\/\/www.tucomarca.com\/wordpress\/segunda\/ca\/wp-json\/wp\/v2\/media?parent=144960"}],"wp:term":[{"taxonomy":"category","embeddable":true,"href":"https:\/\/www.tucomarca.com\/wordpress\/segunda\/ca\/wp-json\/wp\/v2\/categories?post=144960"},{"taxonomy":"post_tag","embeddable":true,"href":"https:\/\/www.tucomarca.com\/wordpress\/segunda\/ca\/wp-json\/wp\/v2\/tags?post=144960"}],"curies":[{"name":"wp","href":"https:\/\/api.w.org\/{rel}","templated":true}]}}