{"id":144977,"date":"2021-11-25T18:31:00","date_gmt":"2021-11-25T17:31:00","guid":{"rendered":"http:\/\/www.tucomarca.com\/wordpress\/segunda\/?p=144977"},"modified":"2021-11-27T12:07:55","modified_gmt":"2021-11-27T11:07:55","slug":"utiel-diu-no-a-la-violencia-de-genere","status":"publish","type":"post","link":"https:\/\/www.tucomarca.com\/wordpress\/segunda\/ca\/utiel-diu-no-a-la-violencia-de-genere\/","title":{"rendered":"Utiel diu no a la viol\u00e8ncia de g\u00e8nere"},"content":{"rendered":"\n<h4 class=\"wp-block-heading\">Aquest mat\u00ed, a les 12.00 hores, s&#8217;ha realitzat la lectura del manifest del 25N en commemoraci\u00f3 del Dia Internacional de l&#8217;Eliminaci\u00f3 de la Viol\u00e8ncia contra la Dona.&nbsp;<\/h4>\n\n\n\n<h4 class=\"wp-block-heading\">El document d&#8217;actuaci\u00f3 coordinada contra la viol\u00e8ncia de g\u00e8nere i el pla d&#8217;igualtat municipal, s\u00f3n algunes de les actuacions municipals espec\u00edfiques per a fer front a aquesta xacra social.&nbsp;<\/h4>\n\n\n\n<p>L&#8217;Ajuntament d&#8217;Utiel diu NO a la Viol\u00e8ncia de G\u00e8nere i continua amb el desenvolupament de plans d&#8217;actuaci\u00f3 i campanyes de sensibilitzaci\u00f3 per a lluitar contra aquesta xacra social&nbsp;<\/p>\n\n\n\n<p>Aquest mat\u00ed, en la pla\u00e7a consistorial, s&#8217;han concentrat ve\u00efns del municipi per a assistir a l&#8217;acte institucional del 25 de novembre com a mostra de repulsa cap a la viol\u00e8ncia de g\u00e8nere. L&#8217;alcalde d&#8217;Utiel, Fernando Benlliure i la regidora d&#8217;Igualtat de l&#8217;Ajuntament d&#8217;Utiel, Carmen L\u00f3pez, han donat lectura al manifest reivindicatiu i han mostrat el rotund suport del consistori cap a les v\u00edctimes.<\/p>\n\n\n\n<p>En aquest 2021, 37 dones han sigut assassinades, 5 menors van perdre la vida a les mans dels seus pares, i 24 menors van quedar orfes. Des que es comptabilitzen les v\u00edctimes mortals des de 2003 el nombre de dones assassinades ascendeix a un total de 1118.&nbsp;<\/p>\n\n\n\n<p>Xarxa de recursos del municipi&nbsp;<\/p>\n\n\n\n<p>El municipi d&#8217;Utiel compta amb una xarxa de recursos assistencials, que impliquen diferents \u00e0rees, tant forces de seguretat, serveis socials, oficina d&#8217;atenci\u00f3 a la v\u00edctimes del delicte , serveis sanitaris i la pr\u00f2pia unitat d&#8217;igualtat de l&#8217;Ajuntament d&#8217;Utiel per a poder coordinar accions que permeten actuar d&#8217;una manera efica\u00e7 per a fer front a aquesta violaci\u00f3 dels drets fonamentals en la qual la dona \u00e9s objecte d&#8217;actes de viol\u00e8ncia f\u00edsica i\/o psicol\u00f2gica , incloses les agressions a la llibertat sexual les amenaces, les coaccions o la privaci\u00f3 arbitr\u00e0ria de llibertat.<\/p>\n\n\n\n<p>En concret en l&#8217;Oficina d&#8217;Atenci\u00f3 a les V\u00edctimes del Delicte d&#8217;Utiel, m\u00e9s del 60% dels expedients tramitats estan relacionats amb Viol\u00e8ncia de G\u00e8nere, portant associades den\u00fancies i trencaments de condemna.<\/p>\n\n\n\n<p>Tamb\u00e9 cal destacar l&#8217;atenci\u00f3 oferida a trav\u00e9s de serveis socials i la seua \u00e0rea de psicologia en la qual es continua desenvolupant el programa de prevenci\u00f3 de conflictes de parella i es realitza assessorament psicol\u00f2gic amb v\u00edctimes, agressors, i fam\u00edlia.<\/p>\n\n\n\n<p>Document d&#8217;Actuaci\u00f3 Coordinada, Plans d&#8217;Igualtat i Pacte d&#8217;Estat 2021&nbsp;<\/p>\n\n\n\n<p>La unitat d&#8217;igualtat de l&#8217;Ajuntament d&#8217;Utiel presentava ahir el Document d&#8217;Acci\u00f3 Coordinada contra la Viol\u00e8ncia de G\u00e8nere d&#8217;Utiel als diferents agents implicats en el seu desenvolupament i aquesta vesprada ser\u00e0 portat al ple municipal.<\/p>\n\n\n\n<p>Un document integral que sorgeix del treball realitzat a trav\u00e9s del programa \u201cM\u00e9s Segures M\u00e9s Iguals \u201ci que implica formaci\u00f3, aix\u00ed com la creaci\u00f3 d&#8217;una taula local per a facilitar el treball en xarxa d&#8217;agents clau en l&#8217;atenci\u00f3 integral a v\u00edctimes de viol\u00e8ncia de g\u00e8nere.<\/p>\n\n\n\n<p>Tamb\u00e9 des d&#8217;aquest departament s&#8217;est\u00e0 desenvolupant el pla estrat\u00e8gic d&#8217;igualtat municipal que compta amb la implicaci\u00f3 d&#8217;agents socials i ciutadania. De fet, actualment est\u00e0 activa una enquesta ciutadana en la qual es realitzen consultes sobre la igualtat d&#8217;oportunitats entre homes i dones en diferents \u00e0mbits del municipi.<\/p>\n\n\n\n<p>I Utiel, juntament amb la resta de municipis que integren la Mancomunitat de l&#8217;Interior Terra del Vi, conjuminen forces contra aquesta xacra social a trav\u00e9s del Pacte d&#8217;Estat 2021, on es treballaran les pol\u00edtiques p\u00fabliques en mat\u00e8ria de viol\u00e8ncia de g\u00e8nere conjuntament en el territori a trav\u00e9s de les actuacions coordinades des de la unitat d&#8217;igualtat.<\/p>\n\n\n\n<p>Dins d&#8217;aquestes actuacions contra la viol\u00e8ncia de g\u00e8nere s&#8217;inclouen accions de sensibilitzaci\u00f3 de la societat i de la prevenci\u00f3 de la viol\u00e8ncia de g\u00e8nere; coordinaci\u00f3 i treball en xarxa de totes les \u00e0rees professionals i socials del territori; perfeccionament de l&#8217;assist\u00e8ncia, ajuda i protecci\u00f3 a dones i menors que pateixen la viol\u00e8ncia de g\u00e8nere, millorant els plans d&#8217;atenci\u00f3; l&#8217;assist\u00e8ncia i protecci\u00f3 de menors aix\u00ed com actuacions de refor\u00e7 en l&#8217;\u00e0mbit educatiu o la formaci\u00f3 dels diferents agents per a garantir la millor resposta assistencial.<\/p>\n\n\n\n<p><\/p>\n","protected":false},"excerpt":{"rendered":"<div class=\"mh-excerpt\">Aquest mat\u00ed, a les 12.00 hores, s&#8217;ha realitzat la lectura del manifest del 25N en commemoraci\u00f3 del Dia Internacional de l&#8217;Eliminaci\u00f3 de la Viol\u00e8ncia contra la Dona.&nbsp; El document d&#8217;actuaci\u00f3 coordinada contra la viol\u00e8ncia de <a class=\"mh-excerpt-more\" href=\"https:\/\/www.tucomarca.com\/wordpress\/segunda\/ca\/utiel-diu-no-a-la-violencia-de-genere\/\" title=\"Utiel diu no a la viol\u00e8ncia de g\u00e8nere\">[+] <\/a><\/div>\n","protected":false},"author":12,"featured_media":144978,"comment_status":"open","ping_status":"open","sticky":false,"template":"","format":"standard","meta":{"footnotes":""},"categories":[10898,10948,10894,10947,10909,10896,10897,11059],"tags":[13087,15900,15929,10910,11174,11629,13109],"class_list":{"0":"post-144977","1":"post","2":"type-post","3":"status-publish","4":"format-standard","5":"has-post-thumbnail","7":"category-ventana-ca","8":"category-infraestructuras-ca","9":"category-la-comarca-ca","10":"category-politica","11":"category-requena-utiel-ca","12":"category-seccion-ca","13":"category-sucesos-la-comarca-ca","14":"category-utiel-ca","15":"tag-25n-ca","16":"tag-dia-internacional-contra-la-violencia-de-genero-ca","17":"tag-dia-internacional-contra-la-violencia-de-genero-2-ca","18":"tag-requena-utiel-ca","19":"tag-utiel-ca","20":"tag-violencia-de-genero-ca","21":"tag-violencia-machista-ca"},"_links":{"self":[{"href":"https:\/\/www.tucomarca.com\/wordpress\/segunda\/ca\/wp-json\/wp\/v2\/posts\/144977","targetHints":{"allow":["GET"]}}],"collection":[{"href":"https:\/\/www.tucomarca.com\/wordpress\/segunda\/ca\/wp-json\/wp\/v2\/posts"}],"about":[{"href":"https:\/\/www.tucomarca.com\/wordpress\/segunda\/ca\/wp-json\/wp\/v2\/types\/post"}],"author":[{"embeddable":true,"href":"https:\/\/www.tucomarca.com\/wordpress\/segunda\/ca\/wp-json\/wp\/v2\/users\/12"}],"replies":[{"embeddable":true,"href":"https:\/\/www.tucomarca.com\/wordpress\/segunda\/ca\/wp-json\/wp\/v2\/comments?post=144977"}],"version-history":[{"count":0,"href":"https:\/\/www.tucomarca.com\/wordpress\/segunda\/ca\/wp-json\/wp\/v2\/posts\/144977\/revisions"}],"wp:featuredmedia":[{"embeddable":true,"href":"https:\/\/www.tucomarca.com\/wordpress\/segunda\/ca\/wp-json\/wp\/v2\/media\/144978"}],"wp:attachment":[{"href":"https:\/\/www.tucomarca.com\/wordpress\/segunda\/ca\/wp-json\/wp\/v2\/media?parent=144977"}],"wp:term":[{"taxonomy":"category","embeddable":true,"href":"https:\/\/www.tucomarca.com\/wordpress\/segunda\/ca\/wp-json\/wp\/v2\/categories?post=144977"},{"taxonomy":"post_tag","embeddable":true,"href":"https:\/\/www.tucomarca.com\/wordpress\/segunda\/ca\/wp-json\/wp\/v2\/tags?post=144977"}],"curies":[{"name":"wp","href":"https:\/\/api.w.org\/{rel}","templated":true}]}}