{"id":145011,"date":"2021-11-25T20:38:00","date_gmt":"2021-11-25T19:38:00","guid":{"rendered":"http:\/\/www.tucomarca.com\/wordpress\/segunda\/?p=145011"},"modified":"2021-11-27T12:10:44","modified_gmt":"2021-11-27T11:10:44","slug":"riba-roja-celebra-el-dia-internacional-de-leliminacio-de-la-violencia-contra-les-dones-amb-la-presencia-dels-centres-educatius-del-municipi","status":"publish","type":"post","link":"https:\/\/www.tucomarca.com\/wordpress\/segunda\/ca\/riba-roja-celebra-el-dia-internacional-de-leliminacio-de-la-violencia-contra-les-dones-amb-la-presencia-dels-centres-educatius-del-municipi\/","title":{"rendered":"Riba-roja celebra el Dia Internacional de l&#8217;eliminaci\u00f3 de la viol\u00e8ncia contra les dones amb la pres\u00e8ncia dels centres educatius del municipi"},"content":{"rendered":"\n<h4 class=\"wp-block-heading\">El ple va aprovar a principis de mes una moci\u00f3 contra aquesta xacra social&nbsp;<\/h4>\n\n\n\n<p>L&#8217;Ajuntament de Riba-roja de T\u00faria ha celebrat aquest mat\u00ed l&#8217;acte institucional en commemoraci\u00f3 del Dia Internacional de l&#8217;Eliminaci\u00f3 de la Viol\u00e8ncia contra les dones. A l&#8217;acte han assistit representants de l&#8217;equip de govern encap\u00e7alat per l&#8217;alcalde, Robert Raga, aix\u00ed com regidors de la resta de formacions amb representaci\u00f3 en el ple municipal.&nbsp;<\/p>\n\n\n\n<p>A l&#8217;acte s&#8217;han sumat un any m\u00e9s els centres educatius de la localitat alguns dels alumnes de la qual han intervingut, tamb\u00e9, en l&#8217;acte de lectura del manifest que ha encap\u00e7alat la regidora d&#8217;Igualtat, Lola Verdeguer. Els centres educatius que han pres part en aquest acte institucional s\u00f3n els del Col\u00b7legi Cervantes, Asunci\u00f3n de La nostra Senyora, Eres Altes, Mes d\u2019Escote i Camp de T\u00faria.&nbsp;<\/p>\n\n\n\n<p>La jornada ha concl\u00f2s amb l&#8217;actuaci\u00f3 musical de B\u00e0rbara i Cate que han interpretat la can\u00e7\u00f3 de Beatriz Luengo \u201cHawaii\u201d, davant l&#8217;atenta mirada de tots assistents que s&#8217;han reunit en la Pla\u00e7a de l\u2019Ajuntament de Riba-roja de T\u00faria. Finalment, l&#8217;associaci\u00f3 de Bu\u00f1oleras de la localitat han repartit xocolate i bunyols a tots els assistents a l&#8217;acte.&nbsp;<\/p>\n\n\n\n<p>Cal recordar que el ple municipal va aprovar a principis d&#8217;aquest mes una moci\u00f3 de suport al Dia Internacional contra la Viol\u00e8ncia contra les Dones que s&#8217;ha celebrat hui 25 de novembre. La moci\u00f3 ha sigut consensuada i aprovada pel PSPV, el Partit Popular, Ciutadans, Comprom\u00eds, Esquerra Unida, Podem Riba-roja Pot mentre que Vox ha votat en contra.&nbsp;<\/p>\n\n\n\n<p>El text aprovat mostra el seu suport decidit a totes les v\u00edctimes, a les dones assassinades, als seus fills i filles orfes, a les seues mares, als seus pares, germans, germanes i amistats, amb els quals comparteixen el seu dolor, la seua desolaci\u00f3 i el combat per aquesta causa. De fet, es refereixen a les 1.114 dones que han sigut assassinades des de l&#8217;any 2003, de les quals 36 dones corresponen a l&#8217;any 2021 i 21 xiquetes i xiquetes han quedat, al seu torn, orfes.&nbsp;<\/p>\n\n\n\n<p>La moci\u00f3 confirmada per una majoria dels partits pol\u00edtics, excepte Vox, recorda que la Nacions Unides defineix aquesta xacra social \u201ccom tot acte de viol\u00e8ncia basat en la pertinen\u00e7a al sexe femen\u00ed que tinga o puga tindre com a resultat un mal o sofriment f\u00edsic, sexual o psicol\u00f2gic per a la dona, aix\u00ed com les amenaces de tals actes, la coacci\u00f3 o la privaci\u00f3 arbitr\u00e0ria de la llibertat, tant si es produeix en la vida p\u00fablica o en la privada\u201d.&nbsp;<\/p>\n\n\n\n<p>La proposta aprovada pel ple reconeix que \u201chem avan\u00e7at molt\u201d per\u00f2 matisa que \u201cencara queda encara moltes coses per millorar, el comprom\u00eds ferm i contundent en les declaracions institucionals contra la viol\u00e8ncia de g\u00e8nere, la formaci\u00f3 i la sensibilitzaci\u00f3 en la mat\u00e8ria per a tot el personal que treballa a l&#8217;ajuntament, especialment la formaci\u00f3 espec\u00edfica de les persones que integren les comissions derivades dels protocols d&#8217;actuaci\u00f3 davant l&#8217;assetjament sexual i per ra\u00f3 de sexe s\u00f3n instruments essencials en la lluita contra la viol\u00e8ncia de g\u00e8nere\u201d.&nbsp;<\/p>\n\n\n\n<p>El ple aposta per la import\u00e0ncia de difondre i projectar el treball de l&#8217;\u00c0rea d&#8217;Igualtat com a estructura orientada a lluitar contra les viol\u00e8ncies masclistes i els protocols d&#8217;actuaci\u00f3 a dur a terme en l&#8217;atenci\u00f3 i intervenci\u00f3 en els casos de viol\u00e8ncia de g\u00e8nere. Per a aix\u00f2, defensa els recursos humans i materials suficients i permanents necessaris, aix\u00ed com la transversalitat en les accions impulsades.&nbsp;<\/p>\n\n\n\n<p>La declaraci\u00f3 aprovada proclama amb fermesa que \u201cno permetrem ni un pas arrere en la lluita contra la viol\u00e8ncia de g\u00e8nere, en la seua prevenci\u00f3, en el seu tractament i en la reparaci\u00f3 de les v\u00edctimes\u201d, i fa una crida perqu\u00e8 aquests principis es puguen enarborar el dia 25 de novembre a tot el m\u00f3n en un acte de responsabilitat i el convenciment del final de la viol\u00e8ncia masclista.&nbsp;<\/p>\n\n\n\n<p>La moci\u00f3 del ple de Riba-roja de T\u00faria defensa, tamb\u00e9, un refor\u00e7 i posada en valor de les mesures contingudes en el Pacte d&#8217;Estat en mat\u00e8ria de viol\u00e8ncia de g\u00e8nere, i el Pacte valenci\u00e0 contra la viol\u00e8ncia de g\u00e8nere i masclista en el marc de les seues compet\u00e8ncies, en el seu seguiment i amb l&#8217;objectiu fonamental de combatre la viol\u00e8ncia contra les dones.&nbsp;<\/p>\n\n\n\n<p>Finalment, s&#8217;insisteix en la necessitat de continuar impulsant des de l&#8217;Ajuntament de Riba-roja de T\u00faria els plans d&#8217;igualtat mitjan\u00e7ant una promoci\u00f3 del treball multidisciplinari de la taula t\u00e8cnica municipal de viol\u00e8ncia de g\u00e8nere i la comissi\u00f3 anti-assetjament del consistori, aix\u00ed com una millora de les dades per a la sensibilitzaci\u00f3 social i la planificaci\u00f3 i avaluaci\u00f3 de les pol\u00edtiques d&#8217;igualtat.&nbsp;<\/p>\n\n\n\n<p>Els partits signants proposen la realitzaci\u00f3 d&#8217;un estudi consensuat en el Consell d&#8217;Igualtat que permeta posar el nom d&#8217;alguna dona rellevant de la hist\u00f2ria de Riba-roja de T\u00faria en alguna sala o en un espai municipal.<\/p>\n\n\n\n<p><\/p>\n","protected":false},"excerpt":{"rendered":"<div class=\"mh-excerpt\">El ple va aprovar a principis de mes una moci\u00f3 contra aquesta xacra social&nbsp; L&#8217;Ajuntament de Riba-roja de T\u00faria ha celebrat aquest mat\u00ed l&#8217;acte institucional en commemoraci\u00f3 del Dia Internacional de l&#8217;Eliminaci\u00f3 de la Viol\u00e8ncia <a class=\"mh-excerpt-more\" href=\"https:\/\/www.tucomarca.com\/wordpress\/segunda\/ca\/riba-roja-celebra-el-dia-internacional-de-leliminacio-de-la-violencia-contra-les-dones-amb-la-presencia-dels-centres-educatius-del-municipi\/\" title=\"Riba-roja celebra el Dia Internacional de l&#8217;eliminaci\u00f3 de la viol\u00e8ncia contra les dones amb la pres\u00e8ncia dels centres educatius del municipi\">[+] <\/a><\/div>\n","protected":false},"author":12,"featured_media":144985,"comment_status":"open","ping_status":"open","sticky":false,"template":"","format":"standard","meta":{"footnotes":""},"categories":[10892,10898,10894,10947,10906,10896],"tags":[13087,10899,15900,15024,11629],"class_list":{"0":"post-145011","1":"post","2":"type-post","3":"status-publish","4":"format-standard","5":"has-post-thumbnail","7":"category-camp-de-turia-ca","8":"category-ventana-ca","9":"category-la-comarca-ca","10":"category-politica","11":"category-riba-roja-ca","12":"category-seccion-ca","13":"tag-25n-ca","14":"tag-camp-de-turia-ca","15":"tag-dia-internacional-contra-la-violencia-de-genero-ca","16":"tag-riba-roja-de-turia-ca","17":"tag-violencia-de-genero-ca"},"_links":{"self":[{"href":"https:\/\/www.tucomarca.com\/wordpress\/segunda\/ca\/wp-json\/wp\/v2\/posts\/145011","targetHints":{"allow":["GET"]}}],"collection":[{"href":"https:\/\/www.tucomarca.com\/wordpress\/segunda\/ca\/wp-json\/wp\/v2\/posts"}],"about":[{"href":"https:\/\/www.tucomarca.com\/wordpress\/segunda\/ca\/wp-json\/wp\/v2\/types\/post"}],"author":[{"embeddable":true,"href":"https:\/\/www.tucomarca.com\/wordpress\/segunda\/ca\/wp-json\/wp\/v2\/users\/12"}],"replies":[{"embeddable":true,"href":"https:\/\/www.tucomarca.com\/wordpress\/segunda\/ca\/wp-json\/wp\/v2\/comments?post=145011"}],"version-history":[{"count":0,"href":"https:\/\/www.tucomarca.com\/wordpress\/segunda\/ca\/wp-json\/wp\/v2\/posts\/145011\/revisions"}],"wp:featuredmedia":[{"embeddable":true,"href":"https:\/\/www.tucomarca.com\/wordpress\/segunda\/ca\/wp-json\/wp\/v2\/media\/144985"}],"wp:attachment":[{"href":"https:\/\/www.tucomarca.com\/wordpress\/segunda\/ca\/wp-json\/wp\/v2\/media?parent=145011"}],"wp:term":[{"taxonomy":"category","embeddable":true,"href":"https:\/\/www.tucomarca.com\/wordpress\/segunda\/ca\/wp-json\/wp\/v2\/categories?post=145011"},{"taxonomy":"post_tag","embeddable":true,"href":"https:\/\/www.tucomarca.com\/wordpress\/segunda\/ca\/wp-json\/wp\/v2\/tags?post=145011"}],"curies":[{"name":"wp","href":"https:\/\/api.w.org\/{rel}","templated":true}]}}