{"id":145019,"date":"2021-11-26T14:00:00","date_gmt":"2021-11-26T13:00:00","guid":{"rendered":"http:\/\/www.tucomarca.com\/wordpress\/segunda\/?p=145019"},"modified":"2021-11-27T12:06:13","modified_gmt":"2021-11-27T11:06:13","slug":"alboraig-se-suma-a-la-campanya-de-sensibilitzacio-equalworkequalrights-per-la-igualtat-de-drets-en-el-treball-i-leducacio","status":"publish","type":"post","link":"https:\/\/www.tucomarca.com\/wordpress\/segunda\/ca\/alboraig-se-suma-a-la-campanya-de-sensibilitzacio-equalworkequalrights-per-la-igualtat-de-drets-en-el-treball-i-leducacio\/","title":{"rendered":"Alboraig se suma a la campanya de sensibilitzaci\u00f3 #EqualWorkEqualRights, per la igualtat de drets en el treball i l&#8217;educaci\u00f3"},"content":{"rendered":"\n<figure class=\"wp-block-image size-large\"><img loading=\"lazy\" decoding=\"async\" width=\"1024\" height=\"768\" src=\"http:\/\/www.tucomarca.com\/wordpress\/segunda\/wp-content\/uploads\/2021\/11\/AlboracheWork02-1024x768.jpg\" alt=\"\" class=\"wp-image-145014\" srcset=\"https:\/\/www.tucomarca.com\/wordpress\/segunda\/wp-content\/uploads\/2021\/11\/AlboracheWork02-1024x768.jpg 1024w, https:\/\/www.tucomarca.com\/wordpress\/segunda\/wp-content\/uploads\/2021\/11\/AlboracheWork02-300x225.jpg 300w, https:\/\/www.tucomarca.com\/wordpress\/segunda\/wp-content\/uploads\/2021\/11\/AlboracheWork02-768x576.jpg 768w, https:\/\/www.tucomarca.com\/wordpress\/segunda\/wp-content\/uploads\/2021\/11\/AlboracheWork02-1536x1152.jpg 1536w, https:\/\/www.tucomarca.com\/wordpress\/segunda\/wp-content\/uploads\/2021\/11\/AlboracheWork02-678x509.jpg 678w, https:\/\/www.tucomarca.com\/wordpress\/segunda\/wp-content\/uploads\/2021\/11\/AlboracheWork02-326x245.jpg 326w, https:\/\/www.tucomarca.com\/wordpress\/segunda\/wp-content\/uploads\/2021\/11\/AlboracheWork02-80x60.jpg 80w, https:\/\/www.tucomarca.com\/wordpress\/segunda\/wp-content\/uploads\/2021\/11\/AlboracheWork02.jpg 1600w\" sizes=\"auto, (max-width: 1024px) 100vw, 1024px\" \/><\/figure>\n\n\n\n<p>Fins al 23 de desembre l&#8217;Ajuntament d&#8217;Alboraig i l&#8217;antiga casa dels Mestres s\u00f3n el suport de la intervenci\u00f3 urbana de la campanya #EqualWorkEqualRights, una s\u00e8rie de fotografies amb missatges de den\u00fancia contra de la desigualtat laboral. Aquesta iniciativa forma part del projecte Work in Progress de l&#8217;artista i comiss\u00e0ria feminista Mau Monle\u00f3n Pradas i ha comptat amb la col\u00b7laboraci\u00f3 de residents del Col\u00b7legi Major Rector Pesset de Val\u00e8ncia, entre altres.<\/p>\n\n\n\n<p>Aquesta exposici\u00f3 i campanya de sensibilitzaci\u00f3 sobre la divisi\u00f3 sexual del treball i l&#8217;educaci\u00f3 pren el seu t\u00edtol a manera d&#8217;homenatge a l&#8217;esmena sufragista Equal Rights Amendement, per a denunciar com afecta la desigualtat de g\u00e8nere a tot el m\u00f3n, analitzant la viol\u00e8ncia de g\u00e8nere estructural present en l&#8217;actualitat i buscant crear consci\u00e8ncia social.<\/p>\n\n\n\n<p>El regidor d&#8217;Educaci\u00f3, Cultura i Igualtat de l&#8217;Ajuntament d&#8217;Alboraig, Vicente Darder, revindica <em>&#8220;el valor de la cultura com una forma d&#8217;activisme per a conscienciar a la ciutadania, en un moment crucial per a reflexionar amb profunditat sobre la viol\u00e8ncia de g\u00e8nere simb\u00f2lica, estructural, f\u00edsica i psicol\u00f2gica cap a les dones.&#8221;<\/em><\/p>\n\n\n\n<p>Dins del projecte de Work in Progress aquesta campanya de sensibilitzaci\u00f3 se centra en els rols assignats a les dones i els indicadors de desigualtat, relacionats tamb\u00e9 amb el seu origen. Per exemple, al Marroc es denuncia el sostre de cristall, a Espanya la bretxa salarial i la desigualtat en la legislaci\u00f3, a Col\u00f2mbia la viol\u00e8ncia de g\u00e8nere pol\u00edtica i al Senegal la viol\u00e8ncia de g\u00e8nere estructural per rols assignats. Es proposa, per tant, una perspectiva internacional, tradu\u00efda als idiomes dels pa\u00efsos d&#8217;origen dels i les participants.<\/p>\n\n\n\n<p><strong>Qu\u00e8 \u00e9s #EqualWorkEqualRights?<\/strong><\/p>\n\n\n\n<p>Amb una s\u00e8rie fotogr\u00e0fica de cartells de gran format i a manera de campanya publicit\u00e0ria, les imatges de #EqualWorkEqualRights exposats a Alborache expressen i reivindiquen les necessitats de canvi m\u00e9s apressants entorn de les desigualtats de g\u00e8nere en el treball i en l&#8217;educaci\u00f3 de cadascuna de les persones fotografiades.<\/p>\n\n\n\n<p>En el marc del projecte Work in Progress, aquesta campanya t\u00e9 com a objectiu sensibilitzar contra les desigualtats de g\u00e8nere en el treball i en l&#8217;educaci\u00f3, una problem\u00e0tica que afecta a tots i totes, per a anar superant les desigualtats derivades de la divisi\u00f3 sexual del treball i l&#8217;educaci\u00f3 en l&#8217;esfera p\u00fablica i privada. Es dirigeix a tota la ciutadania i proposa una mirada a altres possibles economies, com les societats del benestar n\u00f2rdiques, o la pr\u00f2pia filosofia de l&#8217;economia feminista i l&#8217;economia del b\u00e9 com\u00fa.<\/p>\n\n\n\n<p>L&#8217;alcaldessa d&#8217;Alboraige, Paqui Collado, destaca <em>&#8220;la import\u00e0ncia d&#8217;acostar propostes culturals diferents al nostre poble que a m\u00e9s, tenen l&#8217;objectiu de sensibilitzar sobre un problema que afecta moltes persones, la desigualtat laboral. Aquesta exposici\u00f3 urbana, que ens arriba despr\u00e9s d&#8217;haver sigut reconeguda en el seu pas per murs i carrers de Val\u00e8ncia, pot veure&#8217;s ara a Alboraig i transmetre el seu missatge.&#8221;<\/em><\/p>\n","protected":false},"excerpt":{"rendered":"<div class=\"mh-excerpt\">Fins al 23 de desembre l&#8217;Ajuntament d&#8217;Alboraig i l&#8217;antiga casa dels Mestres s\u00f3n el suport de la intervenci\u00f3 urbana de la campanya #EqualWorkEqualRights, una s\u00e8rie de fotografies amb missatges de den\u00fancia contra de la desigualtat <a class=\"mh-excerpt-more\" href=\"https:\/\/www.tucomarca.com\/wordpress\/segunda\/ca\/alboraig-se-suma-a-la-campanya-de-sensibilitzacio-equalworkequalrights-per-la-igualtat-de-drets-en-el-treball-i-leducacio\/\" title=\"Alboraig se suma a la campanya de sensibilitzaci\u00f3 #EqualWorkEqualRights, per la igualtat de drets en el treball i l&#8217;educaci\u00f3\">[+] <\/a><\/div>\n","protected":false},"author":12,"featured_media":145017,"comment_status":"open","ping_status":"open","sticky":false,"template":"","format":"standard","meta":{"footnotes":""},"categories":[10973,10894,10912,11007,10896],"tags":[15934,11224,15935,10914,11629],"class_list":{"0":"post-145019","1":"post","2":"type-post","3":"status-publish","4":"format-standard","5":"has-post-thumbnail","7":"category-alborache-ca","8":"category-la-comarca-ca","9":"category-la-hoya-ca","10":"category-ocio-y-cultura-ca","11":"category-seccion-ca","12":"tag-equalworkequalrights-ca","13":"tag-alborache-ca","14":"tag-desigualdad-laboral-ca","15":"tag-la-hoya-de-bunol-chiva-ca","16":"tag-violencia-de-genero-ca"},"_links":{"self":[{"href":"https:\/\/www.tucomarca.com\/wordpress\/segunda\/ca\/wp-json\/wp\/v2\/posts\/145019","targetHints":{"allow":["GET"]}}],"collection":[{"href":"https:\/\/www.tucomarca.com\/wordpress\/segunda\/ca\/wp-json\/wp\/v2\/posts"}],"about":[{"href":"https:\/\/www.tucomarca.com\/wordpress\/segunda\/ca\/wp-json\/wp\/v2\/types\/post"}],"author":[{"embeddable":true,"href":"https:\/\/www.tucomarca.com\/wordpress\/segunda\/ca\/wp-json\/wp\/v2\/users\/12"}],"replies":[{"embeddable":true,"href":"https:\/\/www.tucomarca.com\/wordpress\/segunda\/ca\/wp-json\/wp\/v2\/comments?post=145019"}],"version-history":[{"count":0,"href":"https:\/\/www.tucomarca.com\/wordpress\/segunda\/ca\/wp-json\/wp\/v2\/posts\/145019\/revisions"}],"wp:featuredmedia":[{"embeddable":true,"href":"https:\/\/www.tucomarca.com\/wordpress\/segunda\/ca\/wp-json\/wp\/v2\/media\/145017"}],"wp:attachment":[{"href":"https:\/\/www.tucomarca.com\/wordpress\/segunda\/ca\/wp-json\/wp\/v2\/media?parent=145019"}],"wp:term":[{"taxonomy":"category","embeddable":true,"href":"https:\/\/www.tucomarca.com\/wordpress\/segunda\/ca\/wp-json\/wp\/v2\/categories?post=145019"},{"taxonomy":"post_tag","embeddable":true,"href":"https:\/\/www.tucomarca.com\/wordpress\/segunda\/ca\/wp-json\/wp\/v2\/tags?post=145019"}],"curies":[{"name":"wp","href":"https:\/\/api.w.org\/{rel}","templated":true}]}}