{"id":145024,"date":"2021-11-26T13:30:00","date_gmt":"2021-11-26T12:30:00","guid":{"rendered":"http:\/\/www.tucomarca.com\/wordpress\/segunda\/?p=145024"},"modified":"2021-11-27T12:04:19","modified_gmt":"2021-11-27T11:04:19","slug":"el-programa-clasytodo-de-radio-bunyol-tv-torna-a-estar-dedicat-a-una-societat-musical-en-aquesta-ocasio-a-la-lira-de-cheste","status":"publish","type":"post","link":"https:\/\/www.tucomarca.com\/wordpress\/segunda\/ca\/el-programa-clasytodo-de-radio-bunyol-tv-torna-a-estar-dedicat-a-una-societat-musical-en-aquesta-ocasio-a-la-lira-de-cheste\/","title":{"rendered":"El programa Clasytodo de R\u00e0dio Bunyol TV torna a estar dedicat a una societat musical, en aquesta ocasi\u00f3 a la Lira de Cheste"},"content":{"rendered":"\n<p>Al capdavant del programa, que es realitzar\u00e0 aquest divendres 26 de 20 a 21h en R\u00e0dio Bu\u00f1ol TV, el seu presentador, Paco Carrascosa, comptar\u00e0 amb la pres\u00e8ncia de l&#8217;alcalde de Cheste, el president de l&#8217;Associaci\u00f3 Musical La Lira, el seu mestre director al tel\u00e8fon i la directora de la Coral Cant\u00e1bile i del Cor de xiquets de la seua escola de m\u00fasica.&nbsp;<br>Aquesta vesprada, de 20 a 21h en R\u00e0dio Bu\u00f1ol TV, dins del programa Clasytodo torna a realitzar-se un especial a una de les nombroses societats musicals que hi ha a la nostra comarca. Hui divendres 26 de novembre reten homenatge a l&#8217;Associaci\u00f3 Musical La Lira de Cheste. Per a aix\u00f2, el seu presentador, Paco Carrascosa, comptar\u00e0 en l&#8217;estudi amb la pres\u00e8ncia de Jos\u00e9 Morell, alcalde de Cheste; Gerardo P\u00e9rez, president de la junta directiva d&#8217;aquesta societat musical; Javier Engu\u00eddanos, mestre director de la seua Banda Simf\u00f2nica al tel\u00e8fon; i Marta M\u00e1rmol, directora de la Coral Cant\u00e1bile i del Cor de xiquets de la seua escola de m\u00fasica.&nbsp;<br>El programa arrancar\u00e0 recordant la import\u00e0ncia de la m\u00fasica i de la cultura a Cheste, ja que enguany aquesta societat musical compleix 135 anys, i sempre ha estat molt bolcada en l&#8217;organitzaci\u00f3 d&#8217;actes de tota mena en col\u00b7laboraci\u00f3 amb l&#8217;Ajuntament. D&#8217;aix\u00f2, de la import\u00e0ncia d&#8217;aquesta societat en un poble bolcat amb la m\u00fasica i la cultura parlar\u00e0 el seu Alcalde, Jos\u00e9 Morell. Tamb\u00e9 al tel\u00e8fon estar\u00e0 el president d&#8217;aquesta societat musical, qui comentar\u00e0 el seu pas per aquesta societat, la seua actual implicaci\u00f3 al poble i com han estat vivint aquests temps de pand\u00e8mia. Despr\u00e9s d&#8217;ell, ser\u00e0 el torn de la directora de la Coral Cant\u00e1bile i del Cor de xiquets de l&#8217;Escola de M\u00fasica de l&#8217;Associaci\u00f3 Musical La Lira de Cheste. Es tracta d&#8217;una agrupaci\u00f3 que compta amb enorme import\u00e0ncia entre la poblaci\u00f3 i els xiquets, alguna cosa que destaca ja que moltes altres poblacions pr\u00f2ximes no tenen corals ni cors tan arrelats en les seues gents. I finalment, el director de la seua Banda Simf\u00f2nica conversar\u00e0 sobre el seu pas per aquesta societat musical i el talent de tots els seus m\u00fasics.&nbsp;<br>En definitiva, una hora de programa especial dedicat a l&#8217;Associaci\u00f3 Musical La Lira de Cheste, escoltant algunes de les seues obres i xarrant amb els protagonistes actuals que configuren la realitat d&#8217;aquesta associaci\u00f3 musical i de tot un poble, bolcat a la seua m\u00fasica i els seus m\u00fasics.&nbsp;<br>En els pr\u00f2xims programes el seu presentador, Paco Carrascosa, xarrar\u00e0 de la Societat Musical Santa Cecilia de Macastre el pr\u00f2xim 17 de desembre, i ja el 7 de gener, el Centre Instructiu Musical Santa Cecilia de Y\u00e1tova. Dues grans societats musicals de la comarca, i de tot el panorama musical band\u00edstico de la Comunitat Valenciana, fidel reflex de la import\u00e0ncia de les nostres bandes i les nostres societats en cadascun dels municipis que integren La Foia de Bu\u00f1ol-Chiva.&nbsp;<br>Des de la regidoria de Comunicaci\u00f3, el seu responsable, Manuel Sierra, es mostra il\u00b7lusionat amb aquest humil projecte, que recull el m\u00e9s fort lla\u00e7 d&#8217;uni\u00f3 entre els pobles de la Foia com \u00e9s la m\u00fasica i agraeix el c\u00e0lid acolliment que est\u00e0 tenint per part de les diferents societats art\u00edstiques i ajuntaments, aquest homenatge radiof\u00f2nic a les nostres bandes, on es repassa tota la seua hist\u00f2ria i els projectes de futur d&#8217;aquestes.<\/p>\n\n\n\n<p><\/p>\n","protected":false},"excerpt":{"rendered":"<div class=\"mh-excerpt\">Al capdavant del programa, que es realitzar\u00e0 aquest divendres 26 de 20 a 21h en R\u00e0dio Bu\u00f1ol TV, el seu presentador, Paco Carrascosa, comptar\u00e0 amb la pres\u00e8ncia de l&#8217;alcalde de Cheste, el president de l&#8217;Associaci\u00f3 <a class=\"mh-excerpt-more\" href=\"https:\/\/www.tucomarca.com\/wordpress\/segunda\/ca\/el-programa-clasytodo-de-radio-bunyol-tv-torna-a-estar-dedicat-a-una-societat-musical-en-aquesta-ocasio-a-la-lira-de-cheste\/\" title=\"El programa Clasytodo de R\u00e0dio Bunyol TV torna a estar dedicat a una societat musical, en aquesta ocasi\u00f3 a la Lira de Cheste\">[+] <\/a><\/div>\n","protected":false},"author":12,"featured_media":88818,"comment_status":"open","ping_status":"open","sticky":false,"template":"","format":"standard","meta":{"footnotes":""},"categories":[11019,10911,11005,10894,10912,10896],"tags":[10913,10914,11893,12139],"class_list":{"0":"post-145024","1":"post","2":"type-post","3":"status-publish","4":"format-standard","5":"has-post-thumbnail","7":"category-agenda-ca","8":"category-bunol-ca","9":"category-canal-musica","10":"category-la-comarca-ca","11":"category-la-hoya-ca","12":"category-seccion-ca","13":"tag-bunol-ca","14":"tag-la-hoya-de-bunol-chiva-ca","15":"tag-la-lira-de-cheste-ca","16":"tag-radio-bunol-tv-ca"},"_links":{"self":[{"href":"https:\/\/www.tucomarca.com\/wordpress\/segunda\/ca\/wp-json\/wp\/v2\/posts\/145024","targetHints":{"allow":["GET"]}}],"collection":[{"href":"https:\/\/www.tucomarca.com\/wordpress\/segunda\/ca\/wp-json\/wp\/v2\/posts"}],"about":[{"href":"https:\/\/www.tucomarca.com\/wordpress\/segunda\/ca\/wp-json\/wp\/v2\/types\/post"}],"author":[{"embeddable":true,"href":"https:\/\/www.tucomarca.com\/wordpress\/segunda\/ca\/wp-json\/wp\/v2\/users\/12"}],"replies":[{"embeddable":true,"href":"https:\/\/www.tucomarca.com\/wordpress\/segunda\/ca\/wp-json\/wp\/v2\/comments?post=145024"}],"version-history":[{"count":0,"href":"https:\/\/www.tucomarca.com\/wordpress\/segunda\/ca\/wp-json\/wp\/v2\/posts\/145024\/revisions"}],"wp:featuredmedia":[{"embeddable":true,"href":"https:\/\/www.tucomarca.com\/wordpress\/segunda\/ca\/wp-json\/wp\/v2\/media\/88818"}],"wp:attachment":[{"href":"https:\/\/www.tucomarca.com\/wordpress\/segunda\/ca\/wp-json\/wp\/v2\/media?parent=145024"}],"wp:term":[{"taxonomy":"category","embeddable":true,"href":"https:\/\/www.tucomarca.com\/wordpress\/segunda\/ca\/wp-json\/wp\/v2\/categories?post=145024"},{"taxonomy":"post_tag","embeddable":true,"href":"https:\/\/www.tucomarca.com\/wordpress\/segunda\/ca\/wp-json\/wp\/v2\/tags?post=145024"}],"curies":[{"name":"wp","href":"https:\/\/api.w.org\/{rel}","templated":true}]}}