{"id":145038,"date":"2021-11-26T20:30:00","date_gmt":"2021-11-26T19:30:00","guid":{"rendered":"http:\/\/www.tucomarca.com\/wordpress\/segunda\/?p=145038"},"modified":"2021-11-30T13:10:51","modified_gmt":"2021-11-30T12:10:51","slug":"els-bombers-rescaten-a-dues-persones-ferides-en-un-accident-de-transit-a-iatova","status":"publish","type":"post","link":"https:\/\/www.tucomarca.com\/wordpress\/segunda\/ca\/els-bombers-rescaten-a-dues-persones-ferides-en-un-accident-de-transit-a-iatova\/","title":{"rendered":"Els bombers rescaten a dues persones ferides en un accident de tr\u00e0nsit a I\u00e0tova"},"content":{"rendered":"\n<p><strong>El vehicle en qu\u00e8 viatjaven havia caigut per un desnivell d\u2019uns vint metres<\/strong><\/p>\n\n\n\n<p>El Consorci de Bombers de Val\u00e8ncia ha mobilitzat esta vesprada els seus efectius per a rescatar a dues persones que havien patit un accident de tr\u00e0fic a I\u00e0tova, a la zona de la carretera del Pant\u00e0 de Forata. El seu turisme havia patit una eixida de via i s\u2019hi havien caigut per un desnivell d\u2019uns vint metres.\u00a0<\/p>\n\n\n\n<p>L\u2019av\u00eds s\u2019hi ha rebut a les 15: 20 h i fins all\u00ed el Consorci ha mobilitzat el sergent de Requena, bombers de Xiva, bombers voluntaris de Cofrentes i el Grup de Rescat en Altura GERA del Consorci, aix\u00ed com un helic\u00f2pter de rescat de la Generalitat.\u00a0<\/p>\n\n\n\n<p>Finalment, una de les persones ha sigut extreta via terrestre de la zona on havia caigut el cotxe, i l\u2019altra via a\u00e8ria amb l\u2019helic\u00f2pter i el GERA. Tots dos han sigut posteriorment atesos pels mitjans sanitaris a la zona.&nbsp;<\/p>\n","protected":false},"excerpt":{"rendered":"<div class=\"mh-excerpt\">El vehicle en qu\u00e8 viatjaven havia caigut per un desnivell d\u2019uns vint metres El Consorci de Bombers de Val\u00e8ncia ha mobilitzat esta vesprada els seus efectius per a rescatar a dues persones que havien patit <a class=\"mh-excerpt-more\" href=\"https:\/\/www.tucomarca.com\/wordpress\/segunda\/ca\/els-bombers-rescaten-a-dues-persones-ferides-en-un-accident-de-transit-a-iatova\/\" title=\"Els bombers rescaten a dues persones ferides en un accident de tr\u00e0nsit a I\u00e0tova\">[+] <\/a><\/div>\n","protected":false},"author":12,"featured_media":145036,"comment_status":"open","ping_status":"open","sticky":false,"template":"","format":"standard","meta":{"footnotes":""},"categories":[10898,10980,10894,10912,10896,10897],"tags":[15937,12834,10914,14135,11141],"class_list":{"0":"post-145038","1":"post","2":"type-post","3":"status-publish","4":"format-standard","5":"has-post-thumbnail","7":"category-ventana-ca","8":"category-yatova-ca","9":"category-la-comarca-ca","10":"category-la-hoya-ca","11":"category-seccion-ca","12":"category-sucesos-la-comarca-ca","13":"tag-accidente-de-trafico-ca","14":"tag-consorcio-provincial-de-bomberos-de-valencia-ca","15":"tag-la-hoya-de-bunol-chiva-ca","16":"tag-parque-de-bomberos-de-chiva-ca","17":"tag-yatova-ca"},"_links":{"self":[{"href":"https:\/\/www.tucomarca.com\/wordpress\/segunda\/ca\/wp-json\/wp\/v2\/posts\/145038","targetHints":{"allow":["GET"]}}],"collection":[{"href":"https:\/\/www.tucomarca.com\/wordpress\/segunda\/ca\/wp-json\/wp\/v2\/posts"}],"about":[{"href":"https:\/\/www.tucomarca.com\/wordpress\/segunda\/ca\/wp-json\/wp\/v2\/types\/post"}],"author":[{"embeddable":true,"href":"https:\/\/www.tucomarca.com\/wordpress\/segunda\/ca\/wp-json\/wp\/v2\/users\/12"}],"replies":[{"embeddable":true,"href":"https:\/\/www.tucomarca.com\/wordpress\/segunda\/ca\/wp-json\/wp\/v2\/comments?post=145038"}],"version-history":[{"count":0,"href":"https:\/\/www.tucomarca.com\/wordpress\/segunda\/ca\/wp-json\/wp\/v2\/posts\/145038\/revisions"}],"wp:featuredmedia":[{"embeddable":true,"href":"https:\/\/www.tucomarca.com\/wordpress\/segunda\/ca\/wp-json\/wp\/v2\/media\/145036"}],"wp:attachment":[{"href":"https:\/\/www.tucomarca.com\/wordpress\/segunda\/ca\/wp-json\/wp\/v2\/media?parent=145038"}],"wp:term":[{"taxonomy":"category","embeddable":true,"href":"https:\/\/www.tucomarca.com\/wordpress\/segunda\/ca\/wp-json\/wp\/v2\/categories?post=145038"},{"taxonomy":"post_tag","embeddable":true,"href":"https:\/\/www.tucomarca.com\/wordpress\/segunda\/ca\/wp-json\/wp\/v2\/tags?post=145038"}],"curies":[{"name":"wp","href":"https:\/\/api.w.org\/{rel}","templated":true}]}}