{"id":145081,"date":"2021-11-27T10:00:00","date_gmt":"2021-11-27T09:00:00","guid":{"rendered":"http:\/\/www.tucomarca.com\/wordpress\/segunda\/?p=145081"},"modified":"2021-11-30T13:08:44","modified_gmt":"2021-11-30T12:08:44","slug":"enric-bernabe-i-maria-rosa-blanes-prenen-possessio-com-a-regidors-de-vilamarxant","status":"publish","type":"post","link":"https:\/\/www.tucomarca.com\/wordpress\/segunda\/ca\/enric-bernabe-i-maria-rosa-blanes-prenen-possessio-com-a-regidors-de-vilamarxant\/","title":{"rendered":"Enric Bernab\u00e9 i Mar\u00eda Rosa Blanes prenen possessi\u00f3 com a regidors de Vilamarxant"},"content":{"rendered":"\n<p>Enric Bernab\u00e9 i Mar\u00eda Rosa Blanes han pres possessi\u00f3 com a regidors del Grup Comprom\u00eds en la sessi\u00f3 plen\u00e0ria celebrada ahir a l&#8217;Ajuntament de Vilamarxant.<\/p>\n\n\n\n<p>Els dos regidors han intervingut per primera vegada en el ple despr\u00e9s de la ren\u00fancia dels seus companys Salvador Golfe i Manuel Bernad, que van deixar la seua representaci\u00f3 a l&#8217;Ajuntament de la localitat del Camp de T\u00faria al\u00b7ludint motius personals que els impedien continuar desenvolupant el seu c\u00e0rrec.<\/p>\n\n\n\n<p>Enric Bernab\u00e9 ha indicat que el seu grup \u201cposar\u00e0 facilitats per a arribar a acords\u201d. \u201cVolem que el poble evolucione i fer que la ciutadania se senta orgullosa de viure ac\u00ed\u201d, ha agregat el nou regidor, que ja havia exercit anteriorment un lloc en el Consistori.<\/p>\n\n\n\n<p>Mentrestant, Mar\u00eda Rosa Blanes ha agra\u00eft p\u00fablicament la benvinguda de la resta de companys del ple i ha explicat les seues intencions: \u201c\u00c9s un plaer i un honor. Nosaltres farem una pol\u00edtica continuista semblant a la dels nostres antecessors, dels quals estem molt orgullosos\u201d.<\/p>\n\n\n\n<p><\/p>\n","protected":false},"excerpt":{"rendered":"<div class=\"mh-excerpt\">Enric Bernab\u00e9 i Mar\u00eda Rosa Blanes han pres possessi\u00f3 com a regidors del Grup Comprom\u00eds en la sessi\u00f3 plen\u00e0ria celebrada ahir a l&#8217;Ajuntament de Vilamarxant. Els dos regidors han intervingut per primera vegada en el <a class=\"mh-excerpt-more\" href=\"https:\/\/www.tucomarca.com\/wordpress\/segunda\/ca\/enric-bernabe-i-maria-rosa-blanes-prenen-possessio-com-a-regidors-de-vilamarxant\/\" title=\"Enric Bernab\u00e9 i Mar\u00eda Rosa Blanes prenen possessi\u00f3 com a regidors de Vilamarxant\">[+] <\/a><\/div>\n","protected":false},"author":12,"featured_media":145078,"comment_status":"open","ping_status":"open","sticky":false,"template":"","format":"standard","meta":{"footnotes":""},"categories":[10892,10894,10947,10896,10927],"tags":[10899,12614,11090],"class_list":{"0":"post-145081","1":"post","2":"type-post","3":"status-publish","4":"format-standard","5":"has-post-thumbnail","7":"category-camp-de-turia-ca","8":"category-la-comarca-ca","9":"category-politica","10":"category-seccion-ca","11":"category-vilamarxant-ca","12":"tag-camp-de-turia-ca","13":"tag-equipo-de-gobierno-ca","14":"tag-vilamarxant-ca"},"_links":{"self":[{"href":"https:\/\/www.tucomarca.com\/wordpress\/segunda\/ca\/wp-json\/wp\/v2\/posts\/145081","targetHints":{"allow":["GET"]}}],"collection":[{"href":"https:\/\/www.tucomarca.com\/wordpress\/segunda\/ca\/wp-json\/wp\/v2\/posts"}],"about":[{"href":"https:\/\/www.tucomarca.com\/wordpress\/segunda\/ca\/wp-json\/wp\/v2\/types\/post"}],"author":[{"embeddable":true,"href":"https:\/\/www.tucomarca.com\/wordpress\/segunda\/ca\/wp-json\/wp\/v2\/users\/12"}],"replies":[{"embeddable":true,"href":"https:\/\/www.tucomarca.com\/wordpress\/segunda\/ca\/wp-json\/wp\/v2\/comments?post=145081"}],"version-history":[{"count":0,"href":"https:\/\/www.tucomarca.com\/wordpress\/segunda\/ca\/wp-json\/wp\/v2\/posts\/145081\/revisions"}],"wp:featuredmedia":[{"embeddable":true,"href":"https:\/\/www.tucomarca.com\/wordpress\/segunda\/ca\/wp-json\/wp\/v2\/media\/145078"}],"wp:attachment":[{"href":"https:\/\/www.tucomarca.com\/wordpress\/segunda\/ca\/wp-json\/wp\/v2\/media?parent=145081"}],"wp:term":[{"taxonomy":"category","embeddable":true,"href":"https:\/\/www.tucomarca.com\/wordpress\/segunda\/ca\/wp-json\/wp\/v2\/categories?post=145081"},{"taxonomy":"post_tag","embeddable":true,"href":"https:\/\/www.tucomarca.com\/wordpress\/segunda\/ca\/wp-json\/wp\/v2\/tags?post=145081"}],"curies":[{"name":"wp","href":"https:\/\/api.w.org\/{rel}","templated":true}]}}