{"id":145090,"date":"2021-11-29T09:00:00","date_gmt":"2021-11-29T08:00:00","guid":{"rendered":"http:\/\/www.tucomarca.com\/wordpress\/segunda\/?p=145090"},"modified":"2021-11-30T15:52:52","modified_gmt":"2021-11-30T14:52:52","slug":"quasi-400-000-usuaris-del-transport-public-de-riba-roja-de-turia-es-beneficiaran-duna-rebaixa-del-preu-dels-viatges-en-larea-metropolitana-de-valencia-a-partir-de-2022","status":"publish","type":"post","link":"https:\/\/www.tucomarca.com\/wordpress\/segunda\/ca\/quasi-400-000-usuaris-del-transport-public-de-riba-roja-de-turia-es-beneficiaran-duna-rebaixa-del-preu-dels-viatges-en-larea-metropolitana-de-valencia-a-partir-de-2022\/","title":{"rendered":"Quasi 400.000 usuaris del transport p\u00fablic de Riba-roja de T\u00faria es beneficiaran d&#8217;una rebaixa del preu dels viatges en l&#8217;\u00e0rea metropolitana de Val\u00e8ncia a partir de 2022"},"content":{"rendered":"\n<h4 class=\"wp-block-heading\">La Generalitat unifica en una \u00fanica targeta el transport p\u00fablic&nbsp;<\/h4>\n\n\n\n<p>Al voltant de 400.000 usuaris de Riba-roja de T\u00faria es beneficiaran a partir de gener de 2022 de la rebaixa anunciada per l&#8217;Autoritat de Transport Metropolitana de Val\u00e8ncia, dependent de la conselleria de Pol\u00edtica Territorial, Obres P\u00fabliques i Mobilitat i que afectar\u00e0 l&#8217;\u00fas del transport p\u00fablic en l&#8217;\u00e0rea metropolitana. La rebaixa aconseguir\u00e0 fins a un 43% en el preu de l&#8217;abonament de viatges que permetr\u00e0 combinar Renfe Rodalia amb MetroValencia, Metrob\u00fas i EMT.&nbsp;<\/p>\n\n\n\n<p>La decisi\u00f3 de la Generalitat afectar\u00e0 els abonaments de 10 viatges que passaran de 20\u201990 a 12 euros, \u00e9s a dir, un 43% de reducci\u00f3 mentre que els abonaments mensuals dels quals podran gaudir els usuaris passaran de costar 68\u201970 a 53 euros en total. Les modificacions introdu\u00efdes significaran una simplificaci\u00f3 del sistema actual en passar de 4 a solos 2 zones de tarifaci\u00f3.&nbsp;<\/p>\n\n\n\n<p>La integraci\u00f3 dels diversos transports p\u00fablics en un sol sistema permetr\u00e0 que al voltant de 400.000 usuaris de Riba-roja de T\u00faria tinguen una millor connexi\u00f3 i comoditat a l&#8217;hora de despla\u00e7ar-se cap a la resta de localitats del cintur\u00f3 metropolit\u00e0 de Val\u00e8ncia, tant en l&#8217;actual l\u00ednia f\u00e8rria de Proximitat de Renfe com del metre dependent de Ferrocarrils de la Generalitat (FGV).&nbsp;<\/p>\n\n\n\n<p>Actualment, els ve\u00efns de Riba-roja de T\u00faria poden connectar-se amb la resta de localitats de l&#8217;\u00e0rea metropolitana a trav\u00e9s de la l\u00ednia de Rodalia de l&#8217;estaci\u00f3 de Loriguilla-Reva amb parades en l&#8217;estaci\u00f3 nord de Val\u00e8ncia o en la zona de la Fe, a m\u00e9s de disposar de la xarxa de metro mitjan\u00e7ant les seues dues l\u00ednies, la de la l\u00ednia 9 amb parades a Val\u00e8ncia la Vella, Masia de Traver i el nucli urb\u00e0 de Riba-roja i, d&#8217;altra banda, la l\u00ednia 2 amb parada en Clot de Navarrete. En tots dos casos, es permet la combinaci\u00f3 de diversos mitjans.&nbsp;<\/p>\n\n\n\n<p>D&#8217;aquesta manera, per nom\u00e9s 1\u20192 euros \u2013a trav\u00e9s de l&#8217;abonament de deu viatges- un ve\u00ed de Riba-roja de T\u00faria pot despla\u00e7ar-se des d&#8217;aquesta localitat fins a la zona de la Malva-rosa i gaudir de totes les platges de Val\u00e8ncia ciutat, amb la possibilitat d&#8217;utilitzar el metre o el tren i, a continuaci\u00f3, utilitzar l&#8217;EMT amb el mateix bitllet adquirit amb la combinaci\u00f3 de mitjans decretada per la Generalitat.&nbsp;<\/p>\n\n\n\n<p>La targeta \u00fanica ser\u00e0 la gran novetat per a Rodalia, metre, EMT i Metrob\u00fas, gr\u00e0cies a les dues zones que existiran a partir d&#8217;ara, l&#8217;\u00e0rea A i B. La integraci\u00f3 de tots els mitjans de transport seran una realitat en consensuar en una sola direcci\u00f3 a les diverses administracions de les quals depenen tots ells, la Generalitat Valenciana\/conselleria de Pol\u00edtica Territorial, Obres P\u00fabliques i Mobilitat \u2013metre, Metrob\u00fas-, l&#8217;Ajuntament de Val\u00e8ncia \u2013Empresa Municipal de Transports (EMT), o, finalment, l&#8217;Estat, del qual dep\u00e9n Rodalia.&nbsp;<\/p>\n\n\n\n<p>Un altre dels serveis que afectar\u00e0 els ve\u00efns de Riba-roja de T\u00faria \u00e9s el referit a la seua comunicaci\u00f3 amb la resta de localitats de Camp de T\u00faria, com el de Metrob\u00fas i la seua connexi\u00f3 amb alguns serveis p\u00fablics centralitzats a Benaguasil amb el Registre de la propietat o la seua connexi\u00f3 amb la capital de la comarca, Ll\u00edria, on es troba l&#8217;Ag\u00e8ncia Tribut\u00e0ria. Per nom\u00e9s 0\u201980 euros podr\u00e0 despla\u00e7ar-se a totes dues localitats.&nbsp;<\/p>\n\n\n\n<p>L&#8217;alcalde de Riba-roja de T\u00faria, Robert Raga, ha destacat \u201cla import\u00e0ncia de la decisi\u00f3 de l&#8217;Autoritat de Transport Metropolitana de Val\u00e8ncia que tindr\u00e0 un gran impacte entre els usuaris de la nostra localitat que podran despla\u00e7ar-se amb major comoditat i rapidesa amb la resta de localitats de l&#8217;\u00e0rea metropolitana, a m\u00e9s d&#8217;estalviar-se fins a un 43% en el preu dels viatges\u201d.<\/p>\n\n\n\n<p><\/p>\n","protected":false},"excerpt":{"rendered":"<div class=\"mh-excerpt\">La Generalitat unifica en una \u00fanica targeta el transport p\u00fablic&nbsp; Al voltant de 400.000 usuaris de Riba-roja de T\u00faria es beneficiaran a partir de gener de 2022 de la rebaixa anunciada per l&#8217;Autoritat de Transport <a class=\"mh-excerpt-more\" href=\"https:\/\/www.tucomarca.com\/wordpress\/segunda\/ca\/quasi-400-000-usuaris-del-transport-public-de-riba-roja-de-turia-es-beneficiaran-duna-rebaixa-del-preu-dels-viatges-en-larea-metropolitana-de-valencia-a-partir-de-2022\/\" title=\"Quasi 400.000 usuaris del transport p\u00fablic de Riba-roja de T\u00faria es beneficiaran d&#8217;una rebaixa del preu dels viatges en l&#8217;\u00e0rea metropolitana de Val\u00e8ncia a partir de 2022\">[+] <\/a><\/div>\n","protected":false},"author":12,"featured_media":145089,"comment_status":"open","ping_status":"open","sticky":false,"template":"","format":"standard","meta":{"footnotes":""},"categories":[10892,10948,10894,10947,10906,10896],"tags":[10899,15024,15948],"class_list":{"0":"post-145090","1":"post","2":"type-post","3":"status-publish","4":"format-standard","5":"has-post-thumbnail","7":"category-camp-de-turia-ca","8":"category-infraestructuras-ca","9":"category-la-comarca-ca","10":"category-politica","11":"category-riba-roja-ca","12":"category-seccion-ca","13":"tag-camp-de-turia-ca","14":"tag-riba-roja-de-turia-ca","15":"tag-transporte-publico-ca"},"_links":{"self":[{"href":"https:\/\/www.tucomarca.com\/wordpress\/segunda\/ca\/wp-json\/wp\/v2\/posts\/145090","targetHints":{"allow":["GET"]}}],"collection":[{"href":"https:\/\/www.tucomarca.com\/wordpress\/segunda\/ca\/wp-json\/wp\/v2\/posts"}],"about":[{"href":"https:\/\/www.tucomarca.com\/wordpress\/segunda\/ca\/wp-json\/wp\/v2\/types\/post"}],"author":[{"embeddable":true,"href":"https:\/\/www.tucomarca.com\/wordpress\/segunda\/ca\/wp-json\/wp\/v2\/users\/12"}],"replies":[{"embeddable":true,"href":"https:\/\/www.tucomarca.com\/wordpress\/segunda\/ca\/wp-json\/wp\/v2\/comments?post=145090"}],"version-history":[{"count":0,"href":"https:\/\/www.tucomarca.com\/wordpress\/segunda\/ca\/wp-json\/wp\/v2\/posts\/145090\/revisions"}],"wp:featuredmedia":[{"embeddable":true,"href":"https:\/\/www.tucomarca.com\/wordpress\/segunda\/ca\/wp-json\/wp\/v2\/media\/145089"}],"wp:attachment":[{"href":"https:\/\/www.tucomarca.com\/wordpress\/segunda\/ca\/wp-json\/wp\/v2\/media?parent=145090"}],"wp:term":[{"taxonomy":"category","embeddable":true,"href":"https:\/\/www.tucomarca.com\/wordpress\/segunda\/ca\/wp-json\/wp\/v2\/categories?post=145090"},{"taxonomy":"post_tag","embeddable":true,"href":"https:\/\/www.tucomarca.com\/wordpress\/segunda\/ca\/wp-json\/wp\/v2\/tags?post=145090"}],"curies":[{"name":"wp","href":"https:\/\/api.w.org\/{rel}","templated":true}]}}