{"id":145109,"date":"2021-11-30T11:00:00","date_gmt":"2021-11-30T10:00:00","guid":{"rendered":"http:\/\/www.tucomarca.com\/wordpress\/segunda\/?p=145109"},"modified":"2021-11-30T15:50:14","modified_gmt":"2021-11-30T14:50:14","slug":"mireia-parla-pren-possessio-com-a-nova-regidora-de-cultura-del-govern-de-bunyol","status":"publish","type":"post","link":"https:\/\/www.tucomarca.com\/wordpress\/segunda\/ca\/mireia-parla-pren-possessio-com-a-nova-regidora-de-cultura-del-govern-de-bunyol\/","title":{"rendered":"Mireia Parla pren possessi\u00f3 com a nova regidora de Cultura del Govern de Bunyol"},"content":{"rendered":"\n<figure class=\"wp-block-image size-large\"><img loading=\"lazy\" decoding=\"async\" width=\"1024\" height=\"1024\" src=\"http:\/\/www.tucomarca.com\/wordpress\/segunda\/wp-content\/uploads\/2021\/11\/MirellaParlaPosesion-1024x1024.jpg\" alt=\"\" class=\"wp-image-145104\" srcset=\"https:\/\/www.tucomarca.com\/wordpress\/segunda\/wp-content\/uploads\/2021\/11\/MirellaParlaPosesion-1024x1024.jpg 1024w, https:\/\/www.tucomarca.com\/wordpress\/segunda\/wp-content\/uploads\/2021\/11\/MirellaParlaPosesion-300x300.jpg 300w, https:\/\/www.tucomarca.com\/wordpress\/segunda\/wp-content\/uploads\/2021\/11\/MirellaParlaPosesion-290x290.jpg 290w, https:\/\/www.tucomarca.com\/wordpress\/segunda\/wp-content\/uploads\/2021\/11\/MirellaParlaPosesion-768x768.jpg 768w, https:\/\/www.tucomarca.com\/wordpress\/segunda\/wp-content\/uploads\/2021\/11\/MirellaParlaPosesion-1536x1536.jpg 1536w, https:\/\/www.tucomarca.com\/wordpress\/segunda\/wp-content\/uploads\/2021\/11\/MirellaParlaPosesion.jpg 2048w\" sizes=\"auto, (max-width: 1024px) 100vw, 1024px\" \/><\/figure>\n\n\n\n<p>L&#8217;Ajuntament de Bunyol va celebrar sessi\u00f3 plen\u00e0ria ahir, dilluns, la corresponent a aquest mes de novembre, en la qual l&#8217;edil Mireia Parla va prendre possessi\u00f3 de la seua acta de regidor pel PSOE en substituci\u00f3 de Juan Luis Pall\u00e1s.<\/p>\n\n\n\n<p>Despr\u00e9s de l&#8217;aprovaci\u00f3 de l&#8217;acta anterior va ser el moment que prenguera possessi\u00f3 la nova regidor, que assumir\u00e0 en el Govern l&#8217;\u00e0rea de Cultura. Tots els grups municipals li van donar la benvinguda i l&#8217;enhorabona.<\/p>\n\n\n\n<p>En el tercer punt de l&#8217;ordre del dia es va aprovar per unanimitat una actualitzaci\u00f3 de l&#8217;Impost de B\u00e9ns immobles (IBI) que nom\u00e9s suposa \u201cactualitzar en el text els reials decrets que s&#8217;han de nomenar, en cap moment afecta a la quantia de l&#8217;impost\u201d, com va explicar el regidor d&#8217;Hisenda, Manuel Sierra.<\/p>\n\n\n\n<p>En el quart punt IAB presentava una moci\u00f3 perqu\u00e8 la Generalitat Valenciana assumisca la gesti\u00f3 de la l\u00ednia de Rodalia C-3, que afecta a Bunyol, i en la qual s&#8217;assegurava que la l\u00ednia pateix una decad\u00e8ncia i falta d\u2019inversi\u00f3.<\/p>\n\n\n\n<p>Des d&#8217;IU i PSOE van assegurar compartir l&#8217;an\u00e0lisi de la moci\u00f3, per\u00f2 no la cr\u00edtica al Govern local impl\u00edcita, d&#8217;aqu\u00ed ve que s&#8217;abstingueren en la votaci\u00f3, per a permetre la seua aprovaci\u00f3, encara que no s&#8217;uniren a aquesta. Des del PP s\u00ed que es va donar suport a la moci\u00f3, que va tirar avant.<\/p>\n\n\n\n<p>L&#8217;alcaldessa de Bunyol, Juncal Carrascosa va explicar les nombroses converses i reunions que s&#8217;han tingut amb el Ministeri de Foment i ADIF per a tractar de millorar la l\u00ednia de rodalia, i va coincidir que seria positiu que la Generalitat Valenciana el poguera gestionar.<\/p>\n\n\n\n<p><strong>Resolucions<\/strong><\/p>\n\n\n\n<p>El ple va continuar amb les resolucions d&#8217;alcaldia i la daci\u00f3 de comptes de per\u00edodes de pagament.<\/p>\n\n\n\n<p>IAB va preguntar per una resoluci\u00f3 de pagament de dues factures l&#8217;import de les quals era superior a l&#8217;adjudicat en el contracte. L&#8217;alcaldessa, Juncal Carrascosa, va respondre que s&#8217;anava a comprovar.<\/p>\n\n\n\n<p>Tamb\u00e9 IAB va preguntar per una resoluci\u00f3 sobre un parc e\u00f2lic en Monedi, per\u00f2 en terme de Chiva, al que l&#8217;edil Rafa P\u00e9rez va respondre que hi havia un problema amb les coordenades i que s&#8217;havia demanat l&#8217;esmena perqu\u00e8 tot el parc e\u00f2lic estaria en el terme de Chiva en el cas de construir-se.<\/p>\n\n\n\n<p>En tercer lloc, Jos\u00e9 Luis Carrascosa, de IAB va preguntar per la resoluci\u00f3 d&#8217;al\u00b7legacions presentada dins del recurs d&#8217;al\u00e7ada a l&#8217;autoritzaci\u00f3 ambiental integrada concedida a Cemex per a incinerar 30.000 tones de residus perillosos i per qu\u00e8 s&#8217;havia apurat el termini per a contestar. Rafa P\u00e9rez va respondre que no havia entrat res pel registre d&#8217;entrada de l&#8217;ajuntament i que quan es va tindre const\u00e0ncia es prepare el document necessari.<\/p>\n\n\n\n<p>Finalment, IAB va preguntar per la resoluci\u00f3 en la qual es declarava deserta la licitaci\u00f3 de l&#8217;obra dels habitatges p\u00fablics del Carrer Facundo Tom\u00e1s. Rafa P\u00e9rez va respondre que no s&#8217;ha presentat cap empresa a uns treballs licitats per 390.000 euros perqu\u00e8 l&#8217;augment del cost de les mat\u00e8ries primeres en els dos \u00faltims mesos ha suposat un problema que afectar\u00e0 tamb\u00e9 altres licitacions d&#8217;obres; P\u00e9rez va recon\u00e9ixer que corre risc la primera anualitat d&#8217;aquest projecte i que ja s&#8217;est\u00e0 en converses amb la Conselleria d&#8217;Habitatge per a solucionar-lo.<\/p>\n\n\n\n<p><strong>Mocions<\/strong><\/p>\n\n\n\n<p>Es van presentar dues mocions d&#8217;urg\u00e8ncia. En la primera IAB va portar al plenari una per a demanar que la banca millore els serveis que presta, en reduir els seus horaris d&#8217;atenci\u00f3 al p\u00fablic, la qual cosa perjudica els m\u00e9s majors i als quals tenen diversitat funcional especialment. A aix\u00f2 s&#8217;uneix l&#8217;aband\u00f3 de serveis i les quotes abusives.<\/p>\n\n\n\n<p>Tots els grups van recolzar per unanimitat la moci\u00f3, igual que la del 25N, Dia de l&#8217;eliminaci\u00f3 de la viol\u00e8ncia contra les dones.<\/p>\n\n\n\n<p><strong>Precs i preguntes<\/strong><\/p>\n\n\n\n<p>Jos\u00e9 Luis Carrascosa, de IAB, va presentar quatre precs i preguntes. El primer per a demanar la reparaci\u00f3 d&#8217;una corba en Ruiz Pons que suposa un perill per als vehicles, i el segon per a demanar tamb\u00e9 un estudi sobre els problemes que presenta el fris de l&#8217;Ermita de Sant Llu\u00eds.<\/p>\n\n\n\n<p>A m\u00e9s, des de IAB es va demanar informaci\u00f3 sobre la falta de metge rehabilitador i de psiquiatre en el centre de salut. L&#8217;edil de Sanitat, Mati M\u00e1s, es trobava ahir absent del ple, i l&#8217;alcaldessa, Juncal Carrascosa, va respondre que la regidor est\u00e0 en contacte amb la concession\u00e0ria de l&#8217;Hospital de Manises perqu\u00e8 s&#8217;implementen les especialitats necess\u00e0ries en el centre de salut de Bunyol i avan\u00e7ar cap al prom\u00e9s centre d\u2019especialitats.<\/p>\n\n\n\n<p>Finalment, IAB va preguntar per la situaci\u00f3 dels treballadors interins del consistori i com afectava l&#8217;anunci del Govern d&#8217;Espanya a la seua situaci\u00f3. Juncal Carrascosa va assegurar que legislativament no hi ha hagut cap canvi, i que el comprom\u00eds del Govern \u00e9s incorporar qualsevol millora a l&#8217;acord per a dotar d&#8217;estabilitat a la plantilla.<\/p>\n\n\n\n<p>Des del PP es va demanar coordinar l&#8217;horari de l&#8217;autob\u00fas urb\u00e0 amb el treno de rodalia, per a millorar el servei, i tamb\u00e9 dotar d&#8217;un conserge a l&#8217;institut vell per a millorar el servei d&#8217;atenci\u00f3 a la ciutadania. En tots dos casos el Govern es va comprometre a estudiar-lo.<\/p>\n\n\n\n<p>Tamb\u00e9 es va preguntar per la neteja en El Planell els diumenges al mat\u00ed, davant la brut\u00edcia i el vandalisme originat pels botellons, al que Rafa P\u00e9rez va respondre que el conserge del torn sempre neta la zona del parc i les pistes.<\/p>\n\n\n\n<p>A m\u00e9s el PP va preguntar per la falta de policies locals en algun torn de nit, al que l&#8217;edil responsable, Mar\u00eda Vall\u00e9s, va respondre que en l&#8217;\u00faltim mes s&#8217;ha donat la circumst\u00e0ncia durant dos dies que un agent va caure malalt i no va haver-hi temps o recursos humans per a substituir-ho, per\u00f2 que ha sigut una situaci\u00f3 puntual.<\/p>\n\n\n\n<p>El PP va preguntar per l&#8217;actualitzaci\u00f3 de la Conselleria de Sanitat sobre les dades de COVID-19 en el municipi, al que l&#8217;alcaldessa va respondre que la impressi\u00f3 \u00e9s que no estan desactualizados.<\/p>\n","protected":false},"excerpt":{"rendered":"<div class=\"mh-excerpt\">L&#8217;Ajuntament de Bunyol va celebrar sessi\u00f3 plen\u00e0ria ahir, dilluns, la corresponent a aquest mes de novembre, en la qual l&#8217;edil Mireia Parla va prendre possessi\u00f3 de la seua acta de regidor pel PSOE en substituci\u00f3 <a class=\"mh-excerpt-more\" href=\"https:\/\/www.tucomarca.com\/wordpress\/segunda\/ca\/mireia-parla-pren-possessio-com-a-nova-regidora-de-cultura-del-govern-de-bunyol\/\" title=\"Mireia Parla pren possessi\u00f3 com a nova regidora de Cultura del Govern de Bunyol\">[+] <\/a><\/div>\n","protected":false},"author":12,"featured_media":145105,"comment_status":"open","ping_status":"open","sticky":false,"template":"","format":"standard","meta":{"footnotes":""},"categories":[10911,10948,10894,10912,10947,10896],"tags":[12214,10913,12568,15952,10914,15953,15954],"class_list":{"0":"post-145109","1":"post","2":"type-post","3":"status-publish","4":"format-standard","5":"has-post-thumbnail","7":"category-bunol-ca","8":"category-infraestructuras-ca","9":"category-la-comarca-ca","10":"category-la-hoya-ca","11":"category-politica","12":"category-seccion-ca","13":"tag-adif-ca","14":"tag-bunol-ca","15":"tag-cercanias-c-3-ca","16":"tag-concejala-de-cultura-ca","17":"tag-la-hoya-de-bunol-chiva-ca","18":"tag-mireia-parla-ca","19":"tag-toma-de-posesion-ca"},"_links":{"self":[{"href":"https:\/\/www.tucomarca.com\/wordpress\/segunda\/ca\/wp-json\/wp\/v2\/posts\/145109","targetHints":{"allow":["GET"]}}],"collection":[{"href":"https:\/\/www.tucomarca.com\/wordpress\/segunda\/ca\/wp-json\/wp\/v2\/posts"}],"about":[{"href":"https:\/\/www.tucomarca.com\/wordpress\/segunda\/ca\/wp-json\/wp\/v2\/types\/post"}],"author":[{"embeddable":true,"href":"https:\/\/www.tucomarca.com\/wordpress\/segunda\/ca\/wp-json\/wp\/v2\/users\/12"}],"replies":[{"embeddable":true,"href":"https:\/\/www.tucomarca.com\/wordpress\/segunda\/ca\/wp-json\/wp\/v2\/comments?post=145109"}],"version-history":[{"count":0,"href":"https:\/\/www.tucomarca.com\/wordpress\/segunda\/ca\/wp-json\/wp\/v2\/posts\/145109\/revisions"}],"wp:featuredmedia":[{"embeddable":true,"href":"https:\/\/www.tucomarca.com\/wordpress\/segunda\/ca\/wp-json\/wp\/v2\/media\/145105"}],"wp:attachment":[{"href":"https:\/\/www.tucomarca.com\/wordpress\/segunda\/ca\/wp-json\/wp\/v2\/media?parent=145109"}],"wp:term":[{"taxonomy":"category","embeddable":true,"href":"https:\/\/www.tucomarca.com\/wordpress\/segunda\/ca\/wp-json\/wp\/v2\/categories?post=145109"},{"taxonomy":"post_tag","embeddable":true,"href":"https:\/\/www.tucomarca.com\/wordpress\/segunda\/ca\/wp-json\/wp\/v2\/tags?post=145109"}],"curies":[{"name":"wp","href":"https:\/\/api.w.org\/{rel}","templated":true}]}}