{"id":145136,"date":"2021-11-29T19:02:00","date_gmt":"2021-11-29T18:02:00","guid":{"rendered":"http:\/\/www.tucomarca.com\/wordpress\/segunda\/?p=145136"},"modified":"2021-12-01T02:05:40","modified_gmt":"2021-12-01T01:05:40","slug":"lajuntament-de-bunyol-rep-el-premi-insigne-de-la-musica-2020-en-el-conservatori-de-musica-de-valencia","status":"publish","type":"post","link":"https:\/\/www.tucomarca.com\/wordpress\/segunda\/ca\/lajuntament-de-bunyol-rep-el-premi-insigne-de-la-musica-2020-en-el-conservatori-de-musica-de-valencia\/","title":{"rendered":"L&#8217;Ajuntament de Bunyol rep el Premi Insigne de la M\u00fasica 2020 en el Conservatori de M\u00fasica de Val\u00e8ncia"},"content":{"rendered":"\n<h4 class=\"wp-block-heading\">En la Sala d&#8217;actes del Conservatori Professional de M\u00fasica de Val\u00e8ncia divendres passat l&#8217;Ajuntament de Bunyol va rebre el Premi Insigne de la m\u00fasica 2020 despr\u00e9s que l&#8217;any passat no poguera celebrar-se aquesta gala. Un acte organitzat per l&#8217;Acad\u00e8mia de la M\u00fasica Valenciana. Tamb\u00e9 se&#8217;ls va fer lliurament dels premis als guardonats de 2021.\u00a0<\/h4>\n\n\n\n<p>Divendres passat 26 de novembre per fi va arribar un dels moments que m\u00e9s estava esperant l&#8217;Ajuntament de Bunyol. Se li va fer lliurament del Premi Insigne de la m\u00fasica 2020 en una gala solemne carregada d&#8217;emotivitat. Representant al Consistori Municipal va estar Juncal Carrascosa, Alcaldessa de Bunyol, Mar\u00eda Vall\u00e9s, regidora de Turisme i el fins ara regidor de Cultura, Juan Luis Pall\u00e1s. Van acudir a aquesta important cita els dos presidents de les dues societats musicals, Paco Blasco, de la SM L&#8217;Art\u00edstica, i Rosario Pardo, del CIM L&#8217;Harm\u00f2nica.<\/p>\n\n\n\n<p>La primer edil bu\u00f1olense va dir en el seu discurs que era un honor rebre aquest premi, i que era fruit de l&#8217;esfor\u00e7, la dedicaci\u00f3 i treball de tots els bu\u00f1oleros, de les seues societats musicals i de corporacions municipals passades, que entre tots han convertit a Bu\u00f1ol en un municipi l\u00edder musical, generador de bona m\u00fasica, grans esdeveniments musicals, immillorables teatres i escoles de m\u00fasica i excel\u00b7lents professionals repartits per l&#8217;\u00e0mplia geografia nacional i internacional.<\/p>\n\n\n\n<p>Tamb\u00e9 l&#8217;Ajuntament li va atorgar a l&#8217;Acad\u00e8mia de la M\u00fasica Valenciana, extensible al seu president, Roberto Loras, un quadre de l&#8217;artista local Aparisi, que reflecteix un dels moments del M\u00e0 a m\u00e0 de Bunyol. R\u00e0dio Bu\u00f1ol TV va estar gravant tota la gala perqu\u00e8 en els pr\u00f2xims dies siga editat i pujat a les xarxes socials per al gaudi de tots els bunyolenses.<\/p>\n\n\n\n<p>En aquesta gala van ser premiats respecte a 2020, Eduardo L\u00f3pez-Chavarri Marco, compositor i pedagog, a t\u00edtol p\u00f2stum; i Jos\u00e9 Iturbi B\u00e1guena, pianista i director, a t\u00edtol p\u00f2stum. Finalment, va ser nomenat i elogiat Bunyol, els seus paratges, el seu patrimoni art\u00edstic, les seues escoles de m\u00fasica, les seues societats musicals i el lliurament de tots els Ajuntaments amb les seues societats i els seus m\u00fasics.\u00a0<\/p>\n\n\n\n<p>De 2021 van ser premiats: Daniel de Nueda Lisiona, pianista i pedagog, a t\u00edtol p\u00f2stum; Ram\u00f3n Ramos Villanueva, compositor i docent, a t\u00edtol p\u00f2stum; i el Consell Valenci\u00e0 de Cultura. Per a entregar-los el premi van acudir familiars o gent reunida. En el cas d&#8217;aquesta \u00faltima instituci\u00f3 va acudir Santiago Grisol\u00eda, president d&#8217;aquesta coneguda entitat valenciana.<\/p>\n\n\n\n<p>Aquest premi suposa un reconeixement a molts anys de treball emparat per nombroses corporacions municipals, sempre bolcades en les societats musicals, en l&#8217;organitzaci\u00f3 d&#8217;actes musicals, a portar a Bunyol al m\u00e9s alt nivell musical, diferenciat no sols de la Comunitat Valenciana sin\u00f3 de la resta de la geografia espanyola. Tamb\u00e9 es va destacar en el lliurament d&#8217;aquest premi que Bu\u00f1ol era un poble molt cultural, amb molts artistes, amb molts tipus de m\u00fasica i que ha servit de lloc triat per la WASBE per a celebrar el seu congr\u00e9s mundial al juliol de 2019. El Turisme Musical \u00e9s una de les grans apostes d&#8217;aquesta legislatura, i que est\u00e0 collint nombrosos \u00e8xits amb un augment considerable en el nombre de visitants.\u00a0<\/p>\n\n\n\n<p>En l&#8217;acte tamb\u00e9 va haver-hi diverses intervencions musicals de piano i soprano. Una excel\u00b7lent i bell\u00edssima vetlada per a tots els premiats.<\/p>\n\n\n\n<figure class=\"wp-block-gallery columns-2 is-cropped wp-block-gallery-1 is-layout-flex wp-block-gallery-is-layout-flex\"><ul class=\"blocks-gallery-grid\"><li class=\"blocks-gallery-item\"><figure><img loading=\"lazy\" decoding=\"async\" width=\"1024\" height=\"682\" src=\"http:\/\/www.tucomarca.com\/wordpress\/segunda\/wp-content\/uploads\/2021\/11\/Bunol_PremioInsigne01-1024x682.jpg\" alt=\"\" data-id=\"145126\" data-full-url=\"http:\/\/www.tucomarca.com\/wordpress\/segunda\/wp-content\/uploads\/2021\/11\/Bunol_PremioInsigne01.jpg\" data-link=\"http:\/\/www.tucomarca.com\/wordpress\/segunda\/?attachment_id=145126\" class=\"wp-image-145126\" srcset=\"https:\/\/www.tucomarca.com\/wordpress\/segunda\/wp-content\/uploads\/2021\/11\/Bunol_PremioInsigne01-1024x682.jpg 1024w, https:\/\/www.tucomarca.com\/wordpress\/segunda\/wp-content\/uploads\/2021\/11\/Bunol_PremioInsigne01-300x200.jpg 300w, https:\/\/www.tucomarca.com\/wordpress\/segunda\/wp-content\/uploads\/2021\/11\/Bunol_PremioInsigne01-768x512.jpg 768w, https:\/\/www.tucomarca.com\/wordpress\/segunda\/wp-content\/uploads\/2021\/11\/Bunol_PremioInsigne01.jpg 1181w\" sizes=\"auto, (max-width: 1024px) 100vw, 1024px\" \/><\/figure><\/li><li class=\"blocks-gallery-item\"><figure><img loading=\"lazy\" decoding=\"async\" width=\"1024\" height=\"682\" src=\"http:\/\/www.tucomarca.com\/wordpress\/segunda\/wp-content\/uploads\/2021\/11\/Bunol_PremioInsigne02-1024x682.jpg\" alt=\"\" data-id=\"145128\" data-full-url=\"http:\/\/www.tucomarca.com\/wordpress\/segunda\/wp-content\/uploads\/2021\/11\/Bunol_PremioInsigne02.jpg\" data-link=\"http:\/\/www.tucomarca.com\/wordpress\/segunda\/?attachment_id=145128\" class=\"wp-image-145128\" srcset=\"https:\/\/www.tucomarca.com\/wordpress\/segunda\/wp-content\/uploads\/2021\/11\/Bunol_PremioInsigne02-1024x682.jpg 1024w, https:\/\/www.tucomarca.com\/wordpress\/segunda\/wp-content\/uploads\/2021\/11\/Bunol_PremioInsigne02-300x200.jpg 300w, https:\/\/www.tucomarca.com\/wordpress\/segunda\/wp-content\/uploads\/2021\/11\/Bunol_PremioInsigne02-768x512.jpg 768w, https:\/\/www.tucomarca.com\/wordpress\/segunda\/wp-content\/uploads\/2021\/11\/Bunol_PremioInsigne02.jpg 1181w\" sizes=\"auto, (max-width: 1024px) 100vw, 1024px\" \/><\/figure><\/li><li class=\"blocks-gallery-item\"><figure><img loading=\"lazy\" decoding=\"async\" width=\"1024\" height=\"1024\" src=\"http:\/\/www.tucomarca.com\/wordpress\/segunda\/wp-content\/uploads\/2021\/11\/Bunol_PremioInsigne04-1024x1024.jpg\" alt=\"\" data-id=\"145132\" data-full-url=\"http:\/\/www.tucomarca.com\/wordpress\/segunda\/wp-content\/uploads\/2021\/11\/Bunol_PremioInsigne04.jpg\" data-link=\"http:\/\/www.tucomarca.com\/wordpress\/segunda\/?attachment_id=145132\" class=\"wp-image-145132\" srcset=\"https:\/\/www.tucomarca.com\/wordpress\/segunda\/wp-content\/uploads\/2021\/11\/Bunol_PremioInsigne04-1024x1024.jpg 1024w, https:\/\/www.tucomarca.com\/wordpress\/segunda\/wp-content\/uploads\/2021\/11\/Bunol_PremioInsigne04-300x300.jpg 300w, https:\/\/www.tucomarca.com\/wordpress\/segunda\/wp-content\/uploads\/2021\/11\/Bunol_PremioInsigne04-290x290.jpg 290w, https:\/\/www.tucomarca.com\/wordpress\/segunda\/wp-content\/uploads\/2021\/11\/Bunol_PremioInsigne04-768x768.jpg 768w, https:\/\/www.tucomarca.com\/wordpress\/segunda\/wp-content\/uploads\/2021\/11\/Bunol_PremioInsigne04.jpg 1181w\" sizes=\"auto, (max-width: 1024px) 100vw, 1024px\" \/><\/figure><\/li><\/ul><\/figure>\n","protected":false},"excerpt":{"rendered":"<div class=\"mh-excerpt\">En la Sala d&#8217;actes del Conservatori Professional de M\u00fasica de Val\u00e8ncia divendres passat l&#8217;Ajuntament de Bunyol va rebre el Premi Insigne de la m\u00fasica 2020 despr\u00e9s que l&#8217;any passat no poguera celebrar-se aquesta gala. Un <a class=\"mh-excerpt-more\" href=\"https:\/\/www.tucomarca.com\/wordpress\/segunda\/ca\/lajuntament-de-bunyol-rep-el-premi-insigne-de-la-musica-2020-en-el-conservatori-de-musica-de-valencia\/\" title=\"L&#8217;Ajuntament de Bunyol rep el Premi Insigne de la M\u00fasica 2020 en el Conservatori de M\u00fasica de Val\u00e8ncia\">[+] <\/a><\/div>\n","protected":false},"author":12,"featured_media":145131,"comment_status":"open","ping_status":"open","sticky":false,"template":"","format":"gallery","meta":{"footnotes":""},"categories":[10911,11005,10898,10948,10894,10912,11007,10947,10896],"tags":[15956,11158,10913,10914,15957],"class_list":{"0":"post-145136","1":"post","2":"type-post","3":"status-publish","4":"format-gallery","5":"has-post-thumbnail","7":"category-bunol-ca","8":"category-canal-musica","9":"category-ventana-ca","10":"category-infraestructuras-ca","11":"category-la-comarca-ca","12":"category-la-hoya-ca","13":"category-ocio-y-cultura-ca","14":"category-politica","15":"category-seccion-ca","16":"tag-academia-de-la-musica-valenciana-ca","17":"tag-ayuntamiento-de-bunol-ca","18":"tag-bunol-ca","19":"tag-la-hoya-de-bunol-chiva-ca","20":"tag-premio-insigne-de-la-musica-2020-ca","21":"post_format-post-format-gallery"},"_links":{"self":[{"href":"https:\/\/www.tucomarca.com\/wordpress\/segunda\/ca\/wp-json\/wp\/v2\/posts\/145136","targetHints":{"allow":["GET"]}}],"collection":[{"href":"https:\/\/www.tucomarca.com\/wordpress\/segunda\/ca\/wp-json\/wp\/v2\/posts"}],"about":[{"href":"https:\/\/www.tucomarca.com\/wordpress\/segunda\/ca\/wp-json\/wp\/v2\/types\/post"}],"author":[{"embeddable":true,"href":"https:\/\/www.tucomarca.com\/wordpress\/segunda\/ca\/wp-json\/wp\/v2\/users\/12"}],"replies":[{"embeddable":true,"href":"https:\/\/www.tucomarca.com\/wordpress\/segunda\/ca\/wp-json\/wp\/v2\/comments?post=145136"}],"version-history":[{"count":0,"href":"https:\/\/www.tucomarca.com\/wordpress\/segunda\/ca\/wp-json\/wp\/v2\/posts\/145136\/revisions"}],"wp:featuredmedia":[{"embeddable":true,"href":"https:\/\/www.tucomarca.com\/wordpress\/segunda\/ca\/wp-json\/wp\/v2\/media\/145131"}],"wp:attachment":[{"href":"https:\/\/www.tucomarca.com\/wordpress\/segunda\/ca\/wp-json\/wp\/v2\/media?parent=145136"}],"wp:term":[{"taxonomy":"category","embeddable":true,"href":"https:\/\/www.tucomarca.com\/wordpress\/segunda\/ca\/wp-json\/wp\/v2\/categories?post=145136"},{"taxonomy":"post_tag","embeddable":true,"href":"https:\/\/www.tucomarca.com\/wordpress\/segunda\/ca\/wp-json\/wp\/v2\/tags?post=145136"}],"curies":[{"name":"wp","href":"https:\/\/api.w.org\/{rel}","templated":true}]}}