{"id":145156,"date":"2021-11-30T08:34:00","date_gmt":"2021-11-30T07:34:00","guid":{"rendered":"http:\/\/www.tucomarca.com\/wordpress\/segunda\/?p=145156"},"modified":"2021-12-01T02:07:44","modified_gmt":"2021-12-01T01:07:44","slug":"homenatge-a-esportistes-locals-en-la-presentacio-de-la-temporada-2021-2022-de-les-escoles-esportives-municipals-de-xest","status":"publish","type":"post","link":"https:\/\/www.tucomarca.com\/wordpress\/segunda\/ca\/homenatge-a-esportistes-locals-en-la-presentacio-de-la-temporada-2021-2022-de-les-escoles-esportives-municipals-de-xest\/","title":{"rendered":"Homenatge a esportistes locals en la presentaci\u00f3 de la temporada 2021-2022 de les Escoles Esportives Municipals de Xest"},"content":{"rendered":"\n<p>L&#8217;alcalde de Xest va avan\u00e7ar durant l&#8217;esdeveniment que en 2022 es renovar\u00e0 la gespa del camp de futbol i el vestuari i es construiran dues pistes de tennis al costat del pavell\u00f3<\/p>\n\n\n\n<p>El Teatre Liceu va acollir divendres passat, 26 de novembre, la presentaci\u00f3 de la temporada 2021-2022 de les Escoles Esportives Municipals (EDM), que va servir tamb\u00e9 per a celebrar els homenatges preparats per a la Gala de l&#8217;Esport de la temporada anterior, que no va poder realitzar-se a causa de la pand\u00e8mia.<\/p>\n\n\n\n<p>Un any m\u00e9s, Juan Luis Rodrigo va ser l&#8217;encarregat de conduir l&#8217;acte, que va comptar amb la participaci\u00f3 de l&#8217;alcalde de Xest, Jos\u00e9 Morell, i el regidor d&#8217;Esports, Paco Llorens. Tots dos van dedicar unes paraules de reconeixement als i les esportistes locals i van exposar els projectes de millora d&#8217;instal\u00b7lacions esportives que es realitzaran en 2022.<\/p>\n\n\n\n<p>\u201cEnguany el nombre d&#8217;alumnes i alumnes s&#8217;ha incrementat en quasi 100 inscrits, arribant a comptar amb prop de 700 xiquets i xiquetes a les nostres escoles. Aquest \u00e9s una dada reveladora de la import\u00e0ncia que ha adquirit la pr\u00e0ctica esportiva al nostre poble\u201d, manifestava Morell. \u201cDes de l&#8217;Ajuntament continuarem treballant per a millorar la gesti\u00f3 de les escoles i les instal\u00b7lacions. Durant l&#8217;any 2022 realitzarem unes inversions rellevants, que superaran el mig mili\u00f3 d&#8217;euros; per exemple, renovarem la gespa del camp de futbol La Vinya, i tamb\u00e9 el vestuari; i construirem dues pistes de tennis al costat del pavell\u00f3, en resposta a l&#8217;enorme demanda que hi ha a Cheste. Totes aquestes s\u00f3n obres necess\u00e0ries i som conscients que queden moltes altres per fer. Finalment, vull expressar que estem plenament compromesos amb l&#8217;esport femen\u00ed i amb el desenvolupament de projectes innovadors, com el que desenvolupa Edu Sanz en b\u00e0squet, impartint les sessions en angl\u00e9s; o el projecte que hi ha de refor\u00e7 a l&#8217;estudi en el marc de les escoles esportives de futbol, que es reprendr\u00e0 pr\u00f2ximament, despr\u00e9s de l&#8217;aturada de la pand\u00e8mia\u201d.&nbsp;<\/p>\n\n\n\n<p>Per part seua, Llorens va destacar la labor que realitza M\u00f3nica Verduch en la coordinaci\u00f3 de les escoles esportives i el treball dels monitors i monitores. \u201cHa sigut un any dur per a ells, per\u00f2 s&#8217;han adaptat a totes les restriccions sense perdre la il\u00b7lusi\u00f3\u201d, declarava. \u201cHui \u00e9s un dia per a agrair als patrocinadors de les escoles esportives: Polvoritzadors Fede, SPB, PVH, Fundaci\u00f3 cajacheste i Costa Brava Mediterranean Foods\u201d.<\/p>\n\n\n\n<p><strong>Homenatges<\/strong><\/p>\n\n\n\n<p>El regidor va introduir el palmar\u00e9s dels esportistes homenatjats durant l&#8217;acte i va posar en valor la seua const\u00e0ncia i esfor\u00e7. El primer a rebre el reconeixement va ser Ricardo Corber\u00e1n, ciclista que ha realitzat durant 2020 i 2021 els desafiaments Titan S\u00e8ries Almer\u00eda, Gegant de Pedra Small, Andalusia Bike Race, La Rioja Bike Arrisse, Pujol Trist 2021 i Titan Desert el Marroc. \u201cAquesta \u00faltima \u00e9s una carrera pel desert del S\u00e0hara, amb 6 etapes, arribant a temperatures mitjanes de 35 graus\u201d, apuntava Llorens.<\/p>\n\n\n\n<p>En segon lloc va pujar a l&#8217;escenari l&#8217;equip de futbol Benjam\u00ed B, que va guanyar la lliga 2020-21. Despr\u00e9s, les jugadores de l&#8217;equip amateur femen\u00ed, van rebre el reconeixement pel seu ascens a primera regional en el seu primer any de competici\u00f3. Els homenatges van finalitzar amb l&#8217;aplaudiment al Cheste Basket Club, que tamb\u00e9 ha ascendit de categoria aquesta temporada.&nbsp;<\/p>\n\n\n\n<p><strong>Presentaci\u00f3 de les EDM<\/strong><\/p>\n\n\n\n<p>L&#8217;esdeveniment va acabar amb la presentaci\u00f3 de cadascuna de les escoles esportives municipals: alumnat i monitors\/as van pujar a l&#8217;escenari per a posar en una foto de grup. Com \u00e9s tradici\u00f3, la pujada a l&#8217;escenari la van encap\u00e7alar els alumnes i alumnes de l&#8217;escola de psicomotricitat i dansa de 3 anys d&#8217;edat, els qui van portar la bandera de les EDM al costat de la monitora de dansa, Nieves Blanco. Despr\u00e9s els van seguir els grups de dansa i danse party, escacs, front\u00f3, gimn\u00e0stica r\u00edtmica, atletisme, ciclisme, b\u00e0squet, tennis, karate, escalada, orientaci\u00f3, batuka, p\u00e0del, patinatge, vol\u00e9ibol, aer\u00f2bic, salt de corda i futbol.&nbsp;<\/p>\n\n\n\n<p>Finalment, es va presentar l&#8217;equip t\u00e8cnic, compost per Francisco Fortea, entrenador de porters; Ignacio Aguado i Marian Abell\u00e1n, a c\u00e0rrec de la preparaci\u00f3 f\u00edsica; Paula Aroca i Carlos Luis Mart\u00ednez, fisioterapeutes; Ricardo Tamarit i Vicente Garc\u00eda, coordinadors de l&#8217;escola de futbol; Jos\u00e9 Garc\u00eda i Sergio Exp\u00f3sito, a c\u00e0rrec de la consergeria del pavell\u00f3 i del camp La Vinya; i M\u00f3nica Verduch, coordinadora de les EDM de Cheste.<\/p>\n\n\n\n<figure class=\"wp-block-gallery columns-2 is-cropped wp-block-gallery-1 is-layout-flex wp-block-gallery-is-layout-flex\"><ul class=\"blocks-gallery-grid\"><li class=\"blocks-gallery-item\"><figure><img loading=\"lazy\" decoding=\"async\" width=\"1024\" height=\"682\" src=\"http:\/\/www.tucomarca.com\/wordpress\/segunda\/wp-content\/uploads\/2021\/11\/Cheste_GalaDeporte_1-1024x682.jpg\" alt=\"\" data-id=\"145141\" data-full-url=\"http:\/\/www.tucomarca.com\/wordpress\/segunda\/wp-content\/uploads\/2021\/11\/Cheste_GalaDeporte_1.jpg\" data-link=\"http:\/\/www.tucomarca.com\/wordpress\/segunda\/?attachment_id=145141\" class=\"wp-image-145141\" srcset=\"https:\/\/www.tucomarca.com\/wordpress\/segunda\/wp-content\/uploads\/2021\/11\/Cheste_GalaDeporte_1-1024x682.jpg 1024w, https:\/\/www.tucomarca.com\/wordpress\/segunda\/wp-content\/uploads\/2021\/11\/Cheste_GalaDeporte_1-300x200.jpg 300w, https:\/\/www.tucomarca.com\/wordpress\/segunda\/wp-content\/uploads\/2021\/11\/Cheste_GalaDeporte_1-768x512.jpg 768w, https:\/\/www.tucomarca.com\/wordpress\/segunda\/wp-content\/uploads\/2021\/11\/Cheste_GalaDeporte_1.jpg 1181w\" sizes=\"auto, (max-width: 1024px) 100vw, 1024px\" \/><\/figure><\/li><li class=\"blocks-gallery-item\"><figure><img loading=\"lazy\" decoding=\"async\" width=\"1024\" height=\"682\" src=\"http:\/\/www.tucomarca.com\/wordpress\/segunda\/wp-content\/uploads\/2021\/11\/Cheste_GalaDeporte_3-1024x682.jpg\" alt=\"\" data-id=\"145145\" data-full-url=\"http:\/\/www.tucomarca.com\/wordpress\/segunda\/wp-content\/uploads\/2021\/11\/Cheste_GalaDeporte_3.jpg\" data-link=\"http:\/\/www.tucomarca.com\/wordpress\/segunda\/?attachment_id=145145\" class=\"wp-image-145145\" srcset=\"https:\/\/www.tucomarca.com\/wordpress\/segunda\/wp-content\/uploads\/2021\/11\/Cheste_GalaDeporte_3-1024x682.jpg 1024w, https:\/\/www.tucomarca.com\/wordpress\/segunda\/wp-content\/uploads\/2021\/11\/Cheste_GalaDeporte_3-300x200.jpg 300w, https:\/\/www.tucomarca.com\/wordpress\/segunda\/wp-content\/uploads\/2021\/11\/Cheste_GalaDeporte_3-768x512.jpg 768w, https:\/\/www.tucomarca.com\/wordpress\/segunda\/wp-content\/uploads\/2021\/11\/Cheste_GalaDeporte_3.jpg 1181w\" sizes=\"auto, (max-width: 1024px) 100vw, 1024px\" \/><\/figure><\/li><li class=\"blocks-gallery-item\"><figure><img loading=\"lazy\" decoding=\"async\" width=\"1024\" height=\"682\" src=\"http:\/\/www.tucomarca.com\/wordpress\/segunda\/wp-content\/uploads\/2021\/11\/Cheste_GalaDeporte_2-1024x682.jpg\" alt=\"\" data-id=\"145143\" data-full-url=\"http:\/\/www.tucomarca.com\/wordpress\/segunda\/wp-content\/uploads\/2021\/11\/Cheste_GalaDeporte_2.jpg\" data-link=\"http:\/\/www.tucomarca.com\/wordpress\/segunda\/?attachment_id=145143\" class=\"wp-image-145143\" srcset=\"https:\/\/www.tucomarca.com\/wordpress\/segunda\/wp-content\/uploads\/2021\/11\/Cheste_GalaDeporte_2-1024x682.jpg 1024w, https:\/\/www.tucomarca.com\/wordpress\/segunda\/wp-content\/uploads\/2021\/11\/Cheste_GalaDeporte_2-300x200.jpg 300w, https:\/\/www.tucomarca.com\/wordpress\/segunda\/wp-content\/uploads\/2021\/11\/Cheste_GalaDeporte_2-768x512.jpg 768w, https:\/\/www.tucomarca.com\/wordpress\/segunda\/wp-content\/uploads\/2021\/11\/Cheste_GalaDeporte_2.jpg 1181w\" sizes=\"auto, (max-width: 1024px) 100vw, 1024px\" \/><\/figure><\/li><li class=\"blocks-gallery-item\"><figure><img loading=\"lazy\" decoding=\"async\" width=\"1024\" height=\"682\" src=\"http:\/\/www.tucomarca.com\/wordpress\/segunda\/wp-content\/uploads\/2021\/11\/Cheste_GalaDeporte_4-1024x682.jpg\" alt=\"\" data-id=\"145147\" data-full-url=\"http:\/\/www.tucomarca.com\/wordpress\/segunda\/wp-content\/uploads\/2021\/11\/Cheste_GalaDeporte_4.jpg\" data-link=\"http:\/\/www.tucomarca.com\/wordpress\/segunda\/?attachment_id=145147\" class=\"wp-image-145147\" srcset=\"https:\/\/www.tucomarca.com\/wordpress\/segunda\/wp-content\/uploads\/2021\/11\/Cheste_GalaDeporte_4-1024x682.jpg 1024w, https:\/\/www.tucomarca.com\/wordpress\/segunda\/wp-content\/uploads\/2021\/11\/Cheste_GalaDeporte_4-300x200.jpg 300w, https:\/\/www.tucomarca.com\/wordpress\/segunda\/wp-content\/uploads\/2021\/11\/Cheste_GalaDeporte_4-768x512.jpg 768w, https:\/\/www.tucomarca.com\/wordpress\/segunda\/wp-content\/uploads\/2021\/11\/Cheste_GalaDeporte_4.jpg 1181w\" sizes=\"auto, (max-width: 1024px) 100vw, 1024px\" \/><\/figure><\/li><li class=\"blocks-gallery-item\"><figure><img loading=\"lazy\" decoding=\"async\" width=\"1024\" height=\"682\" src=\"http:\/\/www.tucomarca.com\/wordpress\/segunda\/wp-content\/uploads\/2021\/11\/Cheste_GalaDeporte_5-1024x682.jpg\" alt=\"\" data-id=\"145149\" data-full-url=\"http:\/\/www.tucomarca.com\/wordpress\/segunda\/wp-content\/uploads\/2021\/11\/Cheste_GalaDeporte_5.jpg\" data-link=\"http:\/\/www.tucomarca.com\/wordpress\/segunda\/?attachment_id=145149\" class=\"wp-image-145149\" srcset=\"https:\/\/www.tucomarca.com\/wordpress\/segunda\/wp-content\/uploads\/2021\/11\/Cheste_GalaDeporte_5-1024x682.jpg 1024w, https:\/\/www.tucomarca.com\/wordpress\/segunda\/wp-content\/uploads\/2021\/11\/Cheste_GalaDeporte_5-300x200.jpg 300w, https:\/\/www.tucomarca.com\/wordpress\/segunda\/wp-content\/uploads\/2021\/11\/Cheste_GalaDeporte_5-768x512.jpg 768w, https:\/\/www.tucomarca.com\/wordpress\/segunda\/wp-content\/uploads\/2021\/11\/Cheste_GalaDeporte_5.jpg 1181w\" sizes=\"auto, (max-width: 1024px) 100vw, 1024px\" \/><\/figure><\/li><li class=\"blocks-gallery-item\"><figure><img loading=\"lazy\" decoding=\"async\" width=\"1024\" height=\"682\" src=\"http:\/\/www.tucomarca.com\/wordpress\/segunda\/wp-content\/uploads\/2021\/11\/Cheste_GalaDeporte_7-1024x682.jpg\" alt=\"\" data-id=\"145153\" data-full-url=\"http:\/\/www.tucomarca.com\/wordpress\/segunda\/wp-content\/uploads\/2021\/11\/Cheste_GalaDeporte_7.jpg\" data-link=\"http:\/\/www.tucomarca.com\/wordpress\/segunda\/?attachment_id=145153\" class=\"wp-image-145153\" srcset=\"https:\/\/www.tucomarca.com\/wordpress\/segunda\/wp-content\/uploads\/2021\/11\/Cheste_GalaDeporte_7-1024x682.jpg 1024w, https:\/\/www.tucomarca.com\/wordpress\/segunda\/wp-content\/uploads\/2021\/11\/Cheste_GalaDeporte_7-300x200.jpg 300w, https:\/\/www.tucomarca.com\/wordpress\/segunda\/wp-content\/uploads\/2021\/11\/Cheste_GalaDeporte_7-768x512.jpg 768w, https:\/\/www.tucomarca.com\/wordpress\/segunda\/wp-content\/uploads\/2021\/11\/Cheste_GalaDeporte_7.jpg 1181w\" sizes=\"auto, (max-width: 1024px) 100vw, 1024px\" \/><\/figure><\/li><li class=\"blocks-gallery-item\"><figure><img loading=\"lazy\" decoding=\"async\" width=\"1024\" height=\"682\" src=\"http:\/\/www.tucomarca.com\/wordpress\/segunda\/wp-content\/uploads\/2021\/11\/Cheste_GalaDeporte_6-1024x682.jpg\" alt=\"\" data-id=\"145151\" data-full-url=\"http:\/\/www.tucomarca.com\/wordpress\/segunda\/wp-content\/uploads\/2021\/11\/Cheste_GalaDeporte_6.jpg\" data-link=\"http:\/\/www.tucomarca.com\/wordpress\/segunda\/?attachment_id=145151\" class=\"wp-image-145151\" srcset=\"https:\/\/www.tucomarca.com\/wordpress\/segunda\/wp-content\/uploads\/2021\/11\/Cheste_GalaDeporte_6-1024x682.jpg 1024w, https:\/\/www.tucomarca.com\/wordpress\/segunda\/wp-content\/uploads\/2021\/11\/Cheste_GalaDeporte_6-300x200.jpg 300w, https:\/\/www.tucomarca.com\/wordpress\/segunda\/wp-content\/uploads\/2021\/11\/Cheste_GalaDeporte_6-768x512.jpg 768w, https:\/\/www.tucomarca.com\/wordpress\/segunda\/wp-content\/uploads\/2021\/11\/Cheste_GalaDeporte_6.jpg 1181w\" sizes=\"auto, (max-width: 1024px) 100vw, 1024px\" \/><\/figure><\/li><\/ul><\/figure>\n","protected":false},"excerpt":{"rendered":"<div class=\"mh-excerpt\">L&#8217;alcalde de Xest va avan\u00e7ar durant l&#8217;esdeveniment que en 2022 es renovar\u00e0 la gespa del camp de futbol i el vestuari i es construiran dues pistes de tennis al costat del pavell\u00f3 El Teatre Liceu <a class=\"mh-excerpt-more\" href=\"https:\/\/www.tucomarca.com\/wordpress\/segunda\/ca\/homenatge-a-esportistes-locals-en-la-presentacio-de-la-temporada-2021-2022-de-les-escoles-esportives-municipals-de-xest\/\" title=\"Homenatge a esportistes locals en la presentaci\u00f3 de la temporada 2021-2022 de les Escoles Esportives Municipals de Xest\">[+] <\/a><\/div>\n","protected":false},"author":12,"featured_media":145148,"comment_status":"open","ping_status":"open","sticky":false,"template":"","format":"standard","meta":{"footnotes":""},"categories":[11003,10898,10948,10894,10912,10896,10974],"tags":[11071,11981,12719,10914,15959],"class_list":{"0":"post-145156","1":"post","2":"type-post","3":"status-publish","4":"format-standard","5":"has-post-thumbnail","7":"category-sports","8":"category-ventana-ca","9":"category-infraestructuras-ca","10":"category-la-comarca-ca","11":"category-la-hoya-ca","12":"category-seccion-ca","13":"category-cheste-ca","14":"tag-cheste","15":"tag-edm-de-cheste-ca","16":"tag-escuelas-deportivas-municipales-cheste-ca","17":"tag-la-hoya-de-bunol-chiva-ca","18":"tag-temporada-2021-22-ca"},"_links":{"self":[{"href":"https:\/\/www.tucomarca.com\/wordpress\/segunda\/ca\/wp-json\/wp\/v2\/posts\/145156","targetHints":{"allow":["GET"]}}],"collection":[{"href":"https:\/\/www.tucomarca.com\/wordpress\/segunda\/ca\/wp-json\/wp\/v2\/posts"}],"about":[{"href":"https:\/\/www.tucomarca.com\/wordpress\/segunda\/ca\/wp-json\/wp\/v2\/types\/post"}],"author":[{"embeddable":true,"href":"https:\/\/www.tucomarca.com\/wordpress\/segunda\/ca\/wp-json\/wp\/v2\/users\/12"}],"replies":[{"embeddable":true,"href":"https:\/\/www.tucomarca.com\/wordpress\/segunda\/ca\/wp-json\/wp\/v2\/comments?post=145156"}],"version-history":[{"count":0,"href":"https:\/\/www.tucomarca.com\/wordpress\/segunda\/ca\/wp-json\/wp\/v2\/posts\/145156\/revisions"}],"wp:featuredmedia":[{"embeddable":true,"href":"https:\/\/www.tucomarca.com\/wordpress\/segunda\/ca\/wp-json\/wp\/v2\/media\/145148"}],"wp:attachment":[{"href":"https:\/\/www.tucomarca.com\/wordpress\/segunda\/ca\/wp-json\/wp\/v2\/media?parent=145156"}],"wp:term":[{"taxonomy":"category","embeddable":true,"href":"https:\/\/www.tucomarca.com\/wordpress\/segunda\/ca\/wp-json\/wp\/v2\/categories?post=145156"},{"taxonomy":"post_tag","embeddable":true,"href":"https:\/\/www.tucomarca.com\/wordpress\/segunda\/ca\/wp-json\/wp\/v2\/tags?post=145156"}],"curies":[{"name":"wp","href":"https:\/\/api.w.org\/{rel}","templated":true}]}}