{"id":145163,"date":"2021-11-30T14:00:00","date_gmt":"2021-11-30T13:00:00","guid":{"rendered":"http:\/\/www.tucomarca.com\/wordpress\/segunda\/?p=145163"},"modified":"2021-12-01T02:21:31","modified_gmt":"2021-12-01T01:21:31","slug":"turis-asfaltara-tota-la-seua-travessia-i-la-cv-415-fins-al-nucli-urba","status":"publish","type":"post","link":"https:\/\/www.tucomarca.com\/wordpress\/segunda\/ca\/turis-asfaltara-tota-la-seua-travessia-i-la-cv-415-fins-al-nucli-urba\/","title":{"rendered":"Tur\u00eds asfaltar\u00e0 tota la seua travessia i la CV-415 fins al nucli urb\u00e0"},"content":{"rendered":"\n<p>L&#8217;alcalde,&nbsp;Eugenio&nbsp;Forta\u00f1a, ha mantingut una reuni\u00f3 telem\u00e0tica amb el diputat d&#8217;Infraestructures, Rafa&nbsp;Garc\u00eda, i amb personal t\u00e8cnic de la Diputaci\u00f3 de Val\u00e8ncia per a concretar les pr\u00f2ximes intervencions a&nbsp;Tur\u00eds&nbsp;fruit de la col\u00b7laboraci\u00f3 de les administracions provincial i local.<\/p>\n\n\n\n<p>Les actuacions suposaran una inversi\u00f3 important i consistiran en la reforma i millora de dues vies principalment. Per una banda, l\u2019asfaltat&nbsp;de l\u2019Avinguda Corts Valencianes i&nbsp;Bautista&nbsp;Soler i condicionament dels passos de vianants.<\/p>\n\n\n\n<p>Per altra, s\u2019ubicar\u00e0 una rotonda i s\u2019habilitar\u00e0 un acc\u00e9s de vianants des del poble fins a la Cooperativa La&nbsp;Turisana&nbsp;i es condicionar\u00e0 la carretera CV-415 fins al nucli urb\u00e0.<\/p>\n\n\n\n<p>Forta\u00f1a&nbsp;s\u2019ha mostrat \u201cmolt satisfet perqu\u00e8 amb&nbsp;estes&nbsp;actuacions millorem la seguretat del tr\u00e0nsit de vehicles i persones a m\u00e9s d&#8217;ordenar el tr\u00e0fic i la mobilitat en la intersecci\u00f3 de la cooperativa entre la CV-415 i el tram de connexi\u00f3 amb la CV-50\u201d.<\/p>\n\n\n\n<p><\/p>\n","protected":false},"excerpt":{"rendered":"<div class=\"mh-excerpt\">L&#8217;alcalde,&nbsp;Eugenio&nbsp;Forta\u00f1a, ha mantingut una reuni\u00f3 telem\u00e0tica amb el diputat d&#8217;Infraestructures, Rafa&nbsp;Garc\u00eda, i amb personal t\u00e8cnic de la Diputaci\u00f3 de Val\u00e8ncia per a concretar les pr\u00f2ximes intervencions a&nbsp;Tur\u00eds&nbsp;fruit de la col\u00b7laboraci\u00f3 de les administracions provincial i <a class=\"mh-excerpt-more\" href=\"https:\/\/www.tucomarca.com\/wordpress\/segunda\/ca\/turis-asfaltara-tota-la-seua-travessia-i-la-cv-415-fins-al-nucli-urba\/\" title=\"Tur\u00eds asfaltar\u00e0 tota la seua travessia i la CV-415 fins al nucli urb\u00e0\">[+] <\/a><\/div>\n","protected":false},"author":12,"featured_media":145162,"comment_status":"open","ping_status":"open","sticky":false,"template":"","format":"standard","meta":{"footnotes":""},"categories":[10948,10894,10902,10947,10896,11047],"tags":[15961,11246,15962,11356,11093],"class_list":{"0":"post-145163","1":"post","2":"type-post","3":"status-publish","4":"format-standard","5":"has-post-thumbnail","7":"category-infraestructuras-ca","8":"category-la-comarca-ca","9":"category-la-ribera-ca","10":"category-politica","11":"category-seccion-ca","12":"category-turis-ca","13":"tag-cv-415-ca","14":"tag-diputacio-de-valencia-ca","15":"tag-diputado-de-infraestructuras-ca","16":"tag-ribera-alta-ca","17":"tag-turis-ca"},"_links":{"self":[{"href":"https:\/\/www.tucomarca.com\/wordpress\/segunda\/ca\/wp-json\/wp\/v2\/posts\/145163","targetHints":{"allow":["GET"]}}],"collection":[{"href":"https:\/\/www.tucomarca.com\/wordpress\/segunda\/ca\/wp-json\/wp\/v2\/posts"}],"about":[{"href":"https:\/\/www.tucomarca.com\/wordpress\/segunda\/ca\/wp-json\/wp\/v2\/types\/post"}],"author":[{"embeddable":true,"href":"https:\/\/www.tucomarca.com\/wordpress\/segunda\/ca\/wp-json\/wp\/v2\/users\/12"}],"replies":[{"embeddable":true,"href":"https:\/\/www.tucomarca.com\/wordpress\/segunda\/ca\/wp-json\/wp\/v2\/comments?post=145163"}],"version-history":[{"count":0,"href":"https:\/\/www.tucomarca.com\/wordpress\/segunda\/ca\/wp-json\/wp\/v2\/posts\/145163\/revisions"}],"wp:featuredmedia":[{"embeddable":true,"href":"https:\/\/www.tucomarca.com\/wordpress\/segunda\/ca\/wp-json\/wp\/v2\/media\/145162"}],"wp:attachment":[{"href":"https:\/\/www.tucomarca.com\/wordpress\/segunda\/ca\/wp-json\/wp\/v2\/media?parent=145163"}],"wp:term":[{"taxonomy":"category","embeddable":true,"href":"https:\/\/www.tucomarca.com\/wordpress\/segunda\/ca\/wp-json\/wp\/v2\/categories?post=145163"},{"taxonomy":"post_tag","embeddable":true,"href":"https:\/\/www.tucomarca.com\/wordpress\/segunda\/ca\/wp-json\/wp\/v2\/tags?post=145163"}],"curies":[{"name":"wp","href":"https:\/\/api.w.org\/{rel}","templated":true}]}}