{"id":145169,"date":"2021-11-30T10:55:00","date_gmt":"2021-11-30T09:55:00","guid":{"rendered":"http:\/\/www.tucomarca.com\/wordpress\/segunda\/?p=145169"},"modified":"2021-12-01T02:19:08","modified_gmt":"2021-12-01T01:19:08","slug":"el-consorci-valencia-interior-inverteix-mes-de-400-000-euros-en-millores-en-la-planta-de-caudete-de-las-fuentes","status":"publish","type":"post","link":"https:\/\/www.tucomarca.com\/wordpress\/segunda\/ca\/el-consorci-valencia-interior-inverteix-mes-de-400-000-euros-en-millores-en-la-planta-de-caudete-de-las-fuentes\/","title":{"rendered":"El Consorci Val\u00e8ncia Interior inverteix m\u00e9s de 400.000 euros en millores en la planta de Caudete de las Fuentes"},"content":{"rendered":"\n<h4 class=\"wp-block-heading\">L&#8217;objectiu \u00e9s augmentar el rendiment de les instal\u00b7lacions de recuperaci\u00f3 de materials&nbsp;<\/h4>\n\n\n\n<h4 class=\"wp-block-heading\">Amb una de les actuacions s&#8217;evita el dep\u00f2sit de 4.000 tones a l&#8217;any de residus en l&#8217;abocador<\/h4>\n\n\n\n<p>El Consorci Val\u00e8ncia Interior es troba immers en la implantaci\u00f3 de millores en la planta d&#8217;afinament de Caudete de las Fuentes amb les quals augmentar\u00e0 el rendiment de les instal\u00b7lacions de recuperaci\u00f3 de materials. I \u00e9s que aquest ens que tracta els residus de cinc comarques d&#8217;interior de la prov\u00edncia de Val\u00e8ncia (la Foia de Bu\u00f1ol- Chiva, Camp de T\u00faria, la Regi\u00f3 muntanyenca, la Plana d&#8217;Utiel- Requena i el Rac\u00f3 d&#8217;Ademuz) ha aprofitat m\u00e9s de 400.000 euros procedents de subvencions de la Generalitat Valenciana i la Diputaci\u00f3 de Val\u00e8ncia per a millorar la recuperaci\u00f3 de materials en dos punts del proc\u00e9s d&#8217;afinament a Caudete.&nbsp;<\/p>\n\n\n\n<p>En primer lloc ha ampliat la l\u00ednia de separaci\u00f3 de vidre integrant un segon separador \u00f2ptic, amb l&#8217;objectiu d&#8217;obtindre el m\u00e0xim rendiment al flux de materials pesats, separant els fragments de vidre aptes per a fer nous envasos dels fragments de pisa, grava i inertes que s&#8217;aprofitaran com a substitut de graves en les obres del complex. Aquesta inversi\u00f3 aconsegueix un import de 254.284 \u20ac i \u00e9s finan\u00e7ada \u00edntegrament per la Generalitat Valenciana.&nbsp;<\/p>\n\n\n\n<p>En segon lloc, s&#8217;ha licitat la compra d&#8217;un triturador secundari que permet aprofitar la mescla de pl\u00e0stics recuperats en l&#8217;afinament, de manera que en reduir la seua grand\u00e0ria \u00e9s possible destinar el triturat resultant a operacions de reciclatge qu\u00edmic, evitant el dep\u00f2sit en abocador d&#8217;aproximadament 4.000 tones a l&#8217;any. Aquesta inversi\u00f3, cofinan\u00e7ada per la Diputaci\u00f3 i la Generalitat, aconsegueix un import de 157.900 \u20ac. Totes dues millores estaran en servei abans que finalitze l&#8217;any.<\/p>\n\n\n\n<p><strong>Proc\u00e9s de tractament en les plantes del CVI<\/strong><\/p>\n\n\n\n<p>A les plantes de valoritzaci\u00f3 del consorci de Ll\u00edria i Caudete de las Fuentes arriben cada any entorn de 140.000 tones de residus mesclats, dels quals aproximadament un 30% s\u00f3n restes de menjar, acompanyats d&#8217;envasos de pl\u00e0stic, cart\u00f3, metall i vidre, paper impr\u00e9s, roba i cal\u00e7at que no s&#8217;han separat a casa i altres restes (bolquers, restes de neteja, metalls i pl\u00e0stics no env\u00e0s&#8230;).<\/p>\n\n\n\n<p>En les naus de triatge, a m\u00e9s de recuperar diferents tipus de pl\u00e0stics, metalls, cart\u00f3 i vidre, se separa la mat\u00e8ria org\u00e0nica amb uns grans sedassos m\u00f2bils. A aquest flux ric en mat\u00e8ria org\u00e0nica se li extrau els envasos d&#8217;acer i alumini amb electroimants i corrents de Foucault i es trasllada als t\u00fanels de compostatge, on s&#8217;indueix una fermentaci\u00f3 accelerada que higienitza el residu i el transforma en un recurs valu\u00f3s per a l&#8217;agricultura.<\/p>\n\n\n\n<p>Una vegada concl\u00f2s el proc\u00e9s de fermentaci\u00f3 de la mat\u00e8ria org\u00e0nica, el material bioestabilizado s&#8217;emporta a la nau d&#8217;afinament del complex de valoritzaci\u00f3 de Caudete de las Fuentes. Per\u00f2 al costat de la mat\u00e8ria org\u00e0nica hi ha una gran varietat de xicotets envasos de pl\u00e0stic lleuger, c\u00e0psules de caf\u00e9, fragments de vidre i altres impureses que cal garbellar, obtenint al final del proc\u00e9s quatre fraccions: d&#8217;una banda, el material bioestabilizado apte com a esmena org\u00e0nica per a la millora de s\u00f2ls. Per un altre, material mesclat ric en mat\u00e8ria estabilitzada que s&#8217;utilitza com a cobertura en l&#8217;abocador, en tercer lloc materials pesats (fragments de vidre, pisa, grava) i finalment una mescla de pl\u00e0stics lleugers sense eixida comercial. Amb la nova maquin\u00e0ria, la separaci\u00f3 d&#8217;aquests materials de la mat\u00e8ria org\u00e0nica ser\u00e0 molt m\u00e9s efectiva.<\/p>\n\n\n\n<p><\/p>\n","protected":false},"excerpt":{"rendered":"<div class=\"mh-excerpt\">L&#8217;objectiu \u00e9s augmentar el rendiment de les instal\u00b7lacions de recuperaci\u00f3 de materials&nbsp; Amb una de les actuacions s&#8217;evita el dep\u00f2sit de 4.000 tones a l&#8217;any de residus en l&#8217;abocador El Consorci Val\u00e8ncia Interior es troba <a class=\"mh-excerpt-more\" href=\"https:\/\/www.tucomarca.com\/wordpress\/segunda\/ca\/el-consorci-valencia-interior-inverteix-mes-de-400-000-euros-en-millores-en-la-planta-de-caudete-de-las-fuentes\/\" title=\"El Consorci Val\u00e8ncia Interior inverteix m\u00e9s de 400.000 euros en millores en la planta de Caudete de las Fuentes\">[+] <\/a><\/div>\n","protected":false},"author":12,"featured_media":145168,"comment_status":"open","ping_status":"open","sticky":false,"template":"","format":"standard","meta":{"footnotes":""},"categories":[10890,10892,11032,11046,10898,10948,10894,10912,10903,10909,10896],"tags":[10899,15963,11117,11305,11413,10914,11080,10910],"class_list":{"0":"post-145169","1":"post","2":"type-post","3":"status-publish","4":"format-standard","5":"has-post-thumbnail","7":"category-ademus","8":"category-camp-de-turia-ca","9":"category-caudete-ca","10":"category-los-serranos-ca","11":"category-ventana-ca","12":"category-infraestructuras-ca","13":"category-la-comarca-ca","14":"category-la-hoya-ca","15":"category-medio-ambiente-la-comarca-ca","16":"category-requena-utiel-ca","17":"category-seccion-ca","18":"tag-camp-de-turia-ca","19":"tag-caudete-ca","20":"tag-consorcio-valencia-interior-ca","21":"tag-cvi-ca","22":"tag-el-rincon-de-ademuz-ca","23":"tag-la-hoya-de-bunol-chiva-ca","24":"tag-los-serranos-ca","25":"tag-requena-utiel-ca"},"_links":{"self":[{"href":"https:\/\/www.tucomarca.com\/wordpress\/segunda\/ca\/wp-json\/wp\/v2\/posts\/145169","targetHints":{"allow":["GET"]}}],"collection":[{"href":"https:\/\/www.tucomarca.com\/wordpress\/segunda\/ca\/wp-json\/wp\/v2\/posts"}],"about":[{"href":"https:\/\/www.tucomarca.com\/wordpress\/segunda\/ca\/wp-json\/wp\/v2\/types\/post"}],"author":[{"embeddable":true,"href":"https:\/\/www.tucomarca.com\/wordpress\/segunda\/ca\/wp-json\/wp\/v2\/users\/12"}],"replies":[{"embeddable":true,"href":"https:\/\/www.tucomarca.com\/wordpress\/segunda\/ca\/wp-json\/wp\/v2\/comments?post=145169"}],"version-history":[{"count":0,"href":"https:\/\/www.tucomarca.com\/wordpress\/segunda\/ca\/wp-json\/wp\/v2\/posts\/145169\/revisions"}],"wp:featuredmedia":[{"embeddable":true,"href":"https:\/\/www.tucomarca.com\/wordpress\/segunda\/ca\/wp-json\/wp\/v2\/media\/145168"}],"wp:attachment":[{"href":"https:\/\/www.tucomarca.com\/wordpress\/segunda\/ca\/wp-json\/wp\/v2\/media?parent=145169"}],"wp:term":[{"taxonomy":"category","embeddable":true,"href":"https:\/\/www.tucomarca.com\/wordpress\/segunda\/ca\/wp-json\/wp\/v2\/categories?post=145169"},{"taxonomy":"post_tag","embeddable":true,"href":"https:\/\/www.tucomarca.com\/wordpress\/segunda\/ca\/wp-json\/wp\/v2\/tags?post=145169"}],"curies":[{"name":"wp","href":"https:\/\/api.w.org\/{rel}","templated":true}]}}