{"id":145190,"date":"2021-11-30T21:00:00","date_gmt":"2021-11-30T20:00:00","guid":{"rendered":"http:\/\/www.tucomarca.com\/wordpress\/segunda\/?p=145190"},"modified":"2021-12-01T02:16:20","modified_gmt":"2021-12-01T01:16:20","slug":"perez-garijo-ret-homenatge-a-15-persones-de-la-comarca-de-la-canal-de-navarres-victimes-de-lholocaust","status":"publish","type":"post","link":"https:\/\/www.tucomarca.com\/wordpress\/segunda\/ca\/perez-garijo-ret-homenatge-a-15-persones-de-la-comarca-de-la-canal-de-navarres-victimes-de-lholocaust\/","title":{"rendered":"P\u00e9rez Garijo ret homenatge a 15 persones de la comarca de la Canal de Navarr\u00e9s v\u00edctimes de l&#8217;Holocaust"},"content":{"rendered":"\n<h4 class=\"wp-block-heading\">La consellera de Qualitat Democr\u00e0tica ha entregat a familiars i representants de les corporacions d&#8217;Anna, Bolbaite, Chella, Enguera i Quesa els &#8220;taulells de la Mem\u00f2ria&#8221;<\/h4>\n\n\n\n<h4 class=\"wp-block-heading\">P\u00e9rez Garijo ha destacat que &#8220;amb l&#8217;acte de hui aconseguim les 323 rajoles, que es col\u00b7locaran en llocs visibles dels municipis&#8221;<\/h4>\n\n\n\n<p>La Conselleria de Participaci\u00f3, Transpar\u00e8ncia, Cooperaci\u00f3 i Qualitat Democr\u00e0tica continua amb el projecte &#8216;Construint Mem\u00f2ria&#8217;, amb l&#8217;homenatge a 15 persones de la comarca de la Canal de Navarr\u00e9s, v\u00edctimes de l&#8217;Holocaust per defensar la llibertat i els valors democr\u00e0tics.<\/p>\n\n\n\n<p>La cerim\u00f2nia tamb\u00e9 ha comptat amb la pres\u00e8ncia del director general de Qualitat Democr\u00e0tica, I\u00f1aki P\u00e9rez Rico, a m\u00e9s de representants de familiars de les v\u00edctimes, entitats memorialistes i de les diferents corporacions municipals.<\/p>\n\n\n\n<p>Durant l&#8217;acte, P\u00e9rez Garijo ha entregat a representants dels diferents ajuntaments de les localitats de proced\u00e8ncia dels 15 homenatjats els &#8216;Taulells de la Mem\u00f2ria&#8217;, corresponents al projecte &#8216;Construint Mem\u00f2ria&#8217; perqu\u00e8 es col\u00b7loquen en un lloc visible dels municipis d&#8217;Anna, Bolbaite, Chella, Enguera i Quesa.<\/p>\n\n\n\n<p>P\u00e9rez Garijo ha assenyalat que amb l&#8217;acte de hui &#8220;aconseguim les 323 rajoles entregades als ajuntaments amb els noms i cognoms dels valencians i valencianes que van patir aqueix horror; i ho fem 76 anys despr\u00e9s de l&#8217;alliberament d&#8217;uns camps d&#8217;on la majoria mai va poder eixir&#8221;.<\/p>\n\n\n\n<p>La consellera de Qualitat Democr\u00e0tica ha afirmat que &#8220;76 anys s\u00f3n tota una vida, i \u00e9s tota una vida la que hem hagut d&#8217;esperar perqu\u00e8 reben aquest reconeixement, un homenatge en el qual cap de les v\u00edctimes ha pogut estar&#8221;.<\/p>\n\n\n\n<p>A m\u00e9s, P\u00e9rez Garijo ha assenyalat que a trav\u00e9s dels &#8216;Taulells de la Mem\u00f2ria&#8217; &#8220;retem homenatge no sols a quinze v\u00edctimes de l&#8217;Holocaust, sin\u00f3 a quinze persones que van lluitar per la llibertat; antifeixistes que van pagar amb la seua vida el comprom\u00eds assumit anys arrere de no permetre que la tirania, l&#8217;explotaci\u00f3 i el terror es feren els amos del m\u00f3n&#8221;.<\/p>\n\n\n\n<p>&#8220;Els homenatges com el de hui -va continuar la consellera- no s\u00f3n exercicis de nost\u00e0lgia, sin\u00f3 la posada en valor d&#8217;uns testimoniatges de coher\u00e8ncia, fins i tot amb cost de la pr\u00f2pia vida, que es projecta des del passat fins al present i des del present cap al futur&#8221;.<\/p>\n\n\n\n<p>P\u00e9rez Garijo ha subratllat que &#8220;tenim l&#8217;obligaci\u00f3 de continuar la lluita que ells van sostindre; que no \u00e9s una altra que la de fer, dia a dia, bra\u00e7 a bra\u00e7, un m\u00f3n millor, on la just\u00edcia i la dignitat humana no siguen esclafades per l&#8217;explotaci\u00f3, l&#8217;odi, la viol\u00e8ncia i la for\u00e7a&#8221;.<\/p>\n\n\n\n<p>Les persones homenatjades hui, v\u00edctimes de l&#8217;horror en els camps de concentraci\u00f3 s\u00f3n Eduardo P\u00e9rez Garc\u00eda, d&#8217;Anna; Vicente Mart\u00ednez Pardo, Ram\u00f3n Mart\u00ednez Sarri\u00f3n, Antonio Sal\u00f3 G\u00f3mez i Salvador Serrano Ors, de Bolbaite; Vicente Faus Tall\u00f3n, Francisco Garc\u00eda Gimeno, Vicente Puig Fayos i Joaqu\u00edn Serrano Morales, de Chella; Manuel Garc\u00eda Sanchiz, Evelino Gim\u00e9nez Mart\u00ednez i Francisco Sanchiz Mart\u00ednez, d&#8217;Enguera; Vicente Albuchec L\u00f3pez, Bernab\u00e9 Villanueva Gald\u00f3n i Enrique Villanueva Gald\u00f3n, de Quesa. Sis d&#8217;ells van aconseguir la llibertat despr\u00e9s d&#8217;anys de calvari, per\u00f2 els altres onze van morir en el camp d&#8217;extermini.<\/p>\n\n\n\n<p><\/p>\n","protected":false},"excerpt":{"rendered":"<div class=\"mh-excerpt\">La consellera de Qualitat Democr\u00e0tica ha entregat a familiars i representants de les corporacions d&#8217;Anna, Bolbaite, Chella, Enguera i Quesa els &#8220;taulells de la Mem\u00f2ria&#8221; P\u00e9rez Garijo ha destacat que &#8220;amb l&#8217;acte de hui aconseguim <a class=\"mh-excerpt-more\" href=\"https:\/\/www.tucomarca.com\/wordpress\/segunda\/ca\/perez-garijo-ret-homenatge-a-15-persones-de-la-comarca-de-la-canal-de-navarres-victimes-de-lholocaust\/\" title=\"P\u00e9rez Garijo ret homenatge a 15 persones de la comarca de la Canal de Navarr\u00e9s v\u00edctimes de l&#8217;Holocaust\">[+] <\/a><\/div>\n","protected":false},"author":1,"featured_media":145124,"comment_status":"open","ping_status":"open","sticky":false,"template":"","format":"standard","meta":{"footnotes":""},"categories":[10964,10966,10968,10969,10898,10948,10963,10894,10947,10972,10896],"tags":[15214,15965,11094,14396,15215,13678],"class_list":{"0":"post-145190","1":"post","2":"type-post","3":"status-publish","4":"format-standard","5":"has-post-thumbnail","7":"category-anna-ca","8":"category-bolbaite-ca","9":"category-chella-ca","10":"category-enguera-ca","11":"category-ventana-ca","12":"category-infraestructuras-ca","13":"category-la-canal-de-navarres-ca","14":"category-la-comarca-ca","15":"category-politica","16":"category-quesa-ca","17":"category-seccion-ca","18":"tag-consellera-de-calidad-democratica-ca","19":"tag-construint-memoria-ca","20":"tag-la-canal-de-navarres","21":"tag-rosa-perez-garijo-ca","22":"tag-taulells-de-la-memoria-ca","23":"tag-victimas-del-holocausto-ca"},"_links":{"self":[{"href":"https:\/\/www.tucomarca.com\/wordpress\/segunda\/ca\/wp-json\/wp\/v2\/posts\/145190","targetHints":{"allow":["GET"]}}],"collection":[{"href":"https:\/\/www.tucomarca.com\/wordpress\/segunda\/ca\/wp-json\/wp\/v2\/posts"}],"about":[{"href":"https:\/\/www.tucomarca.com\/wordpress\/segunda\/ca\/wp-json\/wp\/v2\/types\/post"}],"author":[{"embeddable":true,"href":"https:\/\/www.tucomarca.com\/wordpress\/segunda\/ca\/wp-json\/wp\/v2\/users\/1"}],"replies":[{"embeddable":true,"href":"https:\/\/www.tucomarca.com\/wordpress\/segunda\/ca\/wp-json\/wp\/v2\/comments?post=145190"}],"version-history":[{"count":0,"href":"https:\/\/www.tucomarca.com\/wordpress\/segunda\/ca\/wp-json\/wp\/v2\/posts\/145190\/revisions"}],"wp:featuredmedia":[{"embeddable":true,"href":"https:\/\/www.tucomarca.com\/wordpress\/segunda\/ca\/wp-json\/wp\/v2\/media\/145124"}],"wp:attachment":[{"href":"https:\/\/www.tucomarca.com\/wordpress\/segunda\/ca\/wp-json\/wp\/v2\/media?parent=145190"}],"wp:term":[{"taxonomy":"category","embeddable":true,"href":"https:\/\/www.tucomarca.com\/wordpress\/segunda\/ca\/wp-json\/wp\/v2\/categories?post=145190"},{"taxonomy":"post_tag","embeddable":true,"href":"https:\/\/www.tucomarca.com\/wordpress\/segunda\/ca\/wp-json\/wp\/v2\/tags?post=145190"}],"curies":[{"name":"wp","href":"https:\/\/api.w.org\/{rel}","templated":true}]}}