{"id":145196,"date":"2021-11-30T13:06:00","date_gmt":"2021-11-30T12:06:00","guid":{"rendered":"http:\/\/www.tucomarca.com\/wordpress\/segunda\/?p=145196"},"modified":"2021-12-01T02:13:05","modified_gmt":"2021-12-01T01:13:05","slug":"requena-controlara-la-velocitat-dels-vehicles-per-a-evitar-accidents","status":"publish","type":"post","link":"https:\/\/www.tucomarca.com\/wordpress\/segunda\/ca\/requena-controlara-la-velocitat-dels-vehicles-per-a-evitar-accidents\/","title":{"rendered":"Requena controlar\u00e0 la velocitat dels vehicles per a evitar accidents"},"content":{"rendered":"\n<p>La policia local de Requena posa en marxa una campanya de control de velocitat, amb l&#8217;objectiu de conscienciar als conductors que transiten a una velocitat excessiva i inadequada per les diferents vies urbanes de la localitat, ja que en cas d&#8217;accident l&#8217;exc\u00e9s de velocitat agreuja considerablement les lesions de les persones i els danys en els vehicles.&nbsp;Al mateix temps, amb aquesta campanya es pret\u00e9n reduir la sinistralitat dels carrers, evitant possibles accidents de tr\u00e0nsit i els danys que aquests pogueren ocasionar.<\/p>\n\n\n\n<p>La iniciativa &#8220;es pot executar gr\u00e0cies a que la policia local&nbsp; compta amb un cinem\u00f2metre, un dispositiu destinat a mesurar la velocitat de circulaci\u00f3 dels vehicles de motor en les vies p\u00fabliques&#8221; afirmen des del consistori.<\/p>\n\n\n\n<p>Els controls seran efectius a partir d&#8217;ara i es duran a terme al llarg de diversos dies, setmanes i mesos, per la qual cosa la seua instal\u00b7laci\u00f3 ser\u00e0 diferent en cada ocasi\u00f3, variant la seua ubicaci\u00f3 en diferents carrers, travessies&nbsp; o circumval\u00b7lacions, tant del nucli urb\u00e0 com dels llogarets del terme municipal. Informa,&nbsp;<strong>Luis Ib\u00e1\u00f1ez.<\/strong><\/p>\n\n\n\n<p><\/p>\n","protected":false},"excerpt":{"rendered":"<div class=\"mh-excerpt\">La policia local de Requena posa en marxa una campanya de control de velocitat, amb l&#8217;objectiu de conscienciar als conductors que transiten a una velocitat excessiva i inadequada per les diferents vies urbanes de la <a class=\"mh-excerpt-more\" href=\"https:\/\/www.tucomarca.com\/wordpress\/segunda\/ca\/requena-controlara-la-velocitat-dels-vehicles-per-a-evitar-accidents\/\" title=\"Requena controlar\u00e0 la velocitat dels vehicles per a evitar accidents\">[+] <\/a><\/div>\n","protected":false},"author":1,"featured_media":145121,"comment_status":"open","ping_status":"open","sticky":false,"template":"","format":"standard","meta":{"footnotes":""},"categories":[10948,10894,10947,10908,10909,10896],"tags":[15967,13052,11099,10910],"class_list":{"0":"post-145196","1":"post","2":"type-post","3":"status-publish","4":"format-standard","5":"has-post-thumbnail","7":"category-infraestructuras-ca","8":"category-la-comarca-ca","9":"category-politica","10":"category-requena-ca","11":"category-requena-utiel-ca","12":"category-seccion-ca","13":"tag-control-de-velocidad-ca","14":"tag-policia-local-de-requena-ca","15":"tag-requena-ca","16":"tag-requena-utiel-ca"},"_links":{"self":[{"href":"https:\/\/www.tucomarca.com\/wordpress\/segunda\/ca\/wp-json\/wp\/v2\/posts\/145196","targetHints":{"allow":["GET"]}}],"collection":[{"href":"https:\/\/www.tucomarca.com\/wordpress\/segunda\/ca\/wp-json\/wp\/v2\/posts"}],"about":[{"href":"https:\/\/www.tucomarca.com\/wordpress\/segunda\/ca\/wp-json\/wp\/v2\/types\/post"}],"author":[{"embeddable":true,"href":"https:\/\/www.tucomarca.com\/wordpress\/segunda\/ca\/wp-json\/wp\/v2\/users\/1"}],"replies":[{"embeddable":true,"href":"https:\/\/www.tucomarca.com\/wordpress\/segunda\/ca\/wp-json\/wp\/v2\/comments?post=145196"}],"version-history":[{"count":0,"href":"https:\/\/www.tucomarca.com\/wordpress\/segunda\/ca\/wp-json\/wp\/v2\/posts\/145196\/revisions"}],"wp:featuredmedia":[{"embeddable":true,"href":"https:\/\/www.tucomarca.com\/wordpress\/segunda\/ca\/wp-json\/wp\/v2\/media\/145121"}],"wp:attachment":[{"href":"https:\/\/www.tucomarca.com\/wordpress\/segunda\/ca\/wp-json\/wp\/v2\/media?parent=145196"}],"wp:term":[{"taxonomy":"category","embeddable":true,"href":"https:\/\/www.tucomarca.com\/wordpress\/segunda\/ca\/wp-json\/wp\/v2\/categories?post=145196"},{"taxonomy":"post_tag","embeddable":true,"href":"https:\/\/www.tucomarca.com\/wordpress\/segunda\/ca\/wp-json\/wp\/v2\/tags?post=145196"}],"curies":[{"name":"wp","href":"https:\/\/api.w.org\/{rel}","templated":true}]}}