{"id":145203,"date":"2021-11-30T19:00:00","date_gmt":"2021-11-30T18:00:00","guid":{"rendered":"http:\/\/www.tucomarca.com\/wordpress\/segunda\/?p=145203"},"modified":"2021-12-01T02:02:48","modified_gmt":"2021-12-01T01:02:48","slug":"sanitat-notifica-1-149-nous-casos-de-coronavirus-654-altes-i-6-defuncions-en-la-comunitat-valenciana","status":"publish","type":"post","link":"https:\/\/www.tucomarca.com\/wordpress\/segunda\/ca\/sanitat-notifica-1-149-nous-casos-de-coronavirus-654-altes-i-6-defuncions-en-la-comunitat-valenciana\/","title":{"rendered":"Sanitat notifica 1.149 nous casos de coronavirus, 654 altes i 6 defuncions en la Comunitat Valenciana"},"content":{"rendered":"\n<h4 class=\"wp-block-heading\">Per prov\u00edncies: 202 casos registrats a Castell\u00f3, 357 a Alacant i 590 a Val\u00e8ncia<\/h4>\n\n\n\n<h4 class=\"wp-block-heading\">Els hospitals valencians tenen 435 persones ingressades, 75 d&#8217;elles en l&#8217;UCI<\/h4>\n\n\n\n<p>La Conselleria de Sanitat Universal i Salut P\u00fablica ha notificat 1.149 nous casos de coronavirus confirmats per prova PCR o a trav\u00e9s de test d&#8217;ant\u00edgens. Amb aquesta actualitzaci\u00f3, la xifra total de positius se situa en 532.565 persones. Els nous casos per prov\u00edncies s\u00f3n 202 a Castell\u00f3 (57.675 en total); 357 a Alacant (194.332) i 590 a Val\u00e8ncia (280.557). La xifra de casos no assignats es mant\u00e9 en 1.&nbsp;<\/p>\n\n\n\n<p>D&#8217;altra banda, s&#8217;han registrat 654 altes a pacients amb coronavirus. D&#8217;aquesta manera, el nombre de persones que han superat la malaltia des que va comen\u00e7ar la pand\u00e8mia en la Comunitat Valenciana ascendeix a 525.035 persones. Per prov\u00edncies, les altes es distribueixen aix\u00ed: 56.542 a Castell\u00f3, 191.760 a Alacant i 276.677 a Val\u00e8ncia. El total d&#8217;altes no assignades es mant\u00e9 en 56.<\/p>\n\n\n\n<p>Els hospitals valencians tenen, actualment, 435 persones ingressades, 75 d&#8217;elles en l&#8217;UCI: 90 a la prov\u00edncia de Castell\u00f3, 10 en UCI; 145 a la prov\u00edncia d&#8217;Alacant, 30 d&#8217;elles en l&#8217;UCI; i 200 a la prov\u00edncia de Val\u00e8ncia, 35 en UCI.&nbsp;<\/p>\n\n\n\n<p>S&#8217;han registrat sis defuncions per coronavirus des de l&#8217;\u00faltima actualitzaci\u00f3, persones d&#8217;entre 57 i 96 anys, per la qual cosa el total de decessos des de l&#8217;inici de la pand\u00e8mia ascendeix a 7.923: 872 a la prov\u00edncia de Castell\u00f3, 3.049 en la d&#8217;Alacant i 4.002 en la de Val\u00e8ncia.&nbsp;<\/p>\n\n\n\n<p>D&#8217;acord amb les dades registrades, en aquests moments hi ha 11.048 casos actius, la qual cosa suposa un 2,03% del total de positius.&nbsp;<\/p>\n\n\n\n<p>Des de l&#8217;\u00faltima actualitzaci\u00f3, s&#8217;han notificat dos brots de 10 o m\u00e9s casos:<\/p>\n\n\n\n<ul class=\"wp-block-list\"><li>Castell\u00f3 de la Plana: 14 casos. \u00c0mbit laboral<\/li><\/ul>\n\n\n\n<ul class=\"wp-block-list\"><li>Dolores: 11 casos. \u00c0mbit educatiu<\/li><\/ul>\n\n\n\n<p><\/p>\n","protected":false},"excerpt":{"rendered":"<div class=\"mh-excerpt\">Per prov\u00edncies: 202 casos registrats a Castell\u00f3, 357 a Alacant i 590 a Val\u00e8ncia Els hospitals valencians tenen 435 persones ingressades, 75 d&#8217;elles en l&#8217;UCI La Conselleria de Sanitat Universal i Salut P\u00fablica ha notificat <a class=\"mh-excerpt-more\" href=\"https:\/\/www.tucomarca.com\/wordpress\/segunda\/ca\/sanitat-notifica-1-149-nous-casos-de-coronavirus-654-altes-i-6-defuncions-en-la-comunitat-valenciana\/\" title=\"Sanitat notifica 1.149 nous casos de coronavirus, 654 altes i 6 defuncions en la Comunitat Valenciana\">[+] <\/a><\/div>\n","protected":false},"author":1,"featured_media":139272,"comment_status":"open","ping_status":"open","sticky":false,"template":"","format":"standard","meta":{"footnotes":""},"categories":[11010,12202,10898,10948,10894,10904,10903,10947,10896,10897],"tags":[12165,11939,11940,13477,14619,13963],"class_list":{"0":"post-145203","1":"post","2":"type-post","3":"status-publish","4":"format-standard","5":"has-post-thumbnail","7":"category-canal-salud","8":"category-covid-19-ca","9":"category-ventana-ca","10":"category-infraestructuras-ca","11":"category-la-comarca-ca","12":"category-sin-categorizar-ca","13":"category-medio-ambiente-la-comarca-ca","14":"category-politica","15":"category-seccion-ca","16":"category-sucesos-la-comarca-ca","17":"tag-conselleria-de-sanitat-ca","18":"tag-coronavirus-ca","19":"tag-covid-19-ca","20":"tag-datos-de-contagios-ca","21":"tag-vacuna-ca","22":"tag-vacunacion-ca"},"_links":{"self":[{"href":"https:\/\/www.tucomarca.com\/wordpress\/segunda\/ca\/wp-json\/wp\/v2\/posts\/145203","targetHints":{"allow":["GET"]}}],"collection":[{"href":"https:\/\/www.tucomarca.com\/wordpress\/segunda\/ca\/wp-json\/wp\/v2\/posts"}],"about":[{"href":"https:\/\/www.tucomarca.com\/wordpress\/segunda\/ca\/wp-json\/wp\/v2\/types\/post"}],"author":[{"embeddable":true,"href":"https:\/\/www.tucomarca.com\/wordpress\/segunda\/ca\/wp-json\/wp\/v2\/users\/1"}],"replies":[{"embeddable":true,"href":"https:\/\/www.tucomarca.com\/wordpress\/segunda\/ca\/wp-json\/wp\/v2\/comments?post=145203"}],"version-history":[{"count":0,"href":"https:\/\/www.tucomarca.com\/wordpress\/segunda\/ca\/wp-json\/wp\/v2\/posts\/145203\/revisions"}],"wp:featuredmedia":[{"embeddable":true,"href":"https:\/\/www.tucomarca.com\/wordpress\/segunda\/ca\/wp-json\/wp\/v2\/media\/139272"}],"wp:attachment":[{"href":"https:\/\/www.tucomarca.com\/wordpress\/segunda\/ca\/wp-json\/wp\/v2\/media?parent=145203"}],"wp:term":[{"taxonomy":"category","embeddable":true,"href":"https:\/\/www.tucomarca.com\/wordpress\/segunda\/ca\/wp-json\/wp\/v2\/categories?post=145203"},{"taxonomy":"post_tag","embeddable":true,"href":"https:\/\/www.tucomarca.com\/wordpress\/segunda\/ca\/wp-json\/wp\/v2\/tags?post=145203"}],"curies":[{"name":"wp","href":"https:\/\/api.w.org\/{rel}","templated":true}]}}