{"id":145209,"date":"2021-11-30T12:00:00","date_gmt":"2021-11-30T11:00:00","guid":{"rendered":"http:\/\/www.tucomarca.com\/wordpress\/segunda\/?p=145209"},"modified":"2021-12-01T02:00:33","modified_gmt":"2021-12-01T01:00:33","slug":"riba-roja-acull-les-iv-jornades-deconomia-circular-sota-el-titol-el-residu-com-a-valor-de-futur","status":"publish","type":"post","link":"https:\/\/www.tucomarca.com\/wordpress\/segunda\/ca\/riba-roja-acull-les-iv-jornades-deconomia-circular-sota-el-titol-el-residu-com-a-valor-de-futur\/","title":{"rendered":"Riba-roja acull les IV Jornades d&#8217;Economia Circular sota el t\u00edtol \u201cEl Residu com a valor de futur\u201d"},"content":{"rendered":"\n<h4 class=\"wp-block-heading\">El reciclatge ser\u00e0 l&#8217;eix central de les jornada del dimecres i el dijous&nbsp;<\/h4>\n\n\n\n<p>La localitat de Riba-roja de T\u00faria acollir\u00e0 dem\u00e0 dimecres i dijous que ve les IV Jornades sobre Economia Circular 2021 sota el t\u00edtol \u201cEl Residu com a valor de futur\u201d que tindr\u00e0 lloc as Castell del municipi. Les jornades han sigut organitzades per l&#8217;Ajuntament de Riba-roja de T\u00faria, a trav\u00e9s del programa EcoRiba, l&#8217;Institut Aidimme (Institut metalmec\u00e1nico, mobles, fusta, embalatge i afins) i el Consorci Val\u00e8ncia Interior (CVI).&nbsp;<\/p>\n\n\n\n<p>La jornada de dem\u00e0 s&#8217;iniciar\u00e0 as Castell amb una recepci\u00f3 als assistents a les 9.30 hores, seguida a les 9.45 hores amb la inauguraci\u00f3 a c\u00e0rrec de l&#8217;alcalde de Riba-roja de T\u00faria, Robert Raga, a la qual continuar\u00e0 la presentaci\u00f3 del \u201cObservatori de Simbiosi Industrial\u201d, amb Alicia P\u00e9rez Torres, cap de secci\u00f3 de gesti\u00f3 de processos i sostenibilitat de Aidimme.&nbsp;<\/p>\n\n\n\n<p>Luc\u00eda Jord\u00e1 Ferrando, t\u00e8cnica de secci\u00f3 de gesti\u00f3 de processos i sostenibilitat de Aidimme amb la presentaci\u00f3 de Insylay\/Symbinet, a les 10.25 hores. A continuaci\u00f3, les bones pr\u00e0ctiques i casos d&#8217;\u00e8xit s&#8217;exposaran en \u201cSimbiosi Industrial\u201d, amb Ana Hurtada Ruiz, t\u00e8cnic de secci\u00f3 de gesti\u00f3 de processos i sostenibilitat Aidimmme. Despr\u00e9s d&#8217;una pausa, la jornada conclour\u00e0 amb una explicaci\u00f3 din\u00e0mica de taller amb Joan Pau Plaza, t\u00e8cnic secci\u00f3 gesti\u00f3 de processos i sostenibilitat de Aidimme. Un networking i identificaci\u00f3 de sinergies i les conclusions del taller completaran el mat\u00ed.&nbsp;<\/p>\n\n\n\n<p>A la vesprada, est\u00e0 prevista la Gala de lliurament dels Premis de EcoRiba, que han correspost a Docks Logistic en EcoRiba Circular, Associaci\u00f3 d&#8217;Aficionats a la Fotografia en EcoRiba Paisatge, el primer premi al CEIP Mes d\u2019Escote i el segon a Val\u00e8ncia Adventure en EcoRiba Educatiu, Enrique Jarab\u00fa en EcoRiba Honor\u00edfic i, finalment, EcoRiba Difusi\u00f3 per al programa \u201cAc\u00ed la Terra\u201d de Televisi\u00f3 Espanyola.&nbsp;<\/p>\n\n\n\n<p>Aquestes jornades sobre l&#8217;economia circular conclour\u00e0 el dijous 2 de desembre amb la intervenci\u00f3 de Mikel Vela t\u00e8cnic de compostatge del Cor en el marc de la \u201cReducci\u00f3 de Residus: compostatge\u201d.&nbsp;<\/p>\n\n\n\n<p>La recollida separada de la mat\u00e8ria org\u00e0nica ser\u00e0 l&#8217;eix central de la presentaci\u00f3 del \u201cProjecte presentat Conama 2000\u201d, a c\u00e0rrec d&#8217;\u00c1ngel \u00c1lvarez, cap de recollida de residus comarca de Pamplona. Finalment, la jornada conclour\u00e0 amb una dissertaci\u00f3 sobre \u201cRoba i moble: segones oportunitats\u201d, d&#8217;Ana Soriano Blasco, directora de desenvolupament regional de Koopera.&nbsp;<\/p>\n\n\n\n<p>L&#8217;alcalde de Riba-roja de T\u00faria, Robert Raga, ha subratllat la import\u00e0ncia \u201cd&#8217;aquestes jornades sobre economia circular en la qual s&#8217;exposaran diversos exemples del treball que s&#8217;est\u00e0 desenvolupant per part de les empreses a l&#8217;hora de conscienciar-se en la necessitat de reciclar tots els productes que ixen del sistema de producci\u00f3 tradicional com a f\u00f3rmula per a ajudar a la sostenibilitat de la nostra societat\u201d.<\/p>\n\n\n\n<p><\/p>\n","protected":false},"excerpt":{"rendered":"<div class=\"mh-excerpt\">El reciclatge ser\u00e0 l&#8217;eix central de les jornada del dimecres i el dijous&nbsp; La localitat de Riba-roja de T\u00faria acollir\u00e0 dem\u00e0 dimecres i dijous que ve les IV Jornades sobre Economia Circular 2021 sota el <a class=\"mh-excerpt-more\" href=\"https:\/\/www.tucomarca.com\/wordpress\/segunda\/ca\/riba-roja-acull-les-iv-jornades-deconomia-circular-sota-el-titol-el-residu-com-a-valor-de-futur\/\" title=\"Riba-roja acull les IV Jornades d&#8217;Economia Circular sota el t\u00edtol \u201cEl Residu com a valor de futur\u201d\">[+] <\/a><\/div>\n","protected":false},"author":12,"featured_media":140728,"comment_status":"open","ping_status":"open","sticky":false,"template":"","format":"standard","meta":{"footnotes":""},"categories":[10892,10948,10894,10903,10947,10906,10896],"tags":[10899,15187,12720,15024],"class_list":{"0":"post-145209","1":"post","2":"type-post","3":"status-publish","4":"format-standard","5":"has-post-thumbnail","7":"category-camp-de-turia-ca","8":"category-infraestructuras-ca","9":"category-la-comarca-ca","10":"category-medio-ambiente-la-comarca-ca","11":"category-politica","12":"category-riba-roja-ca","13":"category-seccion-ca","14":"tag-camp-de-turia-ca","15":"tag-economia-circular-ca","16":"tag-reciclaje-ca","17":"tag-riba-roja-de-turia-ca"},"_links":{"self":[{"href":"https:\/\/www.tucomarca.com\/wordpress\/segunda\/ca\/wp-json\/wp\/v2\/posts\/145209","targetHints":{"allow":["GET"]}}],"collection":[{"href":"https:\/\/www.tucomarca.com\/wordpress\/segunda\/ca\/wp-json\/wp\/v2\/posts"}],"about":[{"href":"https:\/\/www.tucomarca.com\/wordpress\/segunda\/ca\/wp-json\/wp\/v2\/types\/post"}],"author":[{"embeddable":true,"href":"https:\/\/www.tucomarca.com\/wordpress\/segunda\/ca\/wp-json\/wp\/v2\/users\/12"}],"replies":[{"embeddable":true,"href":"https:\/\/www.tucomarca.com\/wordpress\/segunda\/ca\/wp-json\/wp\/v2\/comments?post=145209"}],"version-history":[{"count":0,"href":"https:\/\/www.tucomarca.com\/wordpress\/segunda\/ca\/wp-json\/wp\/v2\/posts\/145209\/revisions"}],"wp:featuredmedia":[{"embeddable":true,"href":"https:\/\/www.tucomarca.com\/wordpress\/segunda\/ca\/wp-json\/wp\/v2\/media\/140728"}],"wp:attachment":[{"href":"https:\/\/www.tucomarca.com\/wordpress\/segunda\/ca\/wp-json\/wp\/v2\/media?parent=145209"}],"wp:term":[{"taxonomy":"category","embeddable":true,"href":"https:\/\/www.tucomarca.com\/wordpress\/segunda\/ca\/wp-json\/wp\/v2\/categories?post=145209"},{"taxonomy":"post_tag","embeddable":true,"href":"https:\/\/www.tucomarca.com\/wordpress\/segunda\/ca\/wp-json\/wp\/v2\/tags?post=145209"}],"curies":[{"name":"wp","href":"https:\/\/api.w.org\/{rel}","templated":true}]}}