{"id":145233,"date":"2021-11-30T09:07:00","date_gmt":"2021-11-30T08:07:00","guid":{"rendered":"http:\/\/www.tucomarca.com\/wordpress\/segunda\/?p=145233"},"modified":"2021-12-01T15:37:14","modified_gmt":"2021-12-01T14:37:14","slug":"riba-roja-incorpora-cinc-compromisos-per-a-augmentar-la-participacio-de-les-pimes-en-els-contractes-publics-i-constitueix-una-bustia-de-suggeriments-per-als-ciutadans","status":"publish","type":"post","link":"https:\/\/www.tucomarca.com\/wordpress\/segunda\/ca\/riba-roja-incorpora-cinc-compromisos-per-a-augmentar-la-participacio-de-les-pimes-en-els-contractes-publics-i-constitueix-una-bustia-de-suggeriments-per-als-ciutadans\/","title":{"rendered":"Riba-roja incorpora cinc compromisos per a augmentar la participaci\u00f3 de les pimes en els contractes p\u00fablics i constitueix una b\u00fastia de suggeriments per als ciutadans"},"content":{"rendered":"\n<h4 class=\"wp-block-heading\">El ple aprova per unanimitat les propostes municipals&nbsp;<\/h4>\n\n\n\n<p>L&#8217;Ajuntament de Riba-roja de T\u00faria ha aprovat la incorporaci\u00f3 de cinc compromisos per al foment de la participaci\u00f3 p\u00fablica en la contractaci\u00f3 municipal a trav\u00e9s del programa \u201cRibalicita Responsive\u201d. La proposta de l&#8217;equip de govern del PSPV ha comptat amb el vot favorable i un\u00e0nime de la resta de grups: el Partit Popular, Ciutadans, Comprom\u00eds, Esquerra Unida, Podemos Riba-roja Pot i Vox.&nbsp;<\/p>\n\n\n\n<p>La proposta municipal aprovada es fixa com un dels seus objectius desenvolupar i potenciar el \u201cprincipi d&#8217;integritat\u201d a l&#8217;hora d&#8217;iniciar els diversos procediments p\u00fablics sobre contractaci\u00f3 p\u00fablica. Per a aix\u00f2, es val de les directives europees que contemplen diversos aspectes com el principi de transpar\u00e8ncia o el codi de Compliance sobre mat\u00e8ries de prevenci\u00f3 per a evitar interessos o raons \u00e8tiques per part dels funcionaris o t\u00e8cnics que intervenen en el proc\u00e9s.&nbsp;<\/p>\n\n\n\n<p>El ple considera fonamental incorporar \u201cla cultura de la integritat\u201d fonamentada en la inalterable vocaci\u00f3 de servei p\u00fablic que ha de presidir qualsevol actuaci\u00f3 administrativa, a trav\u00e9s de l&#8217;impuls de la participaci\u00f3 en mat\u00e8ria de contractaci\u00f3 p\u00fablica. Per aix\u00f2, l&#8217;ajuntament augmentar\u00e0 la participaci\u00f3 a trav\u00e9s d&#8217;un equip multidisciplinari format pels departaments de Contractaci\u00f3, Transpar\u00e8ncia i Participaci\u00f3 Ciutadana i Ag\u00e8ncia de Desenvolupament Local.&nbsp;<\/p>\n\n\n\n<p>Per aix\u00f2, el programa \u201cRibalicita Responsive\u201d consisteix en l&#8217;aplicaci\u00f3 de cinc compromisos ciutadans per a fomentar una contractaci\u00f3 p\u00fablica \u201cemp\u00e0tica i participativa\u201d, amb una major accessibilitat i proximitat, amb m\u00e9s canals de comunicaci\u00f3, una potenciaci\u00f3 de les xarxes socials, o un refor\u00e7 de la publicitat activa mitjan\u00e7ant sistemes d&#8217;informaci\u00f3, tant documentals com visuals.&nbsp;<br>El segon comprom\u00eds de Riba-roja de T\u00faria es basar\u00e0 en la presentaci\u00f3 del pla de contractaci\u00f3 a les pimes i teixit empresarial, de manera que totes elles tinguen informaci\u00f3 sobre aquest tema, de manera que l&#8217;ajuntament es compromet a organitzar una presentaci\u00f3 p\u00fablica oberta a tota la ciutadania presencial i retransmesa en directe dins del mes posterior a la seua publicaci\u00f3.&nbsp;<\/p>\n\n\n\n<p>El tercer comprom\u00eds es basa en l&#8217;Oficina d&#8217;Atenci\u00f3 al Licitador que es va crear al febrer de 2018 dotada d&#8217;una Carta de Serveis que recull tots els serveis que s&#8217;ofereixen als licitadors, aix\u00ed com tots els canals d&#8217;atenci\u00f3, per al que es fa necessari augmentar el grau de coneixement ciutad\u00e0 a trav\u00e9s d&#8217;una jornada de portes obertes a demanda.&nbsp;<\/p>\n\n\n\n<p>Un altre dels principis que es potenciar\u00e0 \u00e9s la professionalitzaci\u00f3 i formaci\u00f3 gratu\u00efta a pimes, amb accions formatives perqu\u00e8 res impedeix la seua participaci\u00f3 en els contractes p\u00fablics \u201cperqu\u00e8 ning\u00fa es quede arrere\u201d. Per aix\u00f2, de manera trimestral l&#8217;ajuntament organitzar\u00e0 accions formatives a trav\u00e9s de diversos mitjans de comunicaci\u00f3 com webinar, presencial o a dist\u00e0ncia.&nbsp;<\/p>\n\n\n\n<p>Finalment, el dec\u00e0leg de principis que s&#8217;apliquen en el programa Ribalicita pret\u00e9n con\u00e9ixer les propostes, els suggeriments o les opinions de les pimes, aut\u00f2noms i possibles licitadors o de la ciutadania en general, i, per aix\u00f2, s&#8217;implantaran enquestes d&#8217;opini\u00f3 en cada licitaci\u00f3, en l&#8217;oficina d&#8217;atenci\u00f3 al licitador o en les accions formatives. Es constituir\u00e0 una b\u00fastia de suggeriments perqu\u00e8 qualsevol ciutad\u00e0 puga expressar la seua opini\u00f3, suggeriment o proposta, entre altres.&nbsp;<\/p>\n\n\n\n<p>L&#8217;alcalde de Riba-roja de T\u00faria, Robert Raga, ha assenyalat que la incorporaci\u00f3 dels cinc compromisos \u201cobeeix a una ra\u00f3 molt ferma i decidisca de l&#8217;actual equip de govern per augmentar les vies de participaci\u00f3 en qualsevol proc\u00e9s de licitaci\u00f3 com a eix principal d&#8217;una societat oberta i plural, en la qual tots les empreses i aut\u00f2noms tinguen les mateixes oportunitats i drets\u201d.<\/p>\n\n\n\n<p><\/p>\n","protected":false},"excerpt":{"rendered":"<div class=\"mh-excerpt\">El ple aprova per unanimitat les propostes municipals&nbsp; L&#8217;Ajuntament de Riba-roja de T\u00faria ha aprovat la incorporaci\u00f3 de cinc compromisos per al foment de la participaci\u00f3 p\u00fablica en la contractaci\u00f3 municipal a trav\u00e9s del programa <a class=\"mh-excerpt-more\" href=\"https:\/\/www.tucomarca.com\/wordpress\/segunda\/ca\/riba-roja-incorpora-cinc-compromisos-per-a-augmentar-la-participacio-de-les-pimes-en-els-contractes-publics-i-constitueix-una-bustia-de-suggeriments-per-als-ciutadans\/\" title=\"Riba-roja incorpora cinc compromisos per a augmentar la participaci\u00f3 de les pimes en els contractes p\u00fablics i constitueix una b\u00fastia de suggeriments per als ciutadans\">[+] <\/a><\/div>\n","protected":false},"author":12,"featured_media":126424,"comment_status":"open","ping_status":"open","sticky":false,"template":"","format":"standard","meta":{"footnotes":""},"categories":[10892,10948,10894,10947,10906,10896],"tags":[10899,13595,13765,15024],"class_list":{"0":"post-145233","1":"post","2":"type-post","3":"status-publish","4":"format-standard","5":"has-post-thumbnail","7":"category-camp-de-turia-ca","8":"category-infraestructuras-ca","9":"category-la-comarca-ca","10":"category-politica","11":"category-riba-roja-ca","12":"category-seccion-ca","13":"tag-camp-de-turia-ca","14":"tag-contratos-publicos-ca","15":"tag-pymes-ca","16":"tag-riba-roja-de-turia-ca"},"_links":{"self":[{"href":"https:\/\/www.tucomarca.com\/wordpress\/segunda\/ca\/wp-json\/wp\/v2\/posts\/145233","targetHints":{"allow":["GET"]}}],"collection":[{"href":"https:\/\/www.tucomarca.com\/wordpress\/segunda\/ca\/wp-json\/wp\/v2\/posts"}],"about":[{"href":"https:\/\/www.tucomarca.com\/wordpress\/segunda\/ca\/wp-json\/wp\/v2\/types\/post"}],"author":[{"embeddable":true,"href":"https:\/\/www.tucomarca.com\/wordpress\/segunda\/ca\/wp-json\/wp\/v2\/users\/12"}],"replies":[{"embeddable":true,"href":"https:\/\/www.tucomarca.com\/wordpress\/segunda\/ca\/wp-json\/wp\/v2\/comments?post=145233"}],"version-history":[{"count":0,"href":"https:\/\/www.tucomarca.com\/wordpress\/segunda\/ca\/wp-json\/wp\/v2\/posts\/145233\/revisions"}],"wp:featuredmedia":[{"embeddable":true,"href":"https:\/\/www.tucomarca.com\/wordpress\/segunda\/ca\/wp-json\/wp\/v2\/media\/126424"}],"wp:attachment":[{"href":"https:\/\/www.tucomarca.com\/wordpress\/segunda\/ca\/wp-json\/wp\/v2\/media?parent=145233"}],"wp:term":[{"taxonomy":"category","embeddable":true,"href":"https:\/\/www.tucomarca.com\/wordpress\/segunda\/ca\/wp-json\/wp\/v2\/categories?post=145233"},{"taxonomy":"post_tag","embeddable":true,"href":"https:\/\/www.tucomarca.com\/wordpress\/segunda\/ca\/wp-json\/wp\/v2\/tags?post=145233"}],"curies":[{"name":"wp","href":"https:\/\/api.w.org\/{rel}","templated":true}]}}