{"id":145240,"date":"2021-11-26T19:45:00","date_gmt":"2021-11-26T18:45:00","guid":{"rendered":"http:\/\/www.tucomarca.com\/wordpress\/segunda\/?p=145240"},"modified":"2021-12-01T15:30:14","modified_gmt":"2021-12-01T14:30:14","slug":"utiel-implanta-formacio-especifica-sobre-violencia-de-genere","status":"publish","type":"post","link":"https:\/\/www.tucomarca.com\/wordpress\/segunda\/ca\/utiel-implanta-formacio-especifica-sobre-violencia-de-genere\/","title":{"rendered":"Utiel implanta formaci\u00f3 espec\u00edfica sobre viol\u00e8ncia de g\u00e8nere"},"content":{"rendered":"\n<p>A trav\u00e9s de la Xarxa de Municipis Protegits contra la Viol\u00e8ncia de G\u00e8nere de la Diputaci\u00f3 de Val\u00e8ncia s&#8217;ha desenvolupat un programa integral dirigit a equips multidisciplinaris del municipi especialitzats en aquesta mat\u00e8ria.<\/p>\n\n\n\n<p>El departament d&#8217;Igualtat de l&#8217;Ajuntament d&#8217;Utiel ha implantat el programa \u201cM\u00e9s Segures, M\u00e9s Iguals \u201cdirigit a tots els agents del municipi implicats en mat\u00e8ria de viol\u00e8ncia de g\u00e8nere desenvolupat a trav\u00e9s de la Xarxa de Municipis Protegits contra la Viol\u00e8ncia de G\u00e8nere de la Diputaci\u00f3 de Val\u00e8ncia, a la qual pertany el municipi d&#8217;Utiel.<br>Es tracta d&#8217;un programa integral per a la detecci\u00f3, prevenci\u00f3 i actuaci\u00f3 municipal davant la viol\u00e8ncia de g\u00e8nere dissenyat per a formar equips multidisciplinaris especialitzats a erradicar la viol\u00e8ncia de g\u00e8nere.<br>El programa ha comptat amb la intervenci\u00f3 de tots els operadors p\u00fablics que intervenen durant el proc\u00e9s d&#8217;assist\u00e8ncia a v\u00edctimes de viol\u00e8ncia de g\u00e8nere: equip d&#8217;igualtat, equip social, gabinet psicopedag\u00f2gic, atenci\u00f3 jur\u00eddica, atenci\u00f3 psicol\u00f2gica, forces i cossos de seguretat, centres d&#8217;atenci\u00f3 sanit\u00e0ria, centres escolars etc.<br>Una formaci\u00f3 especialitzada que ha incidit en les eines i pautes a seguir per a assegurar una correcta atenci\u00f3 a les v\u00edctimes o possibles v\u00edctimes de viol\u00e8ncia de g\u00e8nere.<br>L&#8217;ajuntament d&#8217;Utiel agraeix la total predisposici\u00f3 de tots els agents del municipi implicats en aquest proc\u00e9s formatiu (Oficina d&#8217;Atenci\u00f3 a les V\u00edctimes del Delicte &#8211; OAVD Utiel , Policia Local, serveis socials, sanitaris, teixit associatiu &#8230;) per a lluitar de manera coordinada i efectiva contra aquesta xacra social.<\/p>\n\n\n\n<p><\/p>\n","protected":false},"excerpt":{"rendered":"<div class=\"mh-excerpt\">A trav\u00e9s de la Xarxa de Municipis Protegits contra la Viol\u00e8ncia de G\u00e8nere de la Diputaci\u00f3 de Val\u00e8ncia s&#8217;ha desenvolupat un programa integral dirigit a equips multidisciplinaris del municipi especialitzats en aquesta mat\u00e8ria. El departament <a class=\"mh-excerpt-more\" href=\"https:\/\/www.tucomarca.com\/wordpress\/segunda\/ca\/utiel-implanta-formacio-especifica-sobre-violencia-de-genere\/\" title=\"Utiel implanta formaci\u00f3 espec\u00edfica sobre viol\u00e8ncia de g\u00e8nere\">[+] <\/a><\/div>\n","protected":false},"author":12,"featured_media":145239,"comment_status":"open","ping_status":"open","sticky":false,"template":"","format":"standard","meta":{"footnotes":""},"categories":[10948,10894,10947,10909,10896,11059],"tags":[13111,10910,11174,11629],"class_list":{"0":"post-145240","1":"post","2":"type-post","3":"status-publish","4":"format-standard","5":"has-post-thumbnail","7":"category-infraestructuras-ca","8":"category-la-comarca-ca","9":"category-politica","10":"category-requena-utiel-ca","11":"category-seccion-ca","12":"category-utiel-ca","13":"tag-red-de-municipios-protegidos-contra-la-violencia-de-genero-ca","14":"tag-requena-utiel-ca","15":"tag-utiel-ca","16":"tag-violencia-de-genero-ca"},"_links":{"self":[{"href":"https:\/\/www.tucomarca.com\/wordpress\/segunda\/ca\/wp-json\/wp\/v2\/posts\/145240","targetHints":{"allow":["GET"]}}],"collection":[{"href":"https:\/\/www.tucomarca.com\/wordpress\/segunda\/ca\/wp-json\/wp\/v2\/posts"}],"about":[{"href":"https:\/\/www.tucomarca.com\/wordpress\/segunda\/ca\/wp-json\/wp\/v2\/types\/post"}],"author":[{"embeddable":true,"href":"https:\/\/www.tucomarca.com\/wordpress\/segunda\/ca\/wp-json\/wp\/v2\/users\/12"}],"replies":[{"embeddable":true,"href":"https:\/\/www.tucomarca.com\/wordpress\/segunda\/ca\/wp-json\/wp\/v2\/comments?post=145240"}],"version-history":[{"count":0,"href":"https:\/\/www.tucomarca.com\/wordpress\/segunda\/ca\/wp-json\/wp\/v2\/posts\/145240\/revisions"}],"wp:featuredmedia":[{"embeddable":true,"href":"https:\/\/www.tucomarca.com\/wordpress\/segunda\/ca\/wp-json\/wp\/v2\/media\/145239"}],"wp:attachment":[{"href":"https:\/\/www.tucomarca.com\/wordpress\/segunda\/ca\/wp-json\/wp\/v2\/media?parent=145240"}],"wp:term":[{"taxonomy":"category","embeddable":true,"href":"https:\/\/www.tucomarca.com\/wordpress\/segunda\/ca\/wp-json\/wp\/v2\/categories?post=145240"},{"taxonomy":"post_tag","embeddable":true,"href":"https:\/\/www.tucomarca.com\/wordpress\/segunda\/ca\/wp-json\/wp\/v2\/tags?post=145240"}],"curies":[{"name":"wp","href":"https:\/\/api.w.org\/{rel}","templated":true}]}}