{"id":145279,"date":"2021-12-01T08:00:00","date_gmt":"2021-12-01T07:00:00","guid":{"rendered":"http:\/\/www.tucomarca.com\/wordpress\/segunda\/?p=145279"},"modified":"2021-12-02T11:55:42","modified_gmt":"2021-12-02T10:55:42","slug":"opinio-a-boca-de-cano-per-joseh-larrazabal-3","status":"publish","type":"post","link":"https:\/\/www.tucomarca.com\/wordpress\/segunda\/ca\/opinio-a-boca-de-cano-per-joseh-larrazabal-3\/","title":{"rendered":"Opini\u00f3: A boca de can\u00f3, per J\u00f3seh Larraz\u00e1bal"},"content":{"rendered":"\n<figure class=\"wp-block-image size-large is-resized\"><img loading=\"lazy\" decoding=\"async\" src=\"http:\/\/www.tucomarca.com\/wordpress\/segunda\/wp-content\/uploads\/2021\/11\/Larrazabal-1018x1024.jpg\" alt=\"\" class=\"wp-image-144170\" width=\"148\" height=\"149\" srcset=\"https:\/\/www.tucomarca.com\/wordpress\/segunda\/wp-content\/uploads\/2021\/11\/Larrazabal-1018x1024.jpg 1018w, https:\/\/www.tucomarca.com\/wordpress\/segunda\/wp-content\/uploads\/2021\/11\/Larrazabal-298x300.jpg 298w, https:\/\/www.tucomarca.com\/wordpress\/segunda\/wp-content\/uploads\/2021\/11\/Larrazabal-290x290.jpg 290w, https:\/\/www.tucomarca.com\/wordpress\/segunda\/wp-content\/uploads\/2021\/11\/Larrazabal-768x773.jpg 768w, https:\/\/www.tucomarca.com\/wordpress\/segunda\/wp-content\/uploads\/2021\/11\/Larrazabal-1526x1536.jpg 1526w, https:\/\/www.tucomarca.com\/wordpress\/segunda\/wp-content\/uploads\/2021\/11\/Larrazabal.jpg 1575w\" sizes=\"auto, (max-width: 148px) 100vw, 148px\" \/><\/figure>\n\n\n\n<p>Ull amb la desafecci\u00f3. Cada vegada menys repercussi\u00f3 en xarxes els comentaris sobre el vcf.<br>Compte amb Merit\u00f3n i el seu llarg termini.&nbsp;<br>Estrat\u00e8gia universal?<br>La desafecci\u00f3 i el quasi nul Sentiment de pertinen\u00e7a pot portar-te a una mort afectiva i efectiva.<br>Molts haurien de deixar-se de mitjanes negres i proposar mesures dures i eficaces contra Lim.<br>La manifestaci\u00f3 del 11D&#8230;molt b\u00e9!<br>I despr\u00e9s&#8230;?<br>Cartells a MESTALLA?<br>Caldr\u00e0 anar pensant en altres alternatives o el &#8220;Sentiment&#8221; cap a aquest vcf pot estar en perill.<br>Res pitjor que una gran part de l&#8217;afici\u00f3 deixe de cabrejar-se, preocupar-se o disgustar-se per la mala marxa del vcf.<br>Res pitjor que una gran part de l&#8217;afici\u00f3 mostre indifer\u00e8ncia a quedar el13\u00ba o falta de preocupaci\u00f3 i decepci\u00f3 per anar el 10\u00e9 a 3 pts del 14\u00e9.<br>Quan aix\u00f2 s&#8217;assumeix i s&#8217;accepta com &#8220;\u00e9s el que hi ha&#8221; \u00e9s molt greu i un advertiment molt seria d&#8217;on estem i cap a on anem.<br>La indifer\u00e8ncia \u00e9s dolenta consellera, i em referisc a continuar malparlant contra Lim i ja est\u00e0.<br>LIM GO HOME !<br>I despr\u00e9s qu\u00e8??<br>Compte amb algunes opinions p\u00fabliques o publicades d&#8217;exjugadors que busquen un puestecito en el vcf o parlen a canvi d&#8217;emoluents i prebendes.<br>L&#8217;opini\u00f3 de Fernando G\u00f3mez Colomer sobre Paco Camarasa i les seues recomanacions a Gay\u00e1 i Soler s\u00f3n t\u00f2xiques. Nom\u00e9s serveixen per a crear divisi\u00f3 d&#8217;opinions i enfortir a Lim.<br>Fernando no es va anar del vcf en el seu moment perqu\u00e8 \u00e9s conformista per naturalesa, i l&#8217;oferta que li va arribar no era prou sucosa, ni esportiva ni econ\u00f2micament per a eixir del vcf i al\u00e7ar casa.<br>Molts anys com a jugador del vcf i zero t\u00edtols.<br>Jo no es com l&#8217;anomenen a aix\u00f2 per\u00f2 per a mi \u00e9s conformisme pur i dur, antiquat i obsolet. L&#8217;actitud de Fernando quan era jugador i les seues declaracions actuals buscant &#8220;premi&#8221; estan fora d&#8217;\u00f2rbita. Aix\u00ed nom\u00e9s ajudes a Merit\u00f3n, Fernando, i contribueixes a la divisi\u00f3 del Valencianisme, cosa que beneficia en gran manera a Meriton.<br>El vcf ha de lluitar per tots els t\u00edtols i les opinions i actituds com les de Fernando G\u00f3mez Comer pertanyen a un vcf del passat, obsolet, conformista i per tant mancat d&#8217;ambici\u00f3.&nbsp;<br>Fernando?<br>Mil vegades Camarasa.<br>Lluitador, ambici\u00f3s, valent i sincer.<br>I per aix\u00f2 ho van tirar del VCL (Val\u00e8ncia club de Lim).<\/p>\n","protected":false},"excerpt":{"rendered":"<div class=\"mh-excerpt\">Ull amb la desafecci\u00f3. Cada vegada menys repercussi\u00f3 en xarxes els comentaris sobre el vcf.Compte amb Merit\u00f3n i el seu llarg termini.&nbsp;Estrat\u00e8gia universal?La desafecci\u00f3 i el quasi nul Sentiment de pertinen\u00e7a pot portar-te a una <a class=\"mh-excerpt-more\" href=\"https:\/\/www.tucomarca.com\/wordpress\/segunda\/ca\/opinio-a-boca-de-cano-per-joseh-larrazabal-3\/\" title=\"Opini\u00f3: A boca de can\u00f3, per J\u00f3seh Larraz\u00e1bal\">[+] <\/a><\/div>\n","protected":false},"author":12,"featured_media":144171,"comment_status":"open","ping_status":"open","sticky":false,"template":"","format":"standard","meta":{"footnotes":""},"categories":[10911,11014,11003,10912,10896],"tags":[15972,15481,10914,12606,15380],"class_list":{"0":"post-145279","1":"post","2":"type-post","3":"status-publish","4":"format-standard","5":"has-post-thumbnail","7":"category-bunol-ca","8":"category-canal-valencia-cf-ca","9":"category-sports","10":"category-la-hoya-ca","11":"category-seccion-ca","12":"tag-a-bocajarro-ca","13":"tag-joseh-larrazabal-ca","14":"tag-la-hoya-de-bunol-chiva-ca","15":"tag-valencia-cf-ca","16":"tag-vcf-ca"},"_links":{"self":[{"href":"https:\/\/www.tucomarca.com\/wordpress\/segunda\/ca\/wp-json\/wp\/v2\/posts\/145279","targetHints":{"allow":["GET"]}}],"collection":[{"href":"https:\/\/www.tucomarca.com\/wordpress\/segunda\/ca\/wp-json\/wp\/v2\/posts"}],"about":[{"href":"https:\/\/www.tucomarca.com\/wordpress\/segunda\/ca\/wp-json\/wp\/v2\/types\/post"}],"author":[{"embeddable":true,"href":"https:\/\/www.tucomarca.com\/wordpress\/segunda\/ca\/wp-json\/wp\/v2\/users\/12"}],"replies":[{"embeddable":true,"href":"https:\/\/www.tucomarca.com\/wordpress\/segunda\/ca\/wp-json\/wp\/v2\/comments?post=145279"}],"version-history":[{"count":0,"href":"https:\/\/www.tucomarca.com\/wordpress\/segunda\/ca\/wp-json\/wp\/v2\/posts\/145279\/revisions"}],"wp:featuredmedia":[{"embeddable":true,"href":"https:\/\/www.tucomarca.com\/wordpress\/segunda\/ca\/wp-json\/wp\/v2\/media\/144171"}],"wp:attachment":[{"href":"https:\/\/www.tucomarca.com\/wordpress\/segunda\/ca\/wp-json\/wp\/v2\/media?parent=145279"}],"wp:term":[{"taxonomy":"category","embeddable":true,"href":"https:\/\/www.tucomarca.com\/wordpress\/segunda\/ca\/wp-json\/wp\/v2\/categories?post=145279"},{"taxonomy":"post_tag","embeddable":true,"href":"https:\/\/www.tucomarca.com\/wordpress\/segunda\/ca\/wp-json\/wp\/v2\/tags?post=145279"}],"curies":[{"name":"wp","href":"https:\/\/api.w.org\/{rel}","templated":true}]}}