{"id":145512,"date":"2021-12-09T08:17:00","date_gmt":"2021-12-09T07:17:00","guid":{"rendered":"http:\/\/www.tucomarca.com\/wordpress\/segunda\/?p=145512"},"modified":"2021-12-09T09:20:40","modified_gmt":"2021-12-09T08:20:40","slug":"troben-el-cos-sense-vida-del-jove-de-benaguasil-desaparegut-en-formigal","status":"publish","type":"post","link":"https:\/\/www.tucomarca.com\/wordpress\/segunda\/ca\/troben-el-cos-sense-vida-del-jove-de-benaguasil-desaparegut-en-formigal\/","title":{"rendered":"Troben el cos sense vida del jove de Benaguasil desaparegut en Formigal"},"content":{"rendered":"\n<p>El jove ve\u00ed de Benaguasil Marcos Duran Cano ha sigut trobat sense vida despr\u00e9s de desapar\u00e9ixer dissabte passat 5 de desembre mentre es trobava en Formigal (Osca).<\/p>\n\n\n\n<p>El cad\u00e0ver del jove va ser localitzat aquest dimecres prop del pub on se li va veure per \u00faltima vegada sense aparentment signes de viol\u00e8ncia.<\/p>\n\n\n\n<p>L&#8217;Ajuntament de Benaguasil ha decretat una jornada de dol oficial per la defunci\u00f3 del seu ve\u00ed.<\/p>\n","protected":false},"excerpt":{"rendered":"<div class=\"mh-excerpt\">El jove ve\u00ed de Benaguasil Marcos Duran Cano ha sigut trobat sense vida despr\u00e9s de desapar\u00e9ixer dissabte passat 5 de desembre mentre es trobava en Formigal (Osca). El cad\u00e0ver del jove va ser localitzat aquest <a class=\"mh-excerpt-more\" href=\"https:\/\/www.tucomarca.com\/wordpress\/segunda\/ca\/troben-el-cos-sense-vida-del-jove-de-benaguasil-desaparegut-en-formigal\/\" title=\"Troben el cos sense vida del jove de Benaguasil desaparegut en Formigal\">[+] <\/a><\/div>\n","protected":false},"author":1,"featured_media":137690,"comment_status":"open","ping_status":"open","sticky":false,"template":"","format":"standard","meta":{"footnotes":""},"categories":[10952,10892,10898,10894,10904,10896,10897],"tags":[11136,10899],"class_list":{"0":"post-145512","1":"post","2":"type-post","3":"status-publish","4":"format-standard","5":"has-post-thumbnail","7":"category-benaguasil-ca","8":"category-camp-de-turia-ca","9":"category-ventana-ca","10":"category-la-comarca-ca","11":"category-sin-categorizar-ca","12":"category-seccion-ca","13":"category-sucesos-la-comarca-ca","14":"tag-benaguasil-ca","15":"tag-camp-de-turia-ca"},"_links":{"self":[{"href":"https:\/\/www.tucomarca.com\/wordpress\/segunda\/ca\/wp-json\/wp\/v2\/posts\/145512","targetHints":{"allow":["GET"]}}],"collection":[{"href":"https:\/\/www.tucomarca.com\/wordpress\/segunda\/ca\/wp-json\/wp\/v2\/posts"}],"about":[{"href":"https:\/\/www.tucomarca.com\/wordpress\/segunda\/ca\/wp-json\/wp\/v2\/types\/post"}],"author":[{"embeddable":true,"href":"https:\/\/www.tucomarca.com\/wordpress\/segunda\/ca\/wp-json\/wp\/v2\/users\/1"}],"replies":[{"embeddable":true,"href":"https:\/\/www.tucomarca.com\/wordpress\/segunda\/ca\/wp-json\/wp\/v2\/comments?post=145512"}],"version-history":[{"count":0,"href":"https:\/\/www.tucomarca.com\/wordpress\/segunda\/ca\/wp-json\/wp\/v2\/posts\/145512\/revisions"}],"wp:featuredmedia":[{"embeddable":true,"href":"https:\/\/www.tucomarca.com\/wordpress\/segunda\/ca\/wp-json\/wp\/v2\/media\/137690"}],"wp:attachment":[{"href":"https:\/\/www.tucomarca.com\/wordpress\/segunda\/ca\/wp-json\/wp\/v2\/media?parent=145512"}],"wp:term":[{"taxonomy":"category","embeddable":true,"href":"https:\/\/www.tucomarca.com\/wordpress\/segunda\/ca\/wp-json\/wp\/v2\/categories?post=145512"},{"taxonomy":"post_tag","embeddable":true,"href":"https:\/\/www.tucomarca.com\/wordpress\/segunda\/ca\/wp-json\/wp\/v2\/tags?post=145512"}],"curies":[{"name":"wp","href":"https:\/\/api.w.org\/{rel}","templated":true}]}}